{"id":312321,"date":"2017-02-15T00:09:16","date_gmt":"2017-02-15T06:09:16","guid":{"rendered":"http:\/\/www.diarioimagen.net\/?p=312321"},"modified":"2017-02-15T03:39:02","modified_gmt":"2017-02-15T09:39:02","slug":"reconoce-alfredo-del-mazo-proceso-electoral-complejo","status":"publish","type":"post","link":"https:\/\/www.diarioimagen.net\/?p=312321","title":{"rendered":"Reconoce Alfredo del Mazo proceso electoral complejo"},"content":{"rendered":"<ul>\n<li><strong><em>Llama a demostrar que el PRI es la mejor oferta<\/em><\/strong><\/li>\n<\/ul>\n<p>&nbsp;<\/p>\n<div id=\"attachment_312386\" style=\"width: 470px\" class=\"wp-caption aligncenter\"><a href=\"http:\/\/www.diarioimagen.net\/?attachment_id=312386\" rel=\"attachment wp-att-312386\"><img loading=\"lazy\" decoding=\"async\" aria-describedby=\"caption-attachment-312386\" class=\"size-large wp-image-312386\" src=\"http:\/\/www.diarioimagen.net\/wp-content\/uploads\/2017\/02\/del-mazo-3058-460x259.jpg\" alt=\"\" width=\"460\" height=\"259\" srcset=\"https:\/\/www.diarioimagen.net\/wp-content\/uploads\/2017\/02\/del-mazo-3058-460x259.jpg 460w, https:\/\/www.diarioimagen.net\/wp-content\/uploads\/2017\/02\/del-mazo-3058-240x135.jpg 240w, https:\/\/www.diarioimagen.net\/wp-content\/uploads\/2017\/02\/del-mazo-3058-235x132.jpg 235w, https:\/\/www.diarioimagen.net\/wp-content\/uploads\/2017\/02\/del-mazo-3058-202x114.jpg 202w, https:\/\/www.diarioimagen.net\/wp-content\/uploads\/2017\/02\/del-mazo-3058-350x196.jpg 350w, https:\/\/www.diarioimagen.net\/wp-content\/uploads\/2017\/02\/del-mazo-3058-220x123.jpg 220w, https:\/\/www.diarioimagen.net\/wp-content\/uploads\/2017\/02\/del-mazo-3058-237x132.jpg 237w, https:\/\/www.diarioimagen.net\/wp-content\/uploads\/2017\/02\/del-mazo-3058.jpg 480w\" sizes=\"auto, (max-width: 460px) 100vw, 460px\" \/><\/a><p id=\"caption-attachment-312386\" class=\"wp-caption-text\">Alfredo del Mazo Maza afirm\u00f3 ante delegados que los pri\u00edstas tienen la oportunidad de demostrar que tienen la mejor oferta pol\u00edtica porque conocen las necesidades de la gente.<\/p><\/div>\n<p>&nbsp;<\/p>\n<p><strong>Toluca, Estado de M\u00e9xico<\/strong>.- Alfredo del Mazo Maza, precandidato \u00fanico del PRI al gobierno del Estado de M\u00e9xico, indic\u00f3 que la tarea de las delegadas y los delegados electores es una de las m\u00e1s importantes, ya que el escenario es complejo y competitivo. Sin embargo, los pri\u00edstas tienen la oportunidad de demostrar que tienen la mejor oferta pol\u00edtica porque saben escuchar y conocen las necesidades de la gente.<\/p>\n<p>Del Mazo Maza se\u00f1al\u00f3 a los 750 delegados electores reunidos en Toluca que los ah\u00ed presentes, todos, tienen algo en com\u00fan y es un aspecto que se tiene que cuidar mucho: \u201cel futuro de nuestras familias, de nuestros hijos, pues para todos nosotros lo m\u00e1s importante son nuestros hijos, comparto en ese sentido con ustedes que hay que cuidar lo m\u00e1s preciado que es nuestra familia\u201d, subray\u00f3.<\/p>\n<p>El fr\u00edo y la bruma con la que amaneci\u00f3 la tierra de los matlatzincas contrast\u00f3 con el ambiente c\u00e1lido que se sinti\u00f3 cuando, al filo de las 10 de la ma\u00f1ana, arrib\u00f3 a la reuni\u00f3n el precandidato \u00fanico del PRI. Delegados electores, mujeres y hombres, entre porras, abrazos y peticiones para tomarse la <em>selfie<\/em>, lo fueron deteniendo en su paso hasta llegar al centro de la reuni\u00f3n.<\/p>\n<p>Ah\u00ed, durante el octavo d\u00eda de encuentros con delegados electores que asistir\u00e1n a la Convenci\u00f3n Estatal el pr\u00f3ximo 3 de marzo, Del Mazo Maza subray\u00f3 que lo m\u00e1s importante es escuchar las necesidades de la gente, \u201custedes son l\u00edderes en sus comunidades, sus vecinos los buscan para que les ayuden a resolver sus inquietudes, por eso estoy aqu\u00ed, para escucharles y que me platiquen c\u00f3mo poder apoyarlos\u201d.<\/p>\n<p>Record\u00f3 que hoy como nunca en la historia, se han entregado becas para los alumnos, adem\u00e1s de que se han construido m\u00e1s escuelas y este gran apoyo a la educaci\u00f3n se ha dado como nunca en esta administraci\u00f3n.<\/p>\n<p>En este contexto, agreg\u00f3 que los pri\u00edstas saben trabajar unidos y pidi\u00f3 a las delegadas y delegados electores de Toluca, hablar con sus familias, reconocer las buenas acciones que han hecho cuando se trabaja en equipo, pues, les dijo, en sus manos est\u00e1 el futuro del PRI del Estado de M\u00e9xico<\/p>\n<p style=\"text-align: center;\"><strong>Llamado a la unidad <\/strong><\/p>\n<p>Ante delegados electores de los municipios de Zinacantepec y Almoloya de Ju\u00e1rez, el precandidato del PRI reconoci\u00f3 que se est\u00e1 ante un proceso complejo y competido, pero, dijo, estoy seguro que los pri\u00edstas tenemos la capacidad, el conocimiento y la experiencia para poder construir un mejor Estado de M\u00e9xico.<\/p>\n<p>Del Mazo Maza puntualiz\u00f3 que el pri\u00edismo mexiquense saldr\u00e1 adelante unido, porque, precisamente, la unidad es una de sus grandes fortalezas y porque los integrantes del Revolucionario Institucional comparten un elemento af\u00edn: lo importante que es para cada uno nuestras familias y nuestros hijos.<\/p>\n<p>A los asistentes les aclar\u00f3 que en este momento de la precampa\u00f1a no se pueden hacer propuestas y que en estos encuentros con las delegadas y delegados les ped\u00eda su apoyo y participaci\u00f3n en la pr\u00f3xima Convenci\u00f3n Estatal para ratificar su postulaci\u00f3n el 3 de marzo.<\/p>\n<p>&nbsp;<\/p>\n","protected":false},"excerpt":{"rendered":"<p>Alfredo del Mazo Maza, precandidato \u00fanico del PRI al gobierno del Estado de M\u00e9xico, indic\u00f3 que la tarea de las delegadas y los delegados electores es una de las m\u00e1s importantes, ya que el escenario es complejo y competitivo. Sin embargo, los pri\u00edstas tienen la oportunidad de demostrar que tienen la mejor oferta pol\u00edtica porque saben escuchar y conocen las necesidades de la gente.<\/p>\n","protected":false},"author":3,"featured_media":312386,"comment_status":"open","ping_status":"open","sticky":false,"template":"","format":"standard","meta":{"_monsterinsights_skip_tracking":false,"_monsterinsights_sitenote_active":false,"_monsterinsights_sitenote_note":"","_monsterinsights_sitenote_category":0,"footnotes":""},"categories":[5],"tags":[2505,43675,362,452],"class_list":["post-312321","post","type-post","status-publish","format-standard","has-post-thumbnail","hentry","category-estado-de-mexico","tag-alfredo-del-mazo-maza","tag-estado-de-mexico","tag-pri","tag-toluca"],"_links":{"self":[{"href":"https:\/\/www.diarioimagen.net\/index.php?rest_route=\/wp\/v2\/posts\/312321","targetHints":{"allow":["GET"]}}],"collection":[{"href":"https:\/\/www.diarioimagen.net\/index.php?rest_route=\/wp\/v2\/posts"}],"about":[{"href":"https:\/\/www.diarioimagen.net\/index.php?rest_route=\/wp\/v2\/types\/post"}],"author":[{"embeddable":true,"href":"https:\/\/www.diarioimagen.net\/index.php?rest_route=\/wp\/v2\/users\/3"}],"replies":[{"embeddable":true,"href":"https:\/\/www.diarioimagen.net\/index.php?rest_route=%2Fwp%2Fv2%2Fcomments&post=312321"}],"version-history":[{"count":0,"href":"https:\/\/www.diarioimagen.net\/index.php?rest_route=\/wp\/v2\/posts\/312321\/revisions"}],"wp:featuredmedia":[{"embeddable":true,"href":"https:\/\/www.diarioimagen.net\/index.php?rest_route=\/wp\/v2\/media\/312386"}],"wp:attachment":[{"href":"https:\/\/www.diarioimagen.net\/index.php?rest_route=%2Fwp%2Fv2%2Fmedia&parent=312321"}],"wp:term":[{"taxonomy":"category","embeddable":true,"href":"https:\/\/www.diarioimagen.net\/index.php?rest_route=%2Fwp%2Fv2%2Fcategories&post=312321"},{"taxonomy":"post_tag","embeddable":true,"href":"https:\/\/www.diarioimagen.net\/index.php?rest_route=%2Fwp%2Fv2%2Ftags&post=312321"}],"curies":[{"name":"wp","href":"https:\/\/api.w.org\/{rel}","templated":true}]}}