{"id":312466,"date":"2017-02-16T00:10:46","date_gmt":"2017-02-16T06:10:46","guid":{"rendered":"http:\/\/www.diarioimagen.net\/?p=312466"},"modified":"2017-02-16T00:06:29","modified_gmt":"2017-02-16T06:06:29","slug":"entrega-isis-avila-apoyos-a-mujeres-indigenas","status":"publish","type":"post","link":"https:\/\/www.diarioimagen.net\/?p=312466","title":{"rendered":"Entrega Isis \u00c1vila apoyos a mujeres ind\u00edgenas"},"content":{"rendered":"<ul>\n<li><strong><em>L\u00edderes comunitarias y emprendedoras de la zona norte<\/em><\/strong><\/li>\n<\/ul>\n<p>&nbsp;<\/p>\n<div id=\"attachment_312472\" style=\"width: 470px\" class=\"wp-caption aligncenter\"><a href=\"http:\/\/www.diarioimagen.net\/?attachment_id=312472\" rel=\"attachment wp-att-312472\"><img loading=\"lazy\" decoding=\"async\" aria-describedby=\"caption-attachment-312472\" class=\"wp-image-312472 size-large\" src=\"http:\/\/www.diarioimagen.net\/wp-content\/uploads\/2017\/02\/ISIS16-PORTAL-460x268.jpg\" width=\"460\" height=\"268\" srcset=\"https:\/\/www.diarioimagen.net\/wp-content\/uploads\/2017\/02\/ISIS16-PORTAL-460x268.jpg 460w, https:\/\/www.diarioimagen.net\/wp-content\/uploads\/2017\/02\/ISIS16-PORTAL-240x140.jpg 240w, https:\/\/www.diarioimagen.net\/wp-content\/uploads\/2017\/02\/ISIS16-PORTAL.jpg 480w\" sizes=\"auto, (max-width: 460px) 100vw, 460px\" \/><\/a><p id=\"caption-attachment-312472\" class=\"wp-caption-text\">La presidenta honoraria del DIFEM, Isis \u00c1vila Mu\u00f1oz, entreg\u00f3 apoyos a mujeres l\u00edderes comunitarias y emprendedoras del norte del Edomex.<\/p><\/div>\n<p>&nbsp;<\/p>\n<p><strong>Ixtlahuaca, Estado de M\u00e9xico<\/strong>.- A fin de refrendar su apoyo para que las familias ind\u00edgenas que habitan en el norte del Estado de M\u00e9xico, eleven su calidad de vida y mejoren sus oportunidades de desarrollo, Isis \u00c1vila Mu\u00f1oz, presidenta honoraria del DIF Estado de M\u00e9xico, entreg\u00f3 mil 724 tarjetas La Efectiva a mujeres l\u00edderes comunitarias y emprendedoras mazahuas.<\/p>\n<p>\u201cMe da mucho orgullo convivir con mujeres talentosas, entusiastas, pero sobre todo con personas con un c\u00famulo de experiencia en tradiciones y costumbres que con su sabidur\u00eda y transmisi\u00f3n\u00a0 de cultura a las nuevas generaciones enaltecen al territorio mexiquense dentro y fuera de nuestro pa\u00eds\u201d, expres\u00f3 la titular del DIFEM.<\/p>\n<p>Isis \u00c1vila, en compa\u00f1\u00eda de los secretarios de Desarrollo Social y Cultura del Estado de M\u00e9xico, Arturo Osornio S\u00e1nchez y Eduardo Gasca Pliego, as\u00ed como de Alejandro Castro Hern\u00e1ndez, delegado de Prospera en la entidad y\u00a0 Norma Ponce Orozco, vocal ejecutiva del Consejo Estatal de la Mujer y Bienestar Social, entreg\u00f3 est\u00edmulos econ\u00f3micos consistentes en 3 mil pesos a mujeres que coadyuvan con los tres niveles de gobierno para mejorar las condiciones de los municipios ind\u00edgenas del norte del territorio mexiquense.<\/p>\n<p>\u201cEl presidente Enrique Pe\u00f1a Nieto y el gobernador Eruviel \u00c1vila conocen sus usos y costumbres y saben que este apoyo que hoy reciben, lo van a multiplicar en beneficios para sus familias y hogares, y de eso se trata de mover al pa\u00eds con acciones\u00a0 que se reflejen en su bienestar\u00a0 y felicidad\u201d.<\/p>\n<p>&nbsp;<\/p>\n","protected":false},"excerpt":{"rendered":"<p>A fin de refrendar su apoyo para que las familias ind\u00edgenas que habitan en el norte del Estado de M\u00e9xico, eleven su calidad de vida y mejoren sus oportunidades de desarrollo, Isis \u00c1vila Mu\u00f1oz, presidenta honoraria del DIF Estado de M\u00e9xico, entreg\u00f3 mil 724 tarjetas La Efectiva a mujeres l\u00edderes comunitarias y emprendedoras mazahuas.<\/p>\n","protected":false},"author":5,"featured_media":312472,"comment_status":"open","ping_status":"open","sticky":false,"template":"","format":"standard","meta":{"_monsterinsights_skip_tracking":false,"_monsterinsights_sitenote_active":false,"_monsterinsights_sitenote_note":"","_monsterinsights_sitenote_category":0,"footnotes":""},"categories":[5],"tags":[43675,50409,10629],"class_list":["post-312466","post","type-post","status-publish","format-standard","has-post-thumbnail","hentry","category-estado-de-mexico","tag-estado-de-mexico","tag-isis-avila","tag-ixtlahuaca"],"_links":{"self":[{"href":"https:\/\/www.diarioimagen.net\/index.php?rest_route=\/wp\/v2\/posts\/312466","targetHints":{"allow":["GET"]}}],"collection":[{"href":"https:\/\/www.diarioimagen.net\/index.php?rest_route=\/wp\/v2\/posts"}],"about":[{"href":"https:\/\/www.diarioimagen.net\/index.php?rest_route=\/wp\/v2\/types\/post"}],"author":[{"embeddable":true,"href":"https:\/\/www.diarioimagen.net\/index.php?rest_route=\/wp\/v2\/users\/5"}],"replies":[{"embeddable":true,"href":"https:\/\/www.diarioimagen.net\/index.php?rest_route=%2Fwp%2Fv2%2Fcomments&post=312466"}],"version-history":[{"count":0,"href":"https:\/\/www.diarioimagen.net\/index.php?rest_route=\/wp\/v2\/posts\/312466\/revisions"}],"wp:featuredmedia":[{"embeddable":true,"href":"https:\/\/www.diarioimagen.net\/index.php?rest_route=\/wp\/v2\/media\/312472"}],"wp:attachment":[{"href":"https:\/\/www.diarioimagen.net\/index.php?rest_route=%2Fwp%2Fv2%2Fmedia&parent=312466"}],"wp:term":[{"taxonomy":"category","embeddable":true,"href":"https:\/\/www.diarioimagen.net\/index.php?rest_route=%2Fwp%2Fv2%2Fcategories&post=312466"},{"taxonomy":"post_tag","embeddable":true,"href":"https:\/\/www.diarioimagen.net\/index.php?rest_route=%2Fwp%2Fv2%2Ftags&post=312466"}],"curies":[{"name":"wp","href":"https:\/\/api.w.org\/{rel}","templated":true}]}}