{"id":312477,"date":"2017-02-16T00:11:58","date_gmt":"2017-02-16T06:11:58","guid":{"rendered":"http:\/\/www.diarioimagen.net\/?p=312477"},"modified":"2017-02-16T00:08:54","modified_gmt":"2017-02-16T06:08:54","slug":"edomex-invierte-en-prevencion-infraestructura-y-tecnologia-sobre-la-salud","status":"publish","type":"post","link":"https:\/\/www.diarioimagen.net\/?p=312477","title":{"rendered":"Garantiza GEM la salud de los mexiquenses: Eruviel \u00c1vila"},"content":{"rendered":"<ul>\n<li><strong><em>\u00a0En este a\u00f1o se construir\u00e1n 43 nuevas unidades m\u00e9dicas<\/em><\/strong><\/li>\n<\/ul>\n<p>&nbsp;<\/p>\n<div id=\"attachment_312478\" style=\"width: 470px\" class=\"wp-caption aligncenter\"><a href=\"http:\/\/www.diarioimagen.net\/?attachment_id=312478\" rel=\"attachment wp-att-312478\"><img loading=\"lazy\" decoding=\"async\" aria-describedby=\"caption-attachment-312478\" class=\"size-large wp-image-312478\" src=\"http:\/\/www.diarioimagen.net\/wp-content\/uploads\/2017\/02\/ERUVIEL-PORTAL-460x268.jpg\" alt=\"\" width=\"460\" height=\"268\" srcset=\"https:\/\/www.diarioimagen.net\/wp-content\/uploads\/2017\/02\/ERUVIEL-PORTAL-460x268.jpg 460w, https:\/\/www.diarioimagen.net\/wp-content\/uploads\/2017\/02\/ERUVIEL-PORTAL-240x140.jpg 240w, https:\/\/www.diarioimagen.net\/wp-content\/uploads\/2017\/02\/ERUVIEL-PORTAL.jpg 480w\" sizes=\"auto, (max-width: 460px) 100vw, 460px\" \/><\/a><p id=\"caption-attachment-312478\" class=\"wp-caption-text\">El gobernador Eruviel \u00c1vila particip\u00f3 en el Foro de Salud Productividad y Desarrollo, organizado por la Coparmex.<\/p><\/div>\n<p>&nbsp;<\/p>\n<p><strong>Ciudad de M\u00e9xico<\/strong>.- Al participar en el Foro de Salud Productividad y Desarrollo, organizado por la Coparmex, el gobernador Eruviel \u00c1vila Villegas afirm\u00f3 que para garantizar y mejorar la salud de los mexiquenses, el gobierno del Estado de M\u00e9xico tiene una estrategia de trabajo basada en tres puntos fundamentales, que son la prevenci\u00f3n, la construcci\u00f3n de m\u00e1s unidades m\u00e9dicas y el uso de las nuevas tecnolog\u00edas para salvar vidas.<\/p>\n<p>\u201cLa primera es la prevenci\u00f3n, aplicaci\u00f3n de ex\u00e1menes; segundo es construcci\u00f3n, remodelaci\u00f3n, aplicaci\u00f3n de unidades m\u00e9dicas, que es muy importante tener unidades m\u00e9dicas, y tercero equipamiento, tecnolog\u00eda, es muy importante que tengamos la tecnolog\u00eda de punta que hoy tienen inclusive otros pa\u00edses y otros lugares tambi\u00e9n aqu\u00ed a nivel nacional\u201d, expres\u00f3.<\/p>\n<p>En el Polyforum Siqueiros ante especialistas en materia de salud, el gobernador mexiquense detall\u00f3 que este a\u00f1o tambi\u00e9n se har\u00e1 entrega gratuita de 4 millones de vales para la realizaci\u00f3n de ex\u00e1menes de laboratorio y se llevar\u00e1n a cabo m\u00e1s de 30 millones de acciones preventivas, como acercar los servicios de salud a trav\u00e9s de unidades m\u00f3viles.<\/p>\n<p>Eruviel \u00c1vila destac\u00f3 las 43 nuevas unidades m\u00e9dicas que se construir\u00e1n, que se sumar\u00e1n a las 121 que se han realizado en los \u00faltimos cinco a\u00f1os, entre hospitales, bancos de leche, ciudades de la Salud para la Mujer y cl\u00ednicas especializadas, entre otras.<\/p>\n<p>Adem\u00e1s, se\u00f1al\u00f3 que los m\u00e1s de 11 mil millones de pesos que su administraci\u00f3n ha invertido en el sector salud, con apoyo del gobierno de la Rep\u00fablica, equivale a lo que se hab\u00eda destinado en los 20 a\u00f1os anteriores.<\/p>\n<p>En presencia del presidente nacional de Coparmex, Gustavo de Hoyos Walther, el gobernador mexiquense detall\u00f3 que mediante esta estrategia se ha logrado detectar c\u00e1ncer de mama, uterino y en ni\u00f1os en 2 mil pacientes; se ha reducido la mortalidad materna en un 30 por ciento, en 20 por ciento la mortandad en menores de un a\u00f1o y 20 por ciento en menores de 5 a\u00f1os, adem\u00e1s de que de acuerdo con el Coneval se ha reducido en 35 por ciento la carencia de servicios de salud.<\/p>\n<p>Asimismo, dijo que los servicios de salud en la entidad mexiquense han sido ampliados, por lo que actualmente se ofrecen consultas m\u00e9dicas los fines de semana, y se ha incrementado el n\u00famero de afiliados al Seguro Popular, al pasar en 2011 de 6.5 millones a los 7.2 millones en 2017.<\/p>\n","protected":false},"excerpt":{"rendered":"<p>Al participar en el Foro de Salud Productividad y Desarrollo, organizado por la Coparmex, el gobernador Eruviel \u00c1vila Villegas afirm\u00f3 que para garantizar y mejorar la salud de los mexiquenses, el gobierno del Estado de M\u00e9xico tiene una estrategia de trabajo basada en tres puntos fundamentales, que son la prevenci\u00f3n, la construcci\u00f3n de m\u00e1s unidades m\u00e9dicas y el uso de las nuevas tecnolog\u00edas para salvar vidas.<\/p>\n","protected":false},"author":5,"featured_media":312478,"comment_status":"open","ping_status":"open","sticky":false,"template":"","format":"standard","meta":{"_monsterinsights_skip_tracking":false,"_monsterinsights_sitenote_active":false,"_monsterinsights_sitenote_note":"","_monsterinsights_sitenote_category":0,"footnotes":""},"categories":[5],"tags":[204,5828,18394,43692,4149],"class_list":["post-312477","post","type-post","status-publish","format-standard","has-post-thumbnail","hentry","category-estado-de-mexico","tag-ciudad-de-mexico","tag-eruviel-avila-villegas","tag-infraestructura","tag-salud","tag-tecnologia"],"_links":{"self":[{"href":"https:\/\/www.diarioimagen.net\/index.php?rest_route=\/wp\/v2\/posts\/312477","targetHints":{"allow":["GET"]}}],"collection":[{"href":"https:\/\/www.diarioimagen.net\/index.php?rest_route=\/wp\/v2\/posts"}],"about":[{"href":"https:\/\/www.diarioimagen.net\/index.php?rest_route=\/wp\/v2\/types\/post"}],"author":[{"embeddable":true,"href":"https:\/\/www.diarioimagen.net\/index.php?rest_route=\/wp\/v2\/users\/5"}],"replies":[{"embeddable":true,"href":"https:\/\/www.diarioimagen.net\/index.php?rest_route=%2Fwp%2Fv2%2Fcomments&post=312477"}],"version-history":[{"count":0,"href":"https:\/\/www.diarioimagen.net\/index.php?rest_route=\/wp\/v2\/posts\/312477\/revisions"}],"wp:featuredmedia":[{"embeddable":true,"href":"https:\/\/www.diarioimagen.net\/index.php?rest_route=\/wp\/v2\/media\/312478"}],"wp:attachment":[{"href":"https:\/\/www.diarioimagen.net\/index.php?rest_route=%2Fwp%2Fv2%2Fmedia&parent=312477"}],"wp:term":[{"taxonomy":"category","embeddable":true,"href":"https:\/\/www.diarioimagen.net\/index.php?rest_route=%2Fwp%2Fv2%2Fcategories&post=312477"},{"taxonomy":"post_tag","embeddable":true,"href":"https:\/\/www.diarioimagen.net\/index.php?rest_route=%2Fwp%2Fv2%2Ftags&post=312477"}],"curies":[{"name":"wp","href":"https:\/\/api.w.org\/{rel}","templated":true}]}}