{"id":312515,"date":"2017-02-16T00:08:44","date_gmt":"2017-02-16T06:08:44","guid":{"rendered":"http:\/\/www.diarioimagen.net\/?p=312515"},"modified":"2017-02-16T01:36:39","modified_gmt":"2017-02-16T07:36:39","slug":"inversion-para-salvar-mas-vidas","status":"publish","type":"post","link":"https:\/\/www.diarioimagen.net\/?p=312515","title":{"rendered":"Inversi\u00f3n para salvar m\u00e1s vidas"},"content":{"rendered":"<h2>Arco Norte<\/h2>\n<h5>Jos\u00e9 Luis Monta\u00f1ez Aguilar<\/h5>\n<p>&nbsp;<\/p>\n<p><a href=\"http:\/\/www.diarioimagen.net\/?attachment_id=312574\" rel=\"attachment wp-att-312574\"><img loading=\"lazy\" decoding=\"async\" class=\"aligncenter size-large wp-image-312574\" src=\"http:\/\/www.diarioimagen.net\/wp-content\/uploads\/2017\/02\/arco-3059-460x306.jpg\" alt=\"\" width=\"460\" height=\"306\" srcset=\"https:\/\/www.diarioimagen.net\/wp-content\/uploads\/2017\/02\/arco-3059-460x306.jpg 460w, https:\/\/www.diarioimagen.net\/wp-content\/uploads\/2017\/02\/arco-3059-240x159.jpg 240w, https:\/\/www.diarioimagen.net\/wp-content\/uploads\/2017\/02\/arco-3059.jpg 700w\" sizes=\"auto, (max-width: 460px) 100vw, 460px\" \/><\/a><\/p>\n<p>&nbsp;<\/p>\n<p>Eruviel \u00c1vila Villegas afirm\u00f3 que para garantizar y mejorar la salud de los mexiquenses, el gobierno estatal tiene una estrategia de trabajo basada en la prevenci\u00f3n, la construcci\u00f3n de m\u00e1s unidades m\u00e9dicas y el uso de las nuevas tecnolog\u00edas para salvar vidas.<\/p>\n<p>Al participar en el Foro de Salud Productividad y Desarrollo, organizado por la Coparmex, detall\u00f3 que este a\u00f1o tambi\u00e9n se entregar\u00e1n gratuitamente 4 millones de vales para la realizaci\u00f3n de ex\u00e1menes de laboratorio y se realizar\u00e1n m\u00e1s de 30 millones de acciones preventivas, como acercar los servicios de salud a trav\u00e9s de unidades m\u00f3viles.<\/p>\n<p>Por ello, destac\u00f3 las 43 nuevas unidades m\u00e9dicas que se construir\u00e1n, que se sumar\u00e1n a las 121 que se han realizado en los \u00faltimos cinco a\u00f1os, entre hospitales, bancos de leche, ciudades de la Salud para la Mujer y cl\u00ednicas especializadas, entre otras.<\/p>\n<p>Adem\u00e1s, se\u00f1al\u00f3 que los m\u00e1s de 11 mil millones de pesos que su administraci\u00f3n ha invertido en el sector salud, con apoyo del gobierno de la Rep\u00fablica, equivale a lo que se hab\u00eda destinado en los 20 a\u00f1os anteriores. Eruviel \u00c1vila agreg\u00f3 que con esta estrategia se ha logrado detectar c\u00e1ncer de mama, uterino y en ni\u00f1os en 2 mil pacientes; se ha reducido la mortalidad materna en un 30 por ciento, en 20 por ciento la mortandad en menores de un a\u00f1o y 20 por ciento en menores de 5 a\u00f1os.<\/p>\n<p style=\"text-align: center;\"><strong>Coordinaci\u00f3n para continuidad de estudios de repatriados: Ana Lilia Herrera<\/strong><\/p>\n<p>Al participar en la Audiencia para el An\u00e1lisis de la Iniciativa Preferente con Proyecto de Decreto por el que se Reforman y Adicionan Diversas Disposiciones de la Ley General de Educaci\u00f3n, Ana Lilia Herrera Anzaldo, secretaria de Educaci\u00f3n estatal, se\u00f1al\u00f3 que la pol\u00edtica educativa en M\u00e9xico se basa en el respeto a los derechos humanos, por lo que las autoridades deben trabajar en coordinaci\u00f3n a efecto de que la educaci\u00f3n sea accesible, tanto para quienes residen en el pa\u00eds como para aquellos que tienen una calidad migratoria distinta.<\/p>\n<p>En esta audiencia p\u00fablica, realizada en el Senado, Ana Lilia Herrera destac\u00f3 que el Estado de M\u00e9xico ocupa el octavo lugar nacional en cuanto a cantidad de alumnos repatriados, con 10 mil 306 durante 2016, de los cuales 4.39 por ciento son ni\u00f1as, ni\u00f1os y adolescentes.<\/p>\n<p><em><a href=\"mailto:montanezaguilar@gmail.com\" target=\"_blank\">montanezaguilar@gmail.com<\/a><\/em><\/p>\n","protected":false},"excerpt":{"rendered":"<p><span style=\"color: #005497;\">Jos\u00e9 Luis Monta\u00f1ez Aguilar<\/span><br \/>\n<br \/>\nEruviel \u00c1vila Villegas afirm\u00f3 que para garantizar y mejorar la salud de los mexiquenses, el gobierno estatal tiene una estrategia de trabajo basada en la prevenci\u00f3n, la construcci\u00f3n de m\u00e1s unidades m\u00e9dicas y el uso de las nuevas tecnolog\u00edas para salvar vidas.<\/p>\n","protected":false},"author":3,"featured_media":312575,"comment_status":"open","ping_status":"open","sticky":false,"template":"","format":"standard","meta":{"_monsterinsights_skip_tracking":false,"_monsterinsights_sitenote_active":false,"_monsterinsights_sitenote_note":"","_monsterinsights_sitenote_category":0,"footnotes":""},"categories":[35155],"tags":[13284,43704,43674],"class_list":["post-312515","post","type-post","status-publish","format-standard","has-post-thumbnail","hentry","category-estado-de-mexico-estado-de-mexico","tag-arco-norte","tag-jose-luis-montanez-aguilar","tag-opinion"],"_links":{"self":[{"href":"https:\/\/www.diarioimagen.net\/index.php?rest_route=\/wp\/v2\/posts\/312515","targetHints":{"allow":["GET"]}}],"collection":[{"href":"https:\/\/www.diarioimagen.net\/index.php?rest_route=\/wp\/v2\/posts"}],"about":[{"href":"https:\/\/www.diarioimagen.net\/index.php?rest_route=\/wp\/v2\/types\/post"}],"author":[{"embeddable":true,"href":"https:\/\/www.diarioimagen.net\/index.php?rest_route=\/wp\/v2\/users\/3"}],"replies":[{"embeddable":true,"href":"https:\/\/www.diarioimagen.net\/index.php?rest_route=%2Fwp%2Fv2%2Fcomments&post=312515"}],"version-history":[{"count":0,"href":"https:\/\/www.diarioimagen.net\/index.php?rest_route=\/wp\/v2\/posts\/312515\/revisions"}],"wp:featuredmedia":[{"embeddable":true,"href":"https:\/\/www.diarioimagen.net\/index.php?rest_route=\/wp\/v2\/media\/312575"}],"wp:attachment":[{"href":"https:\/\/www.diarioimagen.net\/index.php?rest_route=%2Fwp%2Fv2%2Fmedia&parent=312515"}],"wp:term":[{"taxonomy":"category","embeddable":true,"href":"https:\/\/www.diarioimagen.net\/index.php?rest_route=%2Fwp%2Fv2%2Fcategories&post=312515"},{"taxonomy":"post_tag","embeddable":true,"href":"https:\/\/www.diarioimagen.net\/index.php?rest_route=%2Fwp%2Fv2%2Ftags&post=312515"}],"curies":[{"name":"wp","href":"https:\/\/api.w.org\/{rel}","templated":true}]}}