{"id":312526,"date":"2017-02-16T00:07:04","date_gmt":"2017-02-16T06:07:04","guid":{"rendered":"http:\/\/www.diarioimagen.net\/?p=312526"},"modified":"2017-02-16T01:39:16","modified_gmt":"2017-02-16T07:39:16","slug":"alistan-en-tultepec-la-feria-nacional-de-la-pirotecnia-2017","status":"publish","type":"post","link":"https:\/\/www.diarioimagen.net\/?p=312526","title":{"rendered":"Alistan en Tultepec la Feria Nacional de la Pirotecnia 2017"},"content":{"rendered":"<ul>\n<li><strong><em>Del 4 al 13 de marzo<\/em><\/strong><\/li>\n<\/ul>\n<p>&nbsp;<\/p>\n<div id=\"attachment_312581\" style=\"width: 470px\" class=\"wp-caption aligncenter\"><a href=\"http:\/\/www.diarioimagen.net\/?attachment_id=312581\" rel=\"attachment wp-att-312581\"><img loading=\"lazy\" decoding=\"async\" aria-describedby=\"caption-attachment-312581\" class=\"size-large wp-image-312581\" src=\"http:\/\/www.diarioimagen.net\/wp-content\/uploads\/2017\/02\/TUTEPEC-3059-460x259.jpg\" alt=\"\" width=\"460\" height=\"259\" srcset=\"https:\/\/www.diarioimagen.net\/wp-content\/uploads\/2017\/02\/TUTEPEC-3059-460x259.jpg 460w, https:\/\/www.diarioimagen.net\/wp-content\/uploads\/2017\/02\/TUTEPEC-3059-240x135.jpg 240w, https:\/\/www.diarioimagen.net\/wp-content\/uploads\/2017\/02\/TUTEPEC-3059-235x132.jpg 235w, https:\/\/www.diarioimagen.net\/wp-content\/uploads\/2017\/02\/TUTEPEC-3059-202x114.jpg 202w, https:\/\/www.diarioimagen.net\/wp-content\/uploads\/2017\/02\/TUTEPEC-3059-350x196.jpg 350w, https:\/\/www.diarioimagen.net\/wp-content\/uploads\/2017\/02\/TUTEPEC-3059-220x123.jpg 220w, https:\/\/www.diarioimagen.net\/wp-content\/uploads\/2017\/02\/TUTEPEC-3059-237x132.jpg 237w, https:\/\/www.diarioimagen.net\/wp-content\/uploads\/2017\/02\/TUTEPEC-3059.jpg 480w\" sizes=\"auto, (max-width: 460px) 100vw, 460px\" \/><\/a><p id=\"caption-attachment-312581\" class=\"wp-caption-text\">Preparan en Tultepec la XXIX Feria Nacional de la Pirotecnia 2017, una de las muestras m\u00e1s esperadas en el pa\u00eds.<\/p><\/div>\n<p>&nbsp;<\/p>\n<p><strong>Tultepec, Estado de M\u00e9xico<\/strong>.- El gobierno que preside Armando Portuguez Fuentes, alista la XXIX Feria Nacional de la Pirotecnia 2017, una de las muestras m\u00e1s esperadas en el pa\u00eds por la gran diversidad de eventos que en ella se desarrollan, y que tendr\u00e1 lugar en Tultepec, Estado de M\u00e9xico, del 4 al 13 de marzo.<\/p>\n<p>En la Capital de la Pirotecnia habr\u00e1 como cada a\u00f1o, concurso de castillos, piromusicales, bombas pirot\u00e9cnicas, jugueter\u00eda pirot\u00e9cnica, quema de <em>toritos<\/em> (Pamplonada pirot\u00e9cnica), exhibici\u00f3n de globos de cantolla, tornafiesta, bailes tradicionales y populares, presentaci\u00f3n de comediantes y ballet folkl\u00f3rico, entre otras actividades.<\/p>\n<p>Los festejos se realizan en honor a San Juan de Dios, santo patrono del gremio pirot\u00e9cnico, siendo el 8 de marzo el d\u00eda central de la fiesta, cuando tiene lugar el tradicional \u201cpase\u00edllo\u201d, que consiste en el recorrido de toros pirot\u00e9cnicos de todos tama\u00f1os por el primer cuadro del municipio, donde cada comunidad se prepara en grupo o por familia para presentar a su mejor toro, partiendo de la capilla de La Piedad, a s\u00f3lo unas cuadras del centro. La quema inicia a las 19:00 horas.<\/p>\n<p>El s\u00e1bado 4 de marzo en los terrenos de la feria, habr\u00e1 una presentaci\u00f3n de danza folkl\u00f3rica, y a las 19:30 horas la presentaci\u00f3n del comediante Carlos Bonavides, conocido como \u201cHuicho Dom\u00ednguez\u201d. A las 21:00 horas dar\u00e1 inicio el Concurso Nacional de Castillos de Torre y al terminar habr\u00e1 un baile popular con el grupo Rayito Colombiano y la M\u00e1xima Sonora.<\/p>\n<p>La festividad contin\u00faa el domingo 5 de marzo en la Concha Ac\u00fastica del centro con un desfile de bandas a las 10:00 horas, un encuentro de bandas sinf\u00f3nicas infantiles y juveniles a las 11:00 horas y un concierto monumental de bandas sinf\u00f3nicas a las 14:00 horas.<\/p>\n<p>Ese mismo d\u00eda habr\u00e1 una demostraci\u00f3n del Juego de Pelota Prehisp\u00e1nica y Concierto de Tambores \u00a0Monumentales (Huehuetls), la presentaci\u00f3n del ballet folkl\u00f3rico Eh\u00e9catl, la obra de teatro \u201cLo que el coraz\u00f3n mande\u201d, espect\u00e1culo de dragones chinos, exhibici\u00f3n de globos de cantolla gigantes, culminando con baile popular con los grupos Campeche Show y Desatado de la Sierra.<\/p>\n<p>&nbsp;<\/p>\n","protected":false},"excerpt":{"rendered":"<p>El gobierno que preside Armando Portuguez Fuentes, alista la XXIX Feria Nacional de la Pirotecnia 2017, una de las muestras m\u00e1s esperadas en el pa\u00eds por la gran diversidad de eventos que en ella se desarrollan, y que tendr\u00e1 lugar en Tultepec, Estado de M\u00e9xico, del 4 al 13 de marzo.<\/p>\n","protected":false},"author":3,"featured_media":312581,"comment_status":"open","ping_status":"open","sticky":false,"template":"","format":"standard","meta":{"_monsterinsights_skip_tracking":false,"_monsterinsights_sitenote_active":false,"_monsterinsights_sitenote_note":"","_monsterinsights_sitenote_category":0,"footnotes":""},"categories":[35155],"tags":[43675,58241,3802],"class_list":["post-312526","post","type-post","status-publish","format-standard","has-post-thumbnail","hentry","category-estado-de-mexico-estado-de-mexico","tag-estado-de-mexico","tag-feria-nacional-de-la-pirotecnia","tag-tultepec"],"_links":{"self":[{"href":"https:\/\/www.diarioimagen.net\/index.php?rest_route=\/wp\/v2\/posts\/312526","targetHints":{"allow":["GET"]}}],"collection":[{"href":"https:\/\/www.diarioimagen.net\/index.php?rest_route=\/wp\/v2\/posts"}],"about":[{"href":"https:\/\/www.diarioimagen.net\/index.php?rest_route=\/wp\/v2\/types\/post"}],"author":[{"embeddable":true,"href":"https:\/\/www.diarioimagen.net\/index.php?rest_route=\/wp\/v2\/users\/3"}],"replies":[{"embeddable":true,"href":"https:\/\/www.diarioimagen.net\/index.php?rest_route=%2Fwp%2Fv2%2Fcomments&post=312526"}],"version-history":[{"count":0,"href":"https:\/\/www.diarioimagen.net\/index.php?rest_route=\/wp\/v2\/posts\/312526\/revisions"}],"wp:featuredmedia":[{"embeddable":true,"href":"https:\/\/www.diarioimagen.net\/index.php?rest_route=\/wp\/v2\/media\/312581"}],"wp:attachment":[{"href":"https:\/\/www.diarioimagen.net\/index.php?rest_route=%2Fwp%2Fv2%2Fmedia&parent=312526"}],"wp:term":[{"taxonomy":"category","embeddable":true,"href":"https:\/\/www.diarioimagen.net\/index.php?rest_route=%2Fwp%2Fv2%2Fcategories&post=312526"},{"taxonomy":"post_tag","embeddable":true,"href":"https:\/\/www.diarioimagen.net\/index.php?rest_route=%2Fwp%2Fv2%2Ftags&post=312526"}],"curies":[{"name":"wp","href":"https:\/\/api.w.org\/{rel}","templated":true}]}}