{"id":312529,"date":"2017-02-16T00:06:15","date_gmt":"2017-02-16T06:06:15","guid":{"rendered":"http:\/\/www.diarioimagen.net\/?p=312529"},"modified":"2017-02-16T01:44:18","modified_gmt":"2017-02-16T07:44:18","slug":"promueve-metepec-la-salud-visual-de-adultos-mayores","status":"publish","type":"post","link":"https:\/\/www.diarioimagen.net\/?p=312529","title":{"rendered":"Promueve Metepec la salud visual de adultos mayores"},"content":{"rendered":"<p><a href=\"http:\/\/www.diarioimagen.net\/?attachment_id=312586\" rel=\"attachment wp-att-312586\"><img loading=\"lazy\" decoding=\"async\" class=\"aligncenter size-large wp-image-312586\" src=\"http:\/\/www.diarioimagen.net\/wp-content\/uploads\/2017\/02\/METEPEC-3059-460x307.jpg\" alt=\"\" width=\"460\" height=\"307\" srcset=\"https:\/\/www.diarioimagen.net\/wp-content\/uploads\/2017\/02\/METEPEC-3059-460x307.jpg 460w, https:\/\/www.diarioimagen.net\/wp-content\/uploads\/2017\/02\/METEPEC-3059-240x160.jpg 240w, https:\/\/www.diarioimagen.net\/wp-content\/uploads\/2017\/02\/METEPEC-3059.jpg 700w\" sizes=\"auto, (max-width: 460px) 100vw, 460px\" \/><\/a><\/p>\n<p>&nbsp;<\/p>\n<p><strong>Metepec, Estado de M\u00e9xico.-<\/strong> Con el fin de contribuir a mejorar la calidad de vida de 100 adultos mayores, la presidenta del Sistema Municipal DIF de Metepec, Gabriela Bringas Abarca, encabez\u00f3 una jornada oftalmol\u00f3gica en la Casa de D\u00eda del Adulto Mayor, ubicada en la Unidad Habitacional Andr\u00e9s Molina Enr\u00edquez.<\/p>\n<p>Tras la realizaci\u00f3n del examen de agudeza visual, los adultos mayores recibir\u00e1n de manera gratuita sus anteojos, los cuales fueron gestionados ante el DIF del Estado de M\u00e9xico.<\/p>\n<p>&nbsp;<\/p>\n","protected":false},"excerpt":{"rendered":"<p>Con el fin de contribuir a mejorar la calidad de vida de 100 adultos mayores, la presidenta del Sistema Municipal DIF de Metepec, Gabriela Bringas Abarca, encabez\u00f3 una jornada oftalmol\u00f3gica en la Casa de D\u00eda del Adulto Mayor, ubicada en la Unidad Habitacional Andr\u00e9s Molina Enr\u00edquez.<\/p>\n","protected":false},"author":3,"featured_media":312586,"comment_status":"open","ping_status":"open","sticky":false,"template":"","format":"standard","meta":{"_monsterinsights_skip_tracking":false,"_monsterinsights_sitenote_active":false,"_monsterinsights_sitenote_note":"","_monsterinsights_sitenote_category":0,"footnotes":""},"categories":[35155],"tags":[22805,43675,876],"class_list":["post-312529","post","type-post","status-publish","format-standard","has-post-thumbnail","hentry","category-estado-de-mexico-estado-de-mexico","tag-adulto-mayor","tag-estado-de-mexico","tag-metepec"],"_links":{"self":[{"href":"https:\/\/www.diarioimagen.net\/index.php?rest_route=\/wp\/v2\/posts\/312529","targetHints":{"allow":["GET"]}}],"collection":[{"href":"https:\/\/www.diarioimagen.net\/index.php?rest_route=\/wp\/v2\/posts"}],"about":[{"href":"https:\/\/www.diarioimagen.net\/index.php?rest_route=\/wp\/v2\/types\/post"}],"author":[{"embeddable":true,"href":"https:\/\/www.diarioimagen.net\/index.php?rest_route=\/wp\/v2\/users\/3"}],"replies":[{"embeddable":true,"href":"https:\/\/www.diarioimagen.net\/index.php?rest_route=%2Fwp%2Fv2%2Fcomments&post=312529"}],"version-history":[{"count":0,"href":"https:\/\/www.diarioimagen.net\/index.php?rest_route=\/wp\/v2\/posts\/312529\/revisions"}],"wp:featuredmedia":[{"embeddable":true,"href":"https:\/\/www.diarioimagen.net\/index.php?rest_route=\/wp\/v2\/media\/312586"}],"wp:attachment":[{"href":"https:\/\/www.diarioimagen.net\/index.php?rest_route=%2Fwp%2Fv2%2Fmedia&parent=312529"}],"wp:term":[{"taxonomy":"category","embeddable":true,"href":"https:\/\/www.diarioimagen.net\/index.php?rest_route=%2Fwp%2Fv2%2Fcategories&post=312529"},{"taxonomy":"post_tag","embeddable":true,"href":"https:\/\/www.diarioimagen.net\/index.php?rest_route=%2Fwp%2Fv2%2Ftags&post=312529"}],"curies":[{"name":"wp","href":"https:\/\/api.w.org\/{rel}","templated":true}]}}