{"id":312533,"date":"2017-02-16T00:04:34","date_gmt":"2017-02-16T06:04:34","guid":{"rendered":"http:\/\/www.diarioimagen.net\/?p=312533"},"modified":"2017-02-16T01:46:10","modified_gmt":"2017-02-16T07:46:10","slug":"la-policia-de-naucalpan-orienta-sobre-navegacion-en-internet","status":"publish","type":"post","link":"https:\/\/www.diarioimagen.net\/?p=312533","title":{"rendered":"La polic\u00eda de Naucalpan orienta sobre navegaci\u00f3n en Internet"},"content":{"rendered":"<ul>\n<li><strong><em>Responsabilidad en uso de las redes sociales<\/em><\/strong><\/li>\n<\/ul>\n<p>&nbsp;<\/p>\n<div id=\"attachment_312593\" style=\"width: 470px\" class=\"wp-caption aligncenter\"><a href=\"http:\/\/www.diarioimagen.net\/?attachment_id=312593\" rel=\"attachment wp-att-312593\"><img loading=\"lazy\" decoding=\"async\" aria-describedby=\"caption-attachment-312593\" class=\"size-large wp-image-312593\" src=\"http:\/\/www.diarioimagen.net\/wp-content\/uploads\/2017\/02\/NAUCALPAN-3059-460x259.jpg\" alt=\"\" width=\"460\" height=\"259\" srcset=\"https:\/\/www.diarioimagen.net\/wp-content\/uploads\/2017\/02\/NAUCALPAN-3059-460x259.jpg 460w, https:\/\/www.diarioimagen.net\/wp-content\/uploads\/2017\/02\/NAUCALPAN-3059-240x135.jpg 240w, https:\/\/www.diarioimagen.net\/wp-content\/uploads\/2017\/02\/NAUCALPAN-3059-235x132.jpg 235w, https:\/\/www.diarioimagen.net\/wp-content\/uploads\/2017\/02\/NAUCALPAN-3059-202x114.jpg 202w, https:\/\/www.diarioimagen.net\/wp-content\/uploads\/2017\/02\/NAUCALPAN-3059-350x196.jpg 350w, https:\/\/www.diarioimagen.net\/wp-content\/uploads\/2017\/02\/NAUCALPAN-3059-220x123.jpg 220w, https:\/\/www.diarioimagen.net\/wp-content\/uploads\/2017\/02\/NAUCALPAN-3059-237x132.jpg 237w, https:\/\/www.diarioimagen.net\/wp-content\/uploads\/2017\/02\/NAUCALPAN-3059.jpg 480w\" sizes=\"auto, (max-width: 460px) 100vw, 460px\" \/><\/a><p id=\"caption-attachment-312593\" class=\"wp-caption-text\">Polic\u00edas de Naucalpan imparten pl\u00e1ticas en escuelas primarias y secundarias sobre Navegaci\u00f3n Segura en Internet.<\/p><\/div>\n<p>&nbsp;<\/p>\n<p><strong>Naucalpan, Estado de M\u00e9xico<\/strong>.- El gobierno local, a trav\u00e9s del Programa Integral de Prevenci\u00f3n de la Violencia y Orientaci\u00f3n Escolar, imparte pl\u00e1ticas en escuelas primarias y secundarias sobre Navegaci\u00f3n Segura en Internet, con el objetivo de que ni\u00f1as, ni\u00f1os y adolescentes conozcan la responsabilidad del uso de las redes sociales.<\/p>\n<p>La Direcci\u00f3n General de Seguridad Ciudadana y Tr\u00e1nsito Municipal, inform\u00f3 que el programa aborda temas como: \u201cciber-delitos\u201d o delitos cibern\u00e9ticos cometidos, principalmente a trav\u00e9s de redes sociales; la extorsi\u00f3n cibern\u00e9tica, y otros t\u00f3picos relacionados como la suplantaci\u00f3n de personalidad conocida como \u201cgrooming\u201d.<\/p>\n<p>Las pl\u00e1ticas son impartidas por integrantes del Departamento de Prevenci\u00f3n y Orientaci\u00f3n, acompa\u00f1ados de j\u00f3venes que prestan su servicio social como promotores de la convivencia arm\u00f3nica, que realizan\u00a0visitas en los centros educativos para orientar a los estudiantes.<\/p>\n<p>La Subdirecci\u00f3n de Prevenci\u00f3n del Delito inform\u00f3 que las pl\u00e1ticas sobre Navegaci\u00f3n Segura en Internet, se acaban de incluir en el programa para evitar que ni\u00f1os y j\u00f3venes sean v\u00edctimas de delitos cibern\u00e9ticos, y se suma a otros temas que aborda el Departamento de Prevenci\u00f3n y Orientaci\u00f3n, todos enfocados a erradicar problemas como el \u201cbullying\u201d, \u201cgrooming\u201d, violencia en el noviazgo, prevenci\u00f3n de abuso sexual infantil, entre otros.<\/p>\n<p>A\u00f1adi\u00f3 que todos los d\u00edas se programan visitas a escuelas tanto p\u00fablicas como privadas y hasta el momento se han realizado mil 790 pl\u00e1ticas en 47 primarias, 23 secundarias y 6 preparatorias, beneficiando a casi 45 mil estudiantes.\u00a0Adem\u00e1s de las pl\u00e1ticas, para obtener mejores resultados en prevenci\u00f3n del delito y violencia en escuelas, se aplican cuestionarios\u00a0 para la detecci\u00f3n de ambos temas y se les invita a conformar Comit\u00e9s Escolares de Prevenci\u00f3n.<\/p>\n<p>&nbsp;<\/p>\n","protected":false},"excerpt":{"rendered":"<p>El gobierno local, a trav\u00e9s del Programa Integral de Prevenci\u00f3n de la Violencia y Orientaci\u00f3n Escolar, imparte pl\u00e1ticas en escuelas primarias y secundarias sobre Navegaci\u00f3n Segura en Internet, con el objetivo de que ni\u00f1as, ni\u00f1os y adolescentes conozcan la responsabilidad del uso de las redes sociales.<\/p>\n","protected":false},"author":3,"featured_media":312593,"comment_status":"open","ping_status":"open","sticky":false,"template":"","format":"standard","meta":{"_monsterinsights_skip_tracking":false,"_monsterinsights_sitenote_active":false,"_monsterinsights_sitenote_note":"","_monsterinsights_sitenote_category":0,"footnotes":""},"categories":[35155],"tags":[43675,970],"class_list":["post-312533","post","type-post","status-publish","format-standard","has-post-thumbnail","hentry","category-estado-de-mexico-estado-de-mexico","tag-estado-de-mexico","tag-naucalpan"],"_links":{"self":[{"href":"https:\/\/www.diarioimagen.net\/index.php?rest_route=\/wp\/v2\/posts\/312533","targetHints":{"allow":["GET"]}}],"collection":[{"href":"https:\/\/www.diarioimagen.net\/index.php?rest_route=\/wp\/v2\/posts"}],"about":[{"href":"https:\/\/www.diarioimagen.net\/index.php?rest_route=\/wp\/v2\/types\/post"}],"author":[{"embeddable":true,"href":"https:\/\/www.diarioimagen.net\/index.php?rest_route=\/wp\/v2\/users\/3"}],"replies":[{"embeddable":true,"href":"https:\/\/www.diarioimagen.net\/index.php?rest_route=%2Fwp%2Fv2%2Fcomments&post=312533"}],"version-history":[{"count":0,"href":"https:\/\/www.diarioimagen.net\/index.php?rest_route=\/wp\/v2\/posts\/312533\/revisions"}],"wp:featuredmedia":[{"embeddable":true,"href":"https:\/\/www.diarioimagen.net\/index.php?rest_route=\/wp\/v2\/media\/312593"}],"wp:attachment":[{"href":"https:\/\/www.diarioimagen.net\/index.php?rest_route=%2Fwp%2Fv2%2Fmedia&parent=312533"}],"wp:term":[{"taxonomy":"category","embeddable":true,"href":"https:\/\/www.diarioimagen.net\/index.php?rest_route=%2Fwp%2Fv2%2Fcategories&post=312533"},{"taxonomy":"post_tag","embeddable":true,"href":"https:\/\/www.diarioimagen.net\/index.php?rest_route=%2Fwp%2Fv2%2Ftags&post=312533"}],"curies":[{"name":"wp","href":"https:\/\/api.w.org\/{rel}","templated":true}]}}