{"id":312536,"date":"2017-02-16T00:03:06","date_gmt":"2017-02-16T06:03:06","guid":{"rendered":"http:\/\/www.diarioimagen.net\/?p=312536"},"modified":"2017-02-16T01:46:57","modified_gmt":"2017-02-16T07:46:57","slug":"presentacion-con-miembros-de-seguridad-publica-de-cuautitlan","status":"publish","type":"post","link":"https:\/\/www.diarioimagen.net\/?p=312536","title":{"rendered":"Presentaci\u00f3n con miembros de Seguridad P\u00fablica de Cuautitl\u00e1n"},"content":{"rendered":"<p><a href=\"http:\/\/www.diarioimagen.net\/?attachment_id=312596\" rel=\"attachment wp-att-312596\"><img loading=\"lazy\" decoding=\"async\" class=\"aligncenter size-large wp-image-312596\" src=\"http:\/\/www.diarioimagen.net\/wp-content\/uploads\/2017\/02\/CUAUTITLAN-3059-460x259.jpg\" alt=\"\" width=\"460\" height=\"259\" srcset=\"https:\/\/www.diarioimagen.net\/wp-content\/uploads\/2017\/02\/CUAUTITLAN-3059-460x259.jpg 460w, https:\/\/www.diarioimagen.net\/wp-content\/uploads\/2017\/02\/CUAUTITLAN-3059-240x135.jpg 240w, https:\/\/www.diarioimagen.net\/wp-content\/uploads\/2017\/02\/CUAUTITLAN-3059-235x132.jpg 235w, https:\/\/www.diarioimagen.net\/wp-content\/uploads\/2017\/02\/CUAUTITLAN-3059-202x114.jpg 202w, https:\/\/www.diarioimagen.net\/wp-content\/uploads\/2017\/02\/CUAUTITLAN-3059-350x196.jpg 350w, https:\/\/www.diarioimagen.net\/wp-content\/uploads\/2017\/02\/CUAUTITLAN-3059-220x123.jpg 220w, https:\/\/www.diarioimagen.net\/wp-content\/uploads\/2017\/02\/CUAUTITLAN-3059-237x132.jpg 237w, https:\/\/www.diarioimagen.net\/wp-content\/uploads\/2017\/02\/CUAUTITLAN-3059.jpg 480w\" sizes=\"auto, (max-width: 460px) 100vw, 460px\" \/><\/a><\/p>\n<p>&nbsp;<\/p>\n<p><strong>Cuautitl\u00e1n, Estado de M\u00e9xico.- <\/strong>La nueva alcaldesa, Natalia L\u00f3pez V\u00e1zquez, recorri\u00f3 las instalaciones de Comisar\u00eda de Seguridad P\u00fablica y Cuerpo de Protecci\u00f3n Civil y Bomberos, ante cuyos elementos entreg\u00f3 un\u00a0 mensaje para decirles que la prioridad es y ser\u00e1 siempre el bienestar de los cuautitlenses, raz\u00f3n por la cual los invit\u00f3 a seguir trabajando con la pasi\u00f3n y dedicaci\u00f3n que los ha caracterizado.<\/p>\n<p>Record\u00f3 que hace unos d\u00edas se puso la primera piedra de lo que ser\u00e1 la nueva comisar\u00eda, en la cual la polic\u00eda tendr\u00e1 espacios dignos y funcionales para un mejor desempe\u00f1o de su labor, que debe ser impecable.<\/p>\n","protected":false},"excerpt":{"rendered":"<p>La nueva alcaldesa, Natalia L\u00f3pez V\u00e1zquez, recorri\u00f3 las instalaciones de Comisar\u00eda de Seguridad P\u00fablica y Cuerpo de Protecci\u00f3n Civil y Bomberos, ante cuyos elementos entreg\u00f3 un  mensaje para decirles que la prioridad es y ser\u00e1 siempre el bienestar de los cuautitlenses, raz\u00f3n por la cual los invit\u00f3 a seguir trabajando con la pasi\u00f3n y dedicaci\u00f3n que los ha caracterizado. <\/p>\n","protected":false},"author":3,"featured_media":312596,"comment_status":"open","ping_status":"open","sticky":false,"template":"","format":"standard","meta":{"_monsterinsights_skip_tracking":false,"_monsterinsights_sitenote_active":false,"_monsterinsights_sitenote_note":"","_monsterinsights_sitenote_category":0,"footnotes":""},"categories":[35155],"tags":[681,43675,1088],"class_list":["post-312536","post","type-post","status-publish","format-standard","has-post-thumbnail","hentry","category-estado-de-mexico-estado-de-mexico","tag-cuautitlan","tag-estado-de-mexico","tag-seguridad-publica"],"_links":{"self":[{"href":"https:\/\/www.diarioimagen.net\/index.php?rest_route=\/wp\/v2\/posts\/312536","targetHints":{"allow":["GET"]}}],"collection":[{"href":"https:\/\/www.diarioimagen.net\/index.php?rest_route=\/wp\/v2\/posts"}],"about":[{"href":"https:\/\/www.diarioimagen.net\/index.php?rest_route=\/wp\/v2\/types\/post"}],"author":[{"embeddable":true,"href":"https:\/\/www.diarioimagen.net\/index.php?rest_route=\/wp\/v2\/users\/3"}],"replies":[{"embeddable":true,"href":"https:\/\/www.diarioimagen.net\/index.php?rest_route=%2Fwp%2Fv2%2Fcomments&post=312536"}],"version-history":[{"count":0,"href":"https:\/\/www.diarioimagen.net\/index.php?rest_route=\/wp\/v2\/posts\/312536\/revisions"}],"wp:featuredmedia":[{"embeddable":true,"href":"https:\/\/www.diarioimagen.net\/index.php?rest_route=\/wp\/v2\/media\/312596"}],"wp:attachment":[{"href":"https:\/\/www.diarioimagen.net\/index.php?rest_route=%2Fwp%2Fv2%2Fmedia&parent=312536"}],"wp:term":[{"taxonomy":"category","embeddable":true,"href":"https:\/\/www.diarioimagen.net\/index.php?rest_route=%2Fwp%2Fv2%2Fcategories&post=312536"},{"taxonomy":"post_tag","embeddable":true,"href":"https:\/\/www.diarioimagen.net\/index.php?rest_route=%2Fwp%2Fv2%2Ftags&post=312536"}],"curies":[{"name":"wp","href":"https:\/\/api.w.org\/{rel}","templated":true}]}}