{"id":312545,"date":"2017-02-16T00:01:04","date_gmt":"2017-02-16T06:01:04","guid":{"rendered":"http:\/\/www.diarioimagen.net\/?p=312545"},"modified":"2017-02-16T02:03:34","modified_gmt":"2017-02-16T08:03:34","slug":"estudiantes-franceses-realizaron-estancia-academica-en-la-uaem","status":"publish","type":"post","link":"https:\/\/www.diarioimagen.net\/?p=312545","title":{"rendered":"Estudiantes franceses realizaron estancia acad\u00e9mica en la UAEM"},"content":{"rendered":"<p><a href=\"http:\/\/www.diarioimagen.net\/?attachment_id=312616\" rel=\"attachment wp-att-312616\"><img loading=\"lazy\" decoding=\"async\" class=\"aligncenter size-large wp-image-312616\" src=\"http:\/\/www.diarioimagen.net\/wp-content\/uploads\/2017\/02\/UAEM-3059-460x307.jpg\" alt=\"\" width=\"460\" height=\"307\" srcset=\"https:\/\/www.diarioimagen.net\/wp-content\/uploads\/2017\/02\/UAEM-3059-460x307.jpg 460w, https:\/\/www.diarioimagen.net\/wp-content\/uploads\/2017\/02\/UAEM-3059-240x160.jpg 240w, https:\/\/www.diarioimagen.net\/wp-content\/uploads\/2017\/02\/UAEM-3059.jpg 700w\" sizes=\"auto, (max-width: 460px) 100vw, 460px\" \/><\/a><\/p>\n<p>&nbsp;<\/p>\n<p>Existen grandes coincidencias entre las instituciones educativas de M\u00e9xico y Francia, que privilegian los principios de igualdad, fraternidad y libertad, asever\u00f3 el rector de la Universidad Aut\u00f3noma del Estado de M\u00e9xico, Jorge Olvera Garc\u00eda, durante la reuni\u00f3n que sostuvo con estudiantes y profesores del Liceo Colbert de la ciudad de Lorient, Francia, que realizaron una estancia acad\u00e9mica en el Plantel \u201cLic. Adolfo L\u00f3pez Mateos\u201d de la Escuela Preparatoria.<\/p>\n<p>&nbsp;<\/p>\n","protected":false},"excerpt":{"rendered":"<p>Existen grandes coincidencias entre las instituciones educativas de M\u00e9xico y Francia, que privilegian los principios de igualdad, fraternidad y libertad, asever\u00f3 el rector de la Universidad Aut\u00f3noma del Estado de M\u00e9xico, Jorge Olvera Garc\u00eda, durante la reuni\u00f3n que sostuvo con estudiantes y profesores del Liceo Colbert de la ciudad de Lorient, Francia, que realizaron una estancia acad\u00e9mica en el Plantel \u201cLic. Adolfo L\u00f3pez Mateos\u201d de la Escuela Preparatoria. <\/p>\n","protected":false},"author":3,"featured_media":312616,"comment_status":"open","ping_status":"open","sticky":false,"template":"","format":"standard","meta":{"_monsterinsights_skip_tracking":false,"_monsterinsights_sitenote_active":false,"_monsterinsights_sitenote_note":"","_monsterinsights_sitenote_category":0,"footnotes":""},"categories":[35155],"tags":[43675,2115,1491],"class_list":["post-312545","post","type-post","status-publish","format-standard","has-post-thumbnail","hentry","category-estado-de-mexico-estado-de-mexico","tag-estado-de-mexico","tag-francia","tag-uaem"],"_links":{"self":[{"href":"https:\/\/www.diarioimagen.net\/index.php?rest_route=\/wp\/v2\/posts\/312545","targetHints":{"allow":["GET"]}}],"collection":[{"href":"https:\/\/www.diarioimagen.net\/index.php?rest_route=\/wp\/v2\/posts"}],"about":[{"href":"https:\/\/www.diarioimagen.net\/index.php?rest_route=\/wp\/v2\/types\/post"}],"author":[{"embeddable":true,"href":"https:\/\/www.diarioimagen.net\/index.php?rest_route=\/wp\/v2\/users\/3"}],"replies":[{"embeddable":true,"href":"https:\/\/www.diarioimagen.net\/index.php?rest_route=%2Fwp%2Fv2%2Fcomments&post=312545"}],"version-history":[{"count":0,"href":"https:\/\/www.diarioimagen.net\/index.php?rest_route=\/wp\/v2\/posts\/312545\/revisions"}],"wp:featuredmedia":[{"embeddable":true,"href":"https:\/\/www.diarioimagen.net\/index.php?rest_route=\/wp\/v2\/media\/312616"}],"wp:attachment":[{"href":"https:\/\/www.diarioimagen.net\/index.php?rest_route=%2Fwp%2Fv2%2Fmedia&parent=312545"}],"wp:term":[{"taxonomy":"category","embeddable":true,"href":"https:\/\/www.diarioimagen.net\/index.php?rest_route=%2Fwp%2Fv2%2Fcategories&post=312545"},{"taxonomy":"post_tag","embeddable":true,"href":"https:\/\/www.diarioimagen.net\/index.php?rest_route=%2Fwp%2Fv2%2Ftags&post=312545"}],"curies":[{"name":"wp","href":"https:\/\/api.w.org\/{rel}","templated":true}]}}