{"id":312653,"date":"2017-02-16T00:04:04","date_gmt":"2017-02-16T06:04:04","guid":{"rendered":"http:\/\/www.diarioimagen.net\/?p=312653"},"modified":"2017-02-16T02:23:49","modified_gmt":"2017-02-16T08:23:49","slug":"seguridad-interior-mensajes-secretos","status":"publish","type":"post","link":"https:\/\/www.diarioimagen.net\/?p=312653","title":{"rendered":"Seguridad interior: mensajes secretos"},"content":{"rendered":"<h2>Poder y dinero<\/h2>\n<h5>V\u00edctor S\u00e1nchez Ba\u00f1os<\/h5>\n<p style=\"text-align: right;\"><em><strong>Palabras sin pensamientos nunca llegan al cielo.<\/strong><br \/>\nWilliam Shakespeare (1564-1616) Escritor brit\u00e1nico.<\/em><\/p>\n<p>&nbsp;<\/p>\n<p>Las reformas a las leyes sobre seguridad interior, que instrumentar\u00edan un marco legal a la presencia de las fuerzas armadas en la lucha contra los criminales del fuero federal, tienen a loa mayor\u00eda de los legisladores confundidos.<\/p>\n<p>Al platicar con senadores y diputados, pocos conocen el contenido de las reformas que en materia constitucional y reglamentaria deber\u00eda legislarse para evitar que el Ej\u00e9rcito y la Armada, se excedan en sus atribuciones, por una parte, y que puedan perpetuarse en la lucha contra el narcotr\u00e1fico, bandas de secuestradores y extorsionadores en todo el territorio nacional. Parecen secretos, secret\u00edsimos de familia de los que todos hablan, pero pocos conocen.<\/p>\n<p>Suplir a las autoridades civiles en acciones polic\u00edacas, no es labor del Ej\u00e9rcito. Sin embargo, desde la administraci\u00f3n de Felipe Calder\u00f3n, se tom\u00f3 la decisi\u00f3n ante la incapacidad, pero especialmente por la corrupci\u00f3n, en los cuerpos de seguridad p\u00fablica civiles en los \u00e1mbitos, municipal, estatal y federal.<\/p>\n<p>Otro de los motivos, del que poco se habla, es la autoridad que proyectan ante la sociedad. Esa autoridad hace que se les tema.<\/p>\n<p>Sin embargo, en el debate pol\u00edtico y partidista, hay organizaciones que temen que con las reformas legales sobre seguridad interior, se establezcan condiciones para la legalizaci\u00f3n de \u201cabusos\u201d contra los derechos humanos, en las operaciones castrenses.<\/p>\n<p>En otras expresiones hablan que existe el riesgo de convertir a M\u00e9xico en otro Venezuela.<\/p>\n<p>Lo que queda muy claro es la necesidad jur\u00eddica de establecer marcos reglamentarios a la actuaci\u00f3n de las fuerzas armadas y el eventual regreso de las tropas a sus cuarteles. La soberan\u00eda del pa\u00eds, como lo establece el art\u00edculo 39 constitucional, debe estar resguardada y las fuerzas armadas son las responsables de garantizarla.<\/p>\n<p>El crimen organizado, con sus tent\u00e1culos internacionales, pone en riesgo la soberan\u00eda nacional. Por ello, es fundamental el delimitar las acciones del Ej\u00e9rcito, Fuerza A\u00e9rea y la Marina, en sus actividades fuera de los cuarteles, para la tranquilidad de todo el pa\u00eds.<\/p>\n<p><strong>PODEROSOS CABALLEROS<\/strong>.- Los empresarios alrededor de Andr\u00e9s Manuel L\u00f3pez Obrador, de la franquicia de Morena, no son los \u201ctop\u201d del sector productivo del pa\u00eds. Tienen alg\u00fan peso por sus relaciones familiares, m\u00e1s que por su participaci\u00f3n en el PIB del pa\u00eds. No por ello dejan de ser importantes, pero los grandes empresarios mexicanos que son los que mueven el Producto Interno Bruto, quiz\u00e1 puedan simpatizar con el tabasque\u00f1o, pero est\u00e1n muy lejos de \u201cjug\u00e1rsela\u201d con \u00e9l por razones estrictamente de estrategia de negocios. *** Por cierto, la salida de Miguel Torruco del equipo de Miguel Mancera, sobrevino despu\u00e9s de varios desencuentros entre ambos. Inclusive, en lo que va del a\u00f1o no hubo acuerdos, ni era recibido por el jefe de gobierno. Lo mejor para Torruco habr\u00eda sido renunciar hace varios meses para trabajar directamente en el proyecto de AMLO y no ser visto como quintacolumnista en el grupo de Mancera. *** Armando R\u00edos Piter, un itamita en la izquierda, prefiri\u00f3 salirse del PRD y convertirse en senador independiente. El guerrerense va contra los vicios que tiene el sistema partidista mexicano. *** Es un hecho, materialmente, que Ger\u00f3nimo Guti\u00e9rrez, sea aprobado por el Senado como embajador de M\u00e9xico en Estados Unidos. En una reuni\u00f3n con los panistas, los dej\u00f3 fascinados. Bueno, no hay que olvidar que fue el subsecretario para Am\u00e9rica del Norte en la administraci\u00f3n calderonista. En cuanto a los pri\u00edstas, no hablar, votar\u00e1n un\u00e1nimemente. Ambos grupos parlamentarios encabezados por Fernando Herrera, del PAN; Emilio Gamboa del PRI y Carlos Puente del PVEM, hacen mayor\u00eda, en este tema. *** Grupo Multisistemas de Seguridad Industrial, que preside Alejandro Desfassiaux, abri\u00f3 una nueva oficina en el Estado de M\u00e9xico, tras 18 a\u00f1os de operar en esa entidad. *** Siguen los panistas hechos bolas en el Estado de M\u00e9xico. Su indefinici\u00f3n sobre su candidato, donde sobresale Josefina V\u00e1zquez Mota, les abre boquetes que fortalecen al pri\u00edsta Alfredo del Mazo.<\/p>\n<p><strong>AL FINAL DE CUENTAS<\/strong>: Fitch Ratings elev\u00f3 del municipio de Zamora, presidido por Carlos Lugo God\u00ednez, luego de analizar el fortalecimiento continuo de su posici\u00f3n de liquidez ante la disminuci\u00f3n del pasivo no bancario y aumento de la caja. Adem\u00e1s mostr\u00f3 un desempe\u00f1o presupuestal adecuado y pol\u00edticas de endeudamiento prudentes. Son pocos municipios que son reconocidos por estos factores, aunque el aumento en la calificaci\u00f3n fue de BBB- a BBB+.<\/p>\n<p><strong>RESPONSABILIDAD SOCIAL CORPORATIVA<\/strong>.- En 2017, SAP, una empresa global consultora en aplicaciones empresariales bajo el liderazgo de Rafael S\u00e1nchez Loza, se comprometi\u00f3, a trav\u00e9s de diversas iniciativas en alianza con las organizaciones como la Fundaci\u00f3n Junior Achievement M\u00e9xico, Fundaci\u00f3n Educa y Endeavor M\u00e9xico a promover mejor educaci\u00f3n, generaci\u00f3n de empleo y el esp\u00edritu emprendedor que impulsar\u00e1n el crecimiento econ\u00f3mico de toda la regi\u00f3n. De esa manera, en M\u00e9xico, SAP impact\u00f3, en los \u00faltimos tres a\u00f1os, la vida de m\u00e1s de 28 mil personas.<\/p>\n<p><a href=\"mailto:vsanchezb@gmail.com\" target=\"_blank\"><em>vsanchezb@gmail.com<br \/>\n<\/em><\/a><em><strong>Twitter:<\/strong><a href=\"https:\/\/twitter.com\/vsanchezbanos\" target=\"_blank\">@vsanchezbano<br \/>\n<\/a><\/em><strong>Facebook:\u00a0<\/strong><a href=\"https:\/\/www.facebook.com\/vsanchezbanos?fref=ts\" target=\"_blank\">vsanchezbano<\/a><\/p>\n","protected":false},"excerpt":{"rendered":"<p><span style=\"color: #005497;\"><strong>V\u00edctor S\u00e1nchez Ba\u00f1os<\/strong><\/span><\/p>\n","protected":false},"author":3,"featured_media":0,"comment_status":"open","ping_status":"open","sticky":false,"template":"","format":"standard","meta":{"_monsterinsights_skip_tracking":false,"_monsterinsights_sitenote_active":false,"_monsterinsights_sitenote_note":"","_monsterinsights_sitenote_category":0,"footnotes":""},"categories":[38844],"tags":[43674,38847,38848],"class_list":["post-312653","post","type-post","status-publish","format-standard","hentry","category-victor-sanchez-banos","tag-opinion","tag-poder-y-dinero","tag-victor-sanchez-banos"],"_links":{"self":[{"href":"https:\/\/www.diarioimagen.net\/index.php?rest_route=\/wp\/v2\/posts\/312653","targetHints":{"allow":["GET"]}}],"collection":[{"href":"https:\/\/www.diarioimagen.net\/index.php?rest_route=\/wp\/v2\/posts"}],"about":[{"href":"https:\/\/www.diarioimagen.net\/index.php?rest_route=\/wp\/v2\/types\/post"}],"author":[{"embeddable":true,"href":"https:\/\/www.diarioimagen.net\/index.php?rest_route=\/wp\/v2\/users\/3"}],"replies":[{"embeddable":true,"href":"https:\/\/www.diarioimagen.net\/index.php?rest_route=%2Fwp%2Fv2%2Fcomments&post=312653"}],"version-history":[{"count":0,"href":"https:\/\/www.diarioimagen.net\/index.php?rest_route=\/wp\/v2\/posts\/312653\/revisions"}],"wp:attachment":[{"href":"https:\/\/www.diarioimagen.net\/index.php?rest_route=%2Fwp%2Fv2%2Fmedia&parent=312653"}],"wp:term":[{"taxonomy":"category","embeddable":true,"href":"https:\/\/www.diarioimagen.net\/index.php?rest_route=%2Fwp%2Fv2%2Fcategories&post=312653"},{"taxonomy":"post_tag","embeddable":true,"href":"https:\/\/www.diarioimagen.net\/index.php?rest_route=%2Fwp%2Fv2%2Ftags&post=312653"}],"curies":[{"name":"wp","href":"https:\/\/api.w.org\/{rel}","templated":true}]}}