{"id":312659,"date":"2017-02-16T00:03:51","date_gmt":"2017-02-16T06:03:51","guid":{"rendered":"http:\/\/www.diarioimagen.net\/?p=312659"},"modified":"2017-02-16T02:25:04","modified_gmt":"2017-02-16T08:25:04","slug":"en-busca-de-un-lider","status":"publish","type":"post","link":"https:\/\/www.diarioimagen.net\/?p=312659","title":{"rendered":"En busca de un l\u00edder"},"content":{"rendered":"<h2>Folclor urbano<\/h2>\n<h5>Salvador Estrada<\/h5>\n<p>&nbsp;<\/p>\n<p>La marcha ya march\u00f3 y puso de manifiesto que, de acuerdo a expertos, no tuvo \u201cel punch\u201d que se esperaba por la falta de un liderazgo.<\/p>\n<p>El fin de la marcha en el \u00c1ngel de la Independencia, cuando los manifestantes deb\u00edan de cantar el Himno Nacional, no fue lo emotivo que se esperaba. No se enton\u00f3 a las dos de la tarde, como se hab\u00eda anunciado, sino media hora antes, y \u201cno se enchin\u00f3 la piel\u201d al entonar las estrofas del himno patrio y la emoci\u00f3n no sacudi\u00f3 las conciencias de los patriotas que esperaban la unidad nacional.<\/p>\n<p>Y, como no fue del \u00e9xito esperado, se argumentaron diversas excusas, una de ellas la divisi\u00f3n que se dio entre las organizadoras; \u201ct\u00fa sales del Auditorio y yo del Hemiciclo a Ju\u00e1rez\u201d, pero prevaleci\u00f3 el criterio \u201cfalta un l\u00edder, un dirigente\u201d que llame a la unidad nacional ante las amenazas de Trup y el descontento de los mexicanos por la pol\u00edtica gubernamental.<\/p>\n<p>Pero los manifestantes, ensimismados por la marcha, no se dieron cuenta de que \u201cya hay muchos pol\u00edticos que quieren ser l\u00edderes, o ya son l\u00edderes, pero que no fueron a la marcha para no \u201ccausar conflicto\u201d<\/p>\n<p>Andr\u00e9s Manuel L\u00f3pez Obrador, pese a quien le pese, es el n\u00famero uno, actualmente, en el liderazgo y cada d\u00eda se fortalece para lanzarse a la grande.<\/p>\n<p>Y otros que se han destapado para ser candidatos presidenciales y si ganan las elecciones ser el l\u00edder que se espera como se esper\u00f3 al \u201cMes\u00edas\u201d Uno de ellos, Rafael Moreno Valle, que quiere salvar al pa\u00eds, como tambi\u00e9n lo desean \u201dlos destapados independientes\u201d: Jorge Casta\u00f1eda, Jaime Rodr\u00edguez, \u201cEl\u00a0Bronco\u201d y otros m\u00e1s que no tienen muchas posibilidades de ganar como es el caso de Pedro Ferriz, que se siente feliz si se le considera candidato independiente a la Presidencia de la Rep\u00fablica.<\/p>\n<p>\u00a1Ah! pero tambi\u00e9n las mujeres destapadas est\u00e1n puestas para alcanzar con el voto el liderazgo social. Entre ellas Margarita Zavala e Ivonne Ortega, la primera del PAN y esta \u00faltima pri\u00edsta.<\/p>\n<p>Y para que no se quede fuera el PRD acaba de anunciar su salida de este partido el senador Armando R\u00edos Piter. Tambi\u00e9n quiere ser candidato independiente a la Presidencia de la Rep\u00fablica.<\/p>\n<p>R\u00edos Piter ya anunci\u00f3 que desea conformar un movimiento social que luche contra el modelo de partidos pol\u00edticos y el dinero que corrompe a la pol\u00edtica. M\u00e9xico, dice, requiere liderazgo, esfuerzo y dedicaci\u00f3n y a m\u00ed me encantar\u00eda articular ese movimiento que para la ciudadan\u00eda significar\u00eda algo distinto.<\/p>\n<p>Los destapados ya est\u00e1n puestos para lanzarse a la busca del liderazgo nacional. Ahora s\u00f3lo falta conocer qui\u00e9nes son los \u201ctapados de los partidos\u201d. Esta inc\u00f3gnita pol\u00edtica se despejar\u00e1 a principios del pr\u00f3ximo a\u00f1o cuando lo tapados se quiten la capucha y sean lanzados a la candidatura por sus respectivos partidos Y despu\u00e9s de las elecciones qui\u00e9n de todos saldr\u00e1 victorioso y cuente con el don del liderazgo para lograr la unidad nacional.<\/p>\n<p>Y, como telenovela, se anunciar\u00e1 \u201cM\u00e9xico en busca de un l\u00edder\u201d.<\/p>\n<p><em><a href=\"mailto:chavasec@yahoo.com.mx\" target=\"_blank\">chavasec@yahoo.com.mx<\/a><\/em><\/p>\n","protected":false},"excerpt":{"rendered":"<p><span style=\"color: #005497;\"><strong>Salvador Estrada<\/strong><\/span><\/p>\n","protected":false},"author":3,"featured_media":0,"comment_status":"open","ping_status":"open","sticky":false,"template":"","format":"standard","meta":{"_monsterinsights_skip_tracking":false,"_monsterinsights_sitenote_active":false,"_monsterinsights_sitenote_note":"","_monsterinsights_sitenote_category":0,"footnotes":""},"categories":[41601],"tags":[41599,43674,41600],"class_list":["post-312659","post","type-post","status-publish","format-standard","hentry","category-salvador-estrada-opinion","tag-folclor-urbano","tag-opinion","tag-salvador-estrada"],"_links":{"self":[{"href":"https:\/\/www.diarioimagen.net\/index.php?rest_route=\/wp\/v2\/posts\/312659","targetHints":{"allow":["GET"]}}],"collection":[{"href":"https:\/\/www.diarioimagen.net\/index.php?rest_route=\/wp\/v2\/posts"}],"about":[{"href":"https:\/\/www.diarioimagen.net\/index.php?rest_route=\/wp\/v2\/types\/post"}],"author":[{"embeddable":true,"href":"https:\/\/www.diarioimagen.net\/index.php?rest_route=\/wp\/v2\/users\/3"}],"replies":[{"embeddable":true,"href":"https:\/\/www.diarioimagen.net\/index.php?rest_route=%2Fwp%2Fv2%2Fcomments&post=312659"}],"version-history":[{"count":0,"href":"https:\/\/www.diarioimagen.net\/index.php?rest_route=\/wp\/v2\/posts\/312659\/revisions"}],"wp:attachment":[{"href":"https:\/\/www.diarioimagen.net\/index.php?rest_route=%2Fwp%2Fv2%2Fmedia&parent=312659"}],"wp:term":[{"taxonomy":"category","embeddable":true,"href":"https:\/\/www.diarioimagen.net\/index.php?rest_route=%2Fwp%2Fv2%2Fcategories&post=312659"},{"taxonomy":"post_tag","embeddable":true,"href":"https:\/\/www.diarioimagen.net\/index.php?rest_route=%2Fwp%2Fv2%2Ftags&post=312659"}],"curies":[{"name":"wp","href":"https:\/\/api.w.org\/{rel}","templated":true}]}}