{"id":312701,"date":"2017-02-17T00:08:47","date_gmt":"2017-02-17T06:08:47","guid":{"rendered":"http:\/\/www.diarioimagen.net\/?p=312701"},"modified":"2017-02-16T23:48:02","modified_gmt":"2017-02-17T05:48:02","slug":"automotrices-no-dejaran-edomex-seguiran-invirtiendo","status":"publish","type":"post","link":"https:\/\/www.diarioimagen.net\/?p=312701","title":{"rendered":"Automotrices refrendan su compromiso con Edomex"},"content":{"rendered":"<h2>Arco Norte<\/h2>\n<h5>Jos\u00e9 Luis Monta\u00f1ez Aguilar<\/h5>\n<p>&nbsp;<\/p>\n<div id=\"attachment_312702\" style=\"width: 470px\" class=\"wp-caption aligncenter\"><a href=\"http:\/\/www.diarioimagen.net\/?attachment_id=312702\" rel=\"attachment wp-att-312702\"><img loading=\"lazy\" decoding=\"async\" aria-describedby=\"caption-attachment-312702\" class=\"size-large wp-image-312702\" src=\"http:\/\/www.diarioimagen.net\/wp-content\/uploads\/2017\/02\/AUTOMOTRICES17-portal-460x268.jpg\" alt=\"\" width=\"460\" height=\"268\" srcset=\"https:\/\/www.diarioimagen.net\/wp-content\/uploads\/2017\/02\/AUTOMOTRICES17-portal-460x268.jpg 460w, https:\/\/www.diarioimagen.net\/wp-content\/uploads\/2017\/02\/AUTOMOTRICES17-portal-240x140.jpg 240w, https:\/\/www.diarioimagen.net\/wp-content\/uploads\/2017\/02\/AUTOMOTRICES17-portal.jpg 480w\" sizes=\"auto, (max-width: 460px) 100vw, 460px\" \/><\/a><p id=\"caption-attachment-312702\" class=\"wp-caption-text\">El secretario de Desarrollo Econ\u00f3mico, Adri\u00e1n Fuentes Villalobos, tom\u00f3 protesta a la Asociaci\u00f3n Mexicana de Mujeres Empresarias A.C. cap\u00edtulo Estado de M\u00e9xico zona poniente.<\/p><\/div>\n<p>&nbsp;<\/p>\n<p>Las empresas automotrices que est\u00e1n asentadas en territorio mexiquense, reiteraron que continuar\u00e1n realizando su l\u00ednea de producci\u00f3n normalmente y no tienen planes de disminuir plazas laborales ni dejar de invertir en el Estado de M\u00e9xico, inform\u00f3 el secretario de Desarrollo Econ\u00f3mico, F\u00e9lix Adri\u00e1n Fuentes Villalobos, durante la toma de protesta de la Asociaci\u00f3n Mexicana de Mujeres Empresarias A.C. cap\u00edtulo Estado de M\u00e9xico zona poniente.<\/p>\n<p>\u201cLes quiero anunciar que otra vez esta semana, se reitera, por parte de las tres mayores armadoras automotrices del estado, que no se retira un solo trabajador, continua la l\u00ednea de producci\u00f3n de las armadoras, tambi\u00e9n de las carrocer\u00edas, tambi\u00e9n de las que hacen camiones como la Freight Liner, todas en el sector automotriz que tienen presencia en el estado, siguen en el Estado de M\u00e9xico\u201d, se\u00f1al\u00f3.<\/p>\n<p>El titular de la Secretar\u00eda de Desarrollo Econ\u00f3mico indic\u00f3 que el sector automotriz es de gran relevancia en la entidad, sin embargo, se trabaja para que lleguen m\u00e1s inversiones de diferentes rubros, por lo que pr\u00f3ximamente se dar\u00e1 a conocer la llegada de una empresa de comercio electr\u00f3nico que invertir\u00e1 m\u00e1s de 100 millones de d\u00f3lares.<\/p>\n<p>Aunado a ello, dio a conocer que se construir\u00e1n m\u00e1s de 2 millones de metros cuadrados de parques industriales, y se espera la llegada de una segunda inversi\u00f3n de una empresa japonesa en el municipio de Lerma.<\/p>\n<p>El funcionario estatal destac\u00f3 que en el Estado de M\u00e9xico existe una pol\u00edtica clara y transparente para la atracci\u00f3n de inversiones, adem\u00e1s de que la entidad es el coraz\u00f3n log\u00edstico del pa\u00eds, tiene m\u00e1s de 670 mil unidades econ\u00f3micas y ocupa el segundo lugar en mejora regulatoria en el estudio del Banco Mundial, Doing Business.<\/p>\n<p style=\"text-align: center;\"><strong>Detienen a m\u00e1s de tres mil presuntos asaltantes de transporte p\u00fablico <\/strong><\/p>\n<p>A trav\u00e9s del operativo Plan TRES, Transporte Estatal Seguro, la Comisi\u00f3n Estatal de Seguridad Ciudadana ha logrado poner a disposici\u00f3n de las autoridades a 3 mil 185 presuntos asaltantes de transporte p\u00fablico, inform\u00f3 Francisco Gonz\u00e1lez Zozaya, secretario de Infraestructura.<\/p>\n<p>En el marco de la supervisi\u00f3n del operativo, realizado en las inmediaciones del CCH Naucalpan, el funcionario acudi\u00f3 con los elementos de la Comisi\u00f3n Estatal de Seguridad a realizar la revisi\u00f3n de pasajeros, que se hace de manera permanente y aleatoria en todo el territorio mexiquense. Gonz\u00e1lez Zozaya refiri\u00f3 que desde que se implement\u00f3 el Plan TRES a la fecha, se han revisado m\u00e1s de 3.9 millones de unidades y m\u00e1s de 26 mil personas fueron puestas a disposici\u00f3n de las autoridades competentes.<\/p>\n<p><em><a href=\"mailto:montanezaguilar@gmail.com\" target=\"_blank\">montanezaguilar@gmail.com<\/a><\/em><\/p>\n<p>&nbsp;<\/p>\n<p>&nbsp;<\/p>\n<p>&nbsp;<\/p>\n<p>&nbsp;<\/p>\n<p>&nbsp;<\/p>\n<p>&nbsp;<\/p>\n<p>&nbsp;<\/p>\n<p>&nbsp;<\/p>\n<p>\u201cDe ellas, m\u00e1s de 3 mil fueron detenidas y puestas a disposici\u00f3n por la presunta comisi\u00f3n de delitos en transporte p\u00fablico; es un operativo para su seguridad\u201d, refiri\u00f3 el secretario de Infraestructura a los pasajeros, quienes acced\u00edan a descender de las unidades para someterse a la revisi\u00f3n.<\/p>\n<p>Destac\u00f3 adem\u00e1s que gracias a la coordinaci\u00f3n con las autoridades federales, para aplicar el operativo en las carreteras de peaje de la entidad, se han revisado m\u00e1s de 22 mil unidades, y se ha logrado remitir al ministerio p\u00fablico a 46 presuntos delincuentes.<\/p>\n<p>El funcionario se\u00f1al\u00f3 que se mantendr\u00e1 el operativo de revisi\u00f3n de manera permanente, atendiendo las peticiones de los ciudadanos, sobre los puntos donde se reporta incidencia de robos a bordo de las unidades de transporte p\u00fablico.<\/p>\n<p>&nbsp;<\/p>\n<p>&nbsp;<\/p>\n","protected":false},"excerpt":{"rendered":"<p><span style=\"color: #005497;\">Jos\u00e9 Luis Monta\u00f1ez Aguilar<\/span><br \/>\n<br \/>\nLas empresas automotrices que est\u00e1n asentadas en territorio mexiquense, reiteraron que continuar\u00e1n realizando su l\u00ednea de producci\u00f3n normalmente y no tienen planes de disminuir plazas laborales ni dejar de invertir en el Estado de M\u00e9xico, inform\u00f3 el secretario de Desarrollo Econ\u00f3mico, F\u00e9lix Adri\u00e1n Fuentes Villalobos, durante la toma de protesta de la Asociaci\u00f3n Mexicana de Mujeres Empresarias A.C. cap\u00edtulo Estado de M\u00e9xico zona poniente.<\/p>\n","protected":false},"author":5,"featured_media":312702,"comment_status":"open","ping_status":"open","sticky":false,"template":"","format":"standard","meta":{"_monsterinsights_skip_tracking":false,"_monsterinsights_sitenote_active":false,"_monsterinsights_sitenote_note":"","_monsterinsights_sitenote_category":0,"footnotes":""},"categories":[35155],"tags":[13284,68,43704,43674],"class_list":["post-312701","post","type-post","status-publish","format-standard","has-post-thumbnail","hentry","category-estado-de-mexico-estado-de-mexico","tag-arco-norte","tag-edomex","tag-jose-luis-montanez-aguilar","tag-opinion"],"_links":{"self":[{"href":"https:\/\/www.diarioimagen.net\/index.php?rest_route=\/wp\/v2\/posts\/312701","targetHints":{"allow":["GET"]}}],"collection":[{"href":"https:\/\/www.diarioimagen.net\/index.php?rest_route=\/wp\/v2\/posts"}],"about":[{"href":"https:\/\/www.diarioimagen.net\/index.php?rest_route=\/wp\/v2\/types\/post"}],"author":[{"embeddable":true,"href":"https:\/\/www.diarioimagen.net\/index.php?rest_route=\/wp\/v2\/users\/5"}],"replies":[{"embeddable":true,"href":"https:\/\/www.diarioimagen.net\/index.php?rest_route=%2Fwp%2Fv2%2Fcomments&post=312701"}],"version-history":[{"count":0,"href":"https:\/\/www.diarioimagen.net\/index.php?rest_route=\/wp\/v2\/posts\/312701\/revisions"}],"wp:featuredmedia":[{"embeddable":true,"href":"https:\/\/www.diarioimagen.net\/index.php?rest_route=\/wp\/v2\/media\/312702"}],"wp:attachment":[{"href":"https:\/\/www.diarioimagen.net\/index.php?rest_route=%2Fwp%2Fv2%2Fmedia&parent=312701"}],"wp:term":[{"taxonomy":"category","embeddable":true,"href":"https:\/\/www.diarioimagen.net\/index.php?rest_route=%2Fwp%2Fv2%2Fcategories&post=312701"},{"taxonomy":"post_tag","embeddable":true,"href":"https:\/\/www.diarioimagen.net\/index.php?rest_route=%2Fwp%2Fv2%2Ftags&post=312701"}],"curies":[{"name":"wp","href":"https:\/\/api.w.org\/{rel}","templated":true}]}}