{"id":312704,"date":"2017-02-17T00:10:37","date_gmt":"2017-02-17T06:10:37","guid":{"rendered":"http:\/\/www.diarioimagen.net\/?p=312704"},"modified":"2017-02-17T01:28:25","modified_gmt":"2017-02-17T07:28:25","slug":"acercan-servicios-gratuitos-a-comunidades-de-toluca","status":"publish","type":"post","link":"https:\/\/www.diarioimagen.net\/?p=312704","title":{"rendered":"Acercan servicios gratuitos a comunidades de Toluca"},"content":{"rendered":"<ul>\n<li><strong><em>Feria de la Familia y los Valores<\/em><\/strong><\/li>\n<\/ul>\n<p>&nbsp;<\/p>\n<div id=\"attachment_312705\" style=\"width: 470px\" class=\"wp-caption aligncenter\"><a href=\"http:\/\/www.diarioimagen.net\/?attachment_id=312705\" rel=\"attachment wp-att-312705\"><img loading=\"lazy\" decoding=\"async\" aria-describedby=\"caption-attachment-312705\" class=\"wp-image-312705 size-large\" src=\"http:\/\/www.diarioimagen.net\/wp-content\/uploads\/2017\/02\/SERVICIOS17-portal-460x268.jpg\" width=\"460\" height=\"268\" srcset=\"https:\/\/www.diarioimagen.net\/wp-content\/uploads\/2017\/02\/SERVICIOS17-portal-460x268.jpg 460w, https:\/\/www.diarioimagen.net\/wp-content\/uploads\/2017\/02\/SERVICIOS17-portal-240x140.jpg 240w, https:\/\/www.diarioimagen.net\/wp-content\/uploads\/2017\/02\/SERVICIOS17-portal.jpg 480w\" sizes=\"auto, (max-width: 460px) 100vw, 460px\" \/><\/a><p id=\"caption-attachment-312705\" class=\"wp-caption-text\">El DIFEM inici\u00f3 la Feria de la Familia y los Valores, que llegar\u00e1 a diversas comunidades de Toluca.<\/p><\/div>\n<p>&nbsp;<\/p>\n<p><strong>Toluca, Estado de M\u00e9xico<\/strong>.- Prevenci\u00f3n del embarazo adolescente, orientaci\u00f3n para la formaci\u00f3n de la pareja y la familia, consultas m\u00e9dicas, odontol\u00f3gicas y de nutrici\u00f3n, as\u00ed como cortes de cabello gratuitos, atenci\u00f3n jur\u00eddica, orientaci\u00f3n nutricional y prevenci\u00f3n de la discapacidad, son parte de los servicios que el DIFEM, puso en marcha a trav\u00e9s de la Feria de la Familia y los Valores, con el fin de acercar dichos programas a m\u00e1s de 200 habitantes de la colonia\u00a0 Santa Ana Tlapaltitl\u00e1n y que de forma itinerante llegar\u00e1 a diversas comunidades de Toluca.<\/p>\n<p>Carolina Alan\u00eds, directora general del DIFEM, resalt\u00f3 que para el gobernador Eruviel \u00c1vila lo m\u00e1s importante es la familia, por lo que desde el principio de la administraci\u00f3n ha trabajado con el factor esencial que son los hogares mexiquenses, sus ni\u00f1os, j\u00f3venes, adultos mayores y personas con discapacidad. Mencion\u00f3 que hace dos a\u00f1os el gobernador convoc\u00f3 a los grupos religiosos de la entidad, bajo la premisa de que el reto m\u00e1s importante como sociedad y a nivel institucional era recobrar a las familias fomentando los valores; por ello, se han sumado los DIF municipales, dependencias de gobierno, organizaciones de la sociedad civil nacionales e internacionales, visitando diversos municipios, y con la cultura y el arte se han fomentado los valores como la solidaridad, amor, misericordia, honestidad, tolerancia, comunicaci\u00f3n, entre otros.<\/p>\n<p>Por lo que esta feria itinerante se present\u00f3 previamente en la comunidad de El Tejocote, donde se brindaron apoyos gratuitos a familias de esta localidad, as\u00ed como de Ejidos de Santiago Miltepec, San Crist\u00f3bal Huichochitl\u00e1n y La Magdalena.<\/p>\n","protected":false},"excerpt":{"rendered":"<p>Prevenci\u00f3n del embarazo adolescente, orientaci\u00f3n para la formaci\u00f3n de la pareja y la familia, consultas m\u00e9dicas, odontol\u00f3gicas y de nutrici\u00f3n, as\u00ed como cortes de cabello gratuitos, atenci\u00f3n jur\u00eddica, orientaci\u00f3n nutricional y prevenci\u00f3n de la<\/p>\n","protected":false},"author":5,"featured_media":312705,"comment_status":"open","ping_status":"open","sticky":false,"template":"","format":"standard","meta":{"_monsterinsights_skip_tracking":false,"_monsterinsights_sitenote_active":false,"_monsterinsights_sitenote_note":"","_monsterinsights_sitenote_category":0,"footnotes":""},"categories":[5],"tags":[394,43675,452],"class_list":["post-312704","post","type-post","status-publish","format-standard","has-post-thumbnail","hentry","category-estado-de-mexico","tag-difem","tag-estado-de-mexico","tag-toluca"],"_links":{"self":[{"href":"https:\/\/www.diarioimagen.net\/index.php?rest_route=\/wp\/v2\/posts\/312704","targetHints":{"allow":["GET"]}}],"collection":[{"href":"https:\/\/www.diarioimagen.net\/index.php?rest_route=\/wp\/v2\/posts"}],"about":[{"href":"https:\/\/www.diarioimagen.net\/index.php?rest_route=\/wp\/v2\/types\/post"}],"author":[{"embeddable":true,"href":"https:\/\/www.diarioimagen.net\/index.php?rest_route=\/wp\/v2\/users\/5"}],"replies":[{"embeddable":true,"href":"https:\/\/www.diarioimagen.net\/index.php?rest_route=%2Fwp%2Fv2%2Fcomments&post=312704"}],"version-history":[{"count":0,"href":"https:\/\/www.diarioimagen.net\/index.php?rest_route=\/wp\/v2\/posts\/312704\/revisions"}],"wp:featuredmedia":[{"embeddable":true,"href":"https:\/\/www.diarioimagen.net\/index.php?rest_route=\/wp\/v2\/media\/312705"}],"wp:attachment":[{"href":"https:\/\/www.diarioimagen.net\/index.php?rest_route=%2Fwp%2Fv2%2Fmedia&parent=312704"}],"wp:term":[{"taxonomy":"category","embeddable":true,"href":"https:\/\/www.diarioimagen.net\/index.php?rest_route=%2Fwp%2Fv2%2Fcategories&post=312704"},{"taxonomy":"post_tag","embeddable":true,"href":"https:\/\/www.diarioimagen.net\/index.php?rest_route=%2Fwp%2Fv2%2Ftags&post=312704"}],"curies":[{"name":"wp","href":"https:\/\/api.w.org\/{rel}","templated":true}]}}