{"id":312773,"date":"2017-02-17T00:11:04","date_gmt":"2017-02-17T06:11:04","guid":{"rendered":"http:\/\/www.diarioimagen.net\/?p=312773"},"modified":"2017-02-17T01:27:45","modified_gmt":"2017-02-17T07:27:45","slug":"llama-del-mazo-a-trabajar-de-la-mano-por-el-bien-del-estado","status":"publish","type":"post","link":"https:\/\/www.diarioimagen.net\/?p=312773","title":{"rendered":"Llama Del Mazo a trabajar de la mano por el bien del estado"},"content":{"rendered":"<p><a href=\"http:\/\/www.diarioimagen.net\/?attachment_id=312835\" rel=\"attachment wp-att-312835\"><img loading=\"lazy\" decoding=\"async\" class=\"aligncenter size-large wp-image-312835\" src=\"http:\/\/www.diarioimagen.net\/wp-content\/uploads\/2017\/02\/DEL-MAZO-3060-460x259.jpg\" alt=\"\" width=\"460\" height=\"259\" srcset=\"https:\/\/www.diarioimagen.net\/wp-content\/uploads\/2017\/02\/DEL-MAZO-3060-460x259.jpg 460w, https:\/\/www.diarioimagen.net\/wp-content\/uploads\/2017\/02\/DEL-MAZO-3060-240x135.jpg 240w, https:\/\/www.diarioimagen.net\/wp-content\/uploads\/2017\/02\/DEL-MAZO-3060-235x132.jpg 235w, https:\/\/www.diarioimagen.net\/wp-content\/uploads\/2017\/02\/DEL-MAZO-3060-202x114.jpg 202w, https:\/\/www.diarioimagen.net\/wp-content\/uploads\/2017\/02\/DEL-MAZO-3060-350x196.jpg 350w, https:\/\/www.diarioimagen.net\/wp-content\/uploads\/2017\/02\/DEL-MAZO-3060-220x123.jpg 220w, https:\/\/www.diarioimagen.net\/wp-content\/uploads\/2017\/02\/DEL-MAZO-3060-237x132.jpg 237w, https:\/\/www.diarioimagen.net\/wp-content\/uploads\/2017\/02\/DEL-MAZO-3060.jpg 480w\" sizes=\"auto, (max-width: 460px) 100vw, 460px\" \/><\/a><\/p>\n<p>&nbsp;<\/p>\n<p><strong>Huixquilucan, Estado de M\u00e9xico<\/strong>.- El precandidato \u00fanico del PRI al gobierno del Estado de M\u00e9xico, Alfredo del Mazo Maza, llam\u00f3 a delegados de la regi\u00f3n a trabajar de la mano, pues reconoci\u00f3 que cuando los pri\u00edstas no han estado unidos se han perdido elecciones. Se\u00f1al\u00f3 que la unidad es la base del proyecto que \u00e9l encabeza, por lo que les pidi\u00f3 anteponer los intereses comunes sobre los personales.<\/p>\n","protected":false},"excerpt":{"rendered":"<p>El precandidato \u00fanico del PRI al gobierno del Estado de M\u00e9xico, Alfredo del Mazo Maza, llam\u00f3 a delegados de la regi\u00f3n a trabajar de la mano, pues reconoci\u00f3 que cuando los pri\u00edstas no han estado unidos<\/p>\n","protected":false},"author":3,"featured_media":312835,"comment_status":"open","ping_status":"open","sticky":false,"template":"","format":"standard","meta":{"_monsterinsights_skip_tracking":false,"_monsterinsights_sitenote_active":false,"_monsterinsights_sitenote_note":"","_monsterinsights_sitenote_category":0,"footnotes":""},"categories":[5],"tags":[2505,43675,1097,28167],"class_list":["post-312773","post","type-post","status-publish","format-standard","has-post-thumbnail","hentry","category-estado-de-mexico","tag-alfredo-del-mazo-maza","tag-estado-de-mexico","tag-huixquilucan","tag-trabajar"],"_links":{"self":[{"href":"https:\/\/www.diarioimagen.net\/index.php?rest_route=\/wp\/v2\/posts\/312773","targetHints":{"allow":["GET"]}}],"collection":[{"href":"https:\/\/www.diarioimagen.net\/index.php?rest_route=\/wp\/v2\/posts"}],"about":[{"href":"https:\/\/www.diarioimagen.net\/index.php?rest_route=\/wp\/v2\/types\/post"}],"author":[{"embeddable":true,"href":"https:\/\/www.diarioimagen.net\/index.php?rest_route=\/wp\/v2\/users\/3"}],"replies":[{"embeddable":true,"href":"https:\/\/www.diarioimagen.net\/index.php?rest_route=%2Fwp%2Fv2%2Fcomments&post=312773"}],"version-history":[{"count":0,"href":"https:\/\/www.diarioimagen.net\/index.php?rest_route=\/wp\/v2\/posts\/312773\/revisions"}],"wp:featuredmedia":[{"embeddable":true,"href":"https:\/\/www.diarioimagen.net\/index.php?rest_route=\/wp\/v2\/media\/312835"}],"wp:attachment":[{"href":"https:\/\/www.diarioimagen.net\/index.php?rest_route=%2Fwp%2Fv2%2Fmedia&parent=312773"}],"wp:term":[{"taxonomy":"category","embeddable":true,"href":"https:\/\/www.diarioimagen.net\/index.php?rest_route=%2Fwp%2Fv2%2Fcategories&post=312773"},{"taxonomy":"post_tag","embeddable":true,"href":"https:\/\/www.diarioimagen.net\/index.php?rest_route=%2Fwp%2Fv2%2Ftags&post=312773"}],"curies":[{"name":"wp","href":"https:\/\/api.w.org\/{rel}","templated":true}]}}