{"id":312799,"date":"2017-02-17T00:07:29","date_gmt":"2017-02-17T06:07:29","guid":{"rendered":"http:\/\/www.diarioimagen.net\/?p=312799"},"modified":"2017-02-17T01:03:14","modified_gmt":"2017-02-17T07:03:14","slug":"estado-de-mexico-es-y-sera-cuna-de-grandes-gobernadores-david-parra","status":"publish","type":"post","link":"https:\/\/www.diarioimagen.net\/?p=312799","title":{"rendered":"Estado de M\u00e9xico es y ser\u00e1 cuna de grandes gobernadores: David Parra"},"content":{"rendered":"<ul>\n<li><strong><em>\u201cCandidatura de Del Mazo generar\u00e1 la unidad\u201d<\/em><\/strong><\/li>\n<\/ul>\n<p>&nbsp;<\/p>\n<div id=\"attachment_312846\" style=\"width: 470px\" class=\"wp-caption aligncenter\"><a href=\"http:\/\/www.diarioimagen.net\/?attachment_id=312846\" rel=\"attachment wp-att-312846\"><img loading=\"lazy\" decoding=\"async\" aria-describedby=\"caption-attachment-312846\" class=\"size-large wp-image-312846\" src=\"http:\/\/www.diarioimagen.net\/wp-content\/uploads\/2017\/02\/NAUCALPAN-3060-460x259.jpg\" alt=\"\" width=\"460\" height=\"259\" srcset=\"https:\/\/www.diarioimagen.net\/wp-content\/uploads\/2017\/02\/NAUCALPAN-3060-460x259.jpg 460w, https:\/\/www.diarioimagen.net\/wp-content\/uploads\/2017\/02\/NAUCALPAN-3060-240x135.jpg 240w, https:\/\/www.diarioimagen.net\/wp-content\/uploads\/2017\/02\/NAUCALPAN-3060-235x132.jpg 235w, https:\/\/www.diarioimagen.net\/wp-content\/uploads\/2017\/02\/NAUCALPAN-3060-202x114.jpg 202w, https:\/\/www.diarioimagen.net\/wp-content\/uploads\/2017\/02\/NAUCALPAN-3060-350x196.jpg 350w, https:\/\/www.diarioimagen.net\/wp-content\/uploads\/2017\/02\/NAUCALPAN-3060-220x123.jpg 220w, https:\/\/www.diarioimagen.net\/wp-content\/uploads\/2017\/02\/NAUCALPAN-3060-237x132.jpg 237w, https:\/\/www.diarioimagen.net\/wp-content\/uploads\/2017\/02\/NAUCALPAN-3060.jpg 480w\" sizes=\"auto, (max-width: 460px) 100vw, 460px\" \/><\/a><p id=\"caption-attachment-312846\" class=\"wp-caption-text\">David Parra S\u00e1nchez afirma que\u00a0\u201cla candidatura de Alfredo del Mazo Maza, sin duda generar\u00e1 la unidad que el PRI necesita para llegar fortalecido al proceso electoral.<\/p><\/div>\n<p>&nbsp;<\/p>\n<p><strong>Naucalpan, Estado de M\u00e9xico<\/strong>.- No existe la menor duda de que el Estado de M\u00e9xico\u00a0es cuna de grandes gobernadores que han puesto a nuestra entidad como una de las m\u00e1s importantes del pa\u00eds. No por nada la entidad mexiquense aporta el 9.8 del Producto Interno Bruto (PIB) a nivel nacional y aparte de ello,\u00a0es una de las entidades m\u00e1s industrializadas de M\u00e9xico y de Am\u00e9rica Latina.<\/p>\n<p>As\u00ed lo asegur\u00f3 en entrevista, el l\u00edder social, David Parra S\u00e1nchez, luego de asegurar\u00a0 que\u00a0\u201cla candidatura de Alfredo del Mazo Maza, sin duda generar\u00e1 la unidad que el Partido Revolucionario Institucional (PRI) necesita para llegar fortalecido al proceso electoral estatal\u201d, manifest\u00f3<\/p>\n<p>El tambi\u00e9n l\u00edder moral de la burocracia consider\u00f3 que al interior de las filas del pri\u00edsmo \u201cestamos unidos en torno a Alfredo del Mazo y ello es garant\u00eda de triunfo, pues como ya lo he manifestado, la entidad mexiquense es la cuna de grandes gobernadores y Alfredo del Mazo ser\u00e1 un gran gobernador\u201d, puntualiz\u00f3.<\/p>\n<p>Entrevistado al t\u00e9rmino de un encuentro con dirigentes y colonos de Ciudad Sat\u00e9lite, Parra S\u00e1nchez, reconoci\u00f3 \u00a0que el principal problema que enfrentar\u00e1 el Alfredo del Mazo, ser\u00e1 el de la inseguridad que prevalece en el Estado de M\u00e9xico \u201cy que es reflejo de una\u00a0 situaci\u00f3n que ata\u00f1e a todo el pa\u00eds y que es herencia de la mala administraci\u00f3n que encabezaron los panistas\u201d .<\/p>\n<p>Sin embargo, dijo, que el pri\u00edsmo a lo largo de su historia nos ha dado gobernadores con las agallas suficientes no s\u00f3lo para enfrentar una crisis como \u00e9sta, sino para superarla y salir adelante, por lo que considero que con la amplia experiencia con que cuenta Alfredo del Mazo.<\/p>\n<p>David Parra\u00a0 hizo un llamado \u00a0a la militancia a echarse para adelante para enfrentar el que consider\u00f3 ser\u00e1 el proceso electoral m\u00e1s competido de la historia del\u00a0Estado de M\u00e9xico, sin embargo, el PRI con Alfredo del Mazo saldr\u00e1 triunfante en los pr\u00f3ximos procesos que ya se avecinan<strong><br \/>\n<\/strong><\/p>\n<p>&nbsp;<\/p>\n","protected":false},"excerpt":{"rendered":"<p>No existe la menor duda de que el Estado de M\u00e9xico es cuna de grandes gobernadores que han puesto a nuestra entidad como una de las m\u00e1s importantes del pa\u00eds. No por nada la entidad mexiquense aporta el 9.8 del Producto Interno Bruto (PIB) a nivel nacional y aparte de ello, es una de las entidades m\u00e1s industrializadas de M\u00e9xico y de Am\u00e9rica Latina.  <\/p>\n","protected":false},"author":3,"featured_media":312846,"comment_status":"open","ping_status":"open","sticky":false,"template":"","format":"standard","meta":{"_monsterinsights_skip_tracking":false,"_monsterinsights_sitenote_active":false,"_monsterinsights_sitenote_note":"","_monsterinsights_sitenote_category":0,"footnotes":""},"categories":[35155],"tags":[29035,43675,970],"class_list":["post-312799","post","type-post","status-publish","format-standard","has-post-thumbnail","hentry","category-estado-de-mexico-estado-de-mexico","tag-david-parra-sanchez","tag-estado-de-mexico","tag-naucalpan"],"_links":{"self":[{"href":"https:\/\/www.diarioimagen.net\/index.php?rest_route=\/wp\/v2\/posts\/312799","targetHints":{"allow":["GET"]}}],"collection":[{"href":"https:\/\/www.diarioimagen.net\/index.php?rest_route=\/wp\/v2\/posts"}],"about":[{"href":"https:\/\/www.diarioimagen.net\/index.php?rest_route=\/wp\/v2\/types\/post"}],"author":[{"embeddable":true,"href":"https:\/\/www.diarioimagen.net\/index.php?rest_route=\/wp\/v2\/users\/3"}],"replies":[{"embeddable":true,"href":"https:\/\/www.diarioimagen.net\/index.php?rest_route=%2Fwp%2Fv2%2Fcomments&post=312799"}],"version-history":[{"count":0,"href":"https:\/\/www.diarioimagen.net\/index.php?rest_route=\/wp\/v2\/posts\/312799\/revisions"}],"wp:featuredmedia":[{"embeddable":true,"href":"https:\/\/www.diarioimagen.net\/index.php?rest_route=\/wp\/v2\/media\/312846"}],"wp:attachment":[{"href":"https:\/\/www.diarioimagen.net\/index.php?rest_route=%2Fwp%2Fv2%2Fmedia&parent=312799"}],"wp:term":[{"taxonomy":"category","embeddable":true,"href":"https:\/\/www.diarioimagen.net\/index.php?rest_route=%2Fwp%2Fv2%2Fcategories&post=312799"},{"taxonomy":"post_tag","embeddable":true,"href":"https:\/\/www.diarioimagen.net\/index.php?rest_route=%2Fwp%2Fv2%2Ftags&post=312799"}],"curies":[{"name":"wp","href":"https:\/\/api.w.org\/{rel}","templated":true}]}}