{"id":313062,"date":"2017-02-20T00:06:31","date_gmt":"2017-02-20T06:06:31","guid":{"rendered":"http:\/\/www.diarioimagen.net\/?p=313062"},"modified":"2024-11-12T22:20:54","modified_gmt":"2024-11-13T04:20:54","slug":"cumplan-lo-que-prometen-piden-ninos-legisladores-a-autoridades","status":"publish","type":"post","link":"https:\/\/www.diarioimagen.net\/?p=313062","title":{"rendered":"\u201cCumplan lo que prometen\u201d, piden ni\u00f1os legisladores a autoridades"},"content":{"rendered":"<h2>Como veo, doy<\/h2>\n<h5>Jorg Palacios<\/h5>\n<p>&nbsp;<\/p>\n<ul>\n<li><strong><em>Quitarse la venda de los ojos, demandan a diputados<\/em><\/strong><\/li>\n<li><strong><em>Corrupci\u00f3n, inseguridad y desigualdad social, temas en el parlamento infantil<\/em><\/strong><\/li>\n<\/ul>\n<p>&nbsp;<\/p>\n<p>Temas para la reflexi\u00f3n e ideas para tomar en cuenta, son las que la semana pasada expusieron menores de edad durante su participaci\u00f3n en el D\u00e9cimo Parlamento Infantil que se celebr\u00f3 en la Ciudad de M\u00e9xico del 13 al 17 del mes en curso. Desde las curules del Palacio Legislativo, diputadas y diputados infantiles pidieron a los legisladores adultos que se \u201cquiten la venda de los ojos y luchen por M\u00e9xico\u201d, con el prop\u00f3sito de ofrecer oportunidades que alienten la igualdad en el pa\u00eds.<\/p>\n<p>Sin duda, fue un ejercicio ejemplar y muy ilustrativo donde, en sus diversas participaciones y actividades, los peque\u00f1os legisladores expusieron inquietudes y propuestas de c\u00f3mo piensan y qu\u00e9 quieren para nuestro pa\u00eds, dejando en claro que ellos son el futuro y se les debe escuchar. Son ahora los legisladores, as\u00ed como las autoridades educativas y electorales, quienes tienen la alta responsabilidad para que las propuestas de ni\u00f1os y ni\u00f1as se traduzcan en acciones concretas y tengan impacto en las pol\u00edticas p\u00fablicas del pa\u00eds.<\/p>\n<p>Por ejemplo, entre los resolutivos de los trabajos del D\u00e9cimo Parlamento Infantil se emiti\u00f3 una declaratoria en defensa de sus derechos en la que demandan atenci\u00f3n a la discriminaci\u00f3n y la violencia intrafamiliar, as\u00ed como acciones a favor de menores con discapacidad con maltrato y migrantes. La declaratoria tiene un valor vinculatorio para autoridades legislativas y gubernamentales e incluye propuesta de sanciones al secuestro y asesinato de ni\u00f1os, entre otras.<\/p>\n<p>Tambi\u00e9n se pronunciaron por garantizar los derechos a la vida, familia e igualdad sustantiva de la ni\u00f1ez mexicana; al sano desarrollo, protecci\u00f3n a la salud y seguridad social; educaci\u00f3n; libertad de expresi\u00f3n, y acceso a la informaci\u00f3n.<\/p>\n<p>El desarrollo del Parlamento Infantil inici\u00f3 el lunes 13 y concluy\u00f3 el viernes 17, fue una semana donde ni\u00f1as y ni\u00f1os, adem\u00e1s de los recintos legislativos del Congreso de la Uni\u00f3n, visitaron las instalaciones del\u00a0Instituto Nacional Electoral\u00a0(INE), las oficinas de la\u00a0Secretar\u00eda de\u00a0Educaci\u00f3n P\u00fablica\u00a0(SEP), as\u00ed como diversos museos y una visita a la residencia oficial de\u00a0Los Pinos.<\/p>\n<p>De acuerdo a la convocatoria p\u00fablica que lanz\u00f3 el INE, dada a conocer a fines del a\u00f1o pasado, el 10\u00b0 Parlamento de las Ni\u00f1as y los Ni\u00f1os de M\u00e9xico 2017 se integr\u00f3 por 300 Legisladoras y Legisladores Infantiles, uno por Distrito Electoral Uninominal, sus edades fluctuaron entre 10 y 12 a\u00f1os y en su participaci\u00f3n no se tomaron en cuenta sus calificaciones, sino sus ganas de participar y una exposici\u00f3n de motivos.<\/p>\n<p>Los legisladores infantiles (219 ni\u00f1as y 81 ni\u00f1os), integrantes del Parlamento, analizaron a lo largo de una semana temas como la inseguridad, la desigualdad social, el incremento salarial a maestros, bajar el precio de la gasolina y violencia.<\/p>\n<p>Hicieron puntualizaciones sobre asuntos diversos y sus participaciones fueron tan precisas que podr\u00edamos decir que lo \u00fanico que hicieron fue ponerle el punto a las \u00edes a temas tan complejos que ya est\u00e1n en la agenda legislativa, pero que en voz de los menores tuvieron mayor resonancia por la sinceridad con que se pronunciaron.<\/p>\n<p>\u201cCumplan lo que prometen. Escuchen a la ni\u00f1ez, porque merecemos gobernantes buenos y que no nos enga\u00f1en\u201d, dijo la diputada infantil Luc\u00eda Esquivias Padilla, a nombre de la Comisi\u00f3n de la Constituci\u00f3n de 1857, durante la presentaci\u00f3n de los acuerdos de las comisiones de trabajo y urgi\u00f3 a las autoridades hacer valer la palabra, porque \u201cestamos cansados de la corrupci\u00f3n de los gobernantes y sus malas decisiones\u201d. Pidi\u00f3 que sus propuestas sean tomadas en cuenta, les den seguimiento y eval\u00faen avances, a trav\u00e9s de un Comit\u00e9 Infantil.<\/p>\n<p>Desde las curules del Palacio Legislativo, 47 diputadas y diputados infantiles pidieron a los legisladores adultos que se \u201cquiten la venda de los ojos y luchen por M\u00e9xico\u201d, con el prop\u00f3sito de ofrecer oportunidades que alienten la igualdad en el pa\u00eds.<\/p>\n<p>Expresaron su tristeza, enojo y hartazgo por la corrupci\u00f3n que prevalece. \u201cNecesitamos gobernantes justos. Fuera los corruptos. Por favor, no vivimos en el siglo XIX en donde todo era monarqu\u00eda. Ya c\u00e1lmense por favor\u201d, demandaron.<\/p>\n<p>Cuestionaron \u201cel lujo en que viven los funcionarios p\u00fablicos y los elevados sueldos que perciben mientras sus padres ganan poco dinero\u201d, propiciando que no los atiendan por las largas jornadas laborales, y que los maestros carezcan de capacitaci\u00f3n y motivaci\u00f3n para ense\u00f1ar, y reciban salarios bajos. Adem\u00e1s, lamentaron que las escuelas carezcan de mobiliario adecuado.<\/p>\n<p><strong>VA MI RESTO<\/strong>.- En el marco del foro \u201cEstado de Derecho, Seguridad P\u00fablica y Derechos Humanos\u201d, realizado en el Palacio Legislativo de San L\u00e1zaro, el presidente de la Mesa Directiva de la C\u00e1mara de Diputados, Javier Bola\u00f1os Aguilar, se refiri\u00f3 al Parlamento Infantil y \u00a0dijo que los menores les hicieron ver cosas de manera muy sencilla, \u00a0con un lenguaje claro y que para los diputados les significan una gran responsabilidad.<\/p>\n<p>Uno de ellos nos dijo que, agreg\u00f3 Bola\u00f1os Aguilar, \u00a0la Constituci\u00f3n garantiza la educaci\u00f3n de calidad, que debe ser laica, debe ser gratuita y debe ser obligatoria y esta ni\u00f1a nos preguntaba a los legisladores: \u201c\u00bfrealmente es gratuita la educaci\u00f3n en M\u00e9xico? \u00bfRealmente es gratuita cuando a nuestros padres les piden recursos para el pizarr\u00f3n o para pintar la escuela? \u00bfRealmente es una educaci\u00f3n de calidad? \u00bfRealmente podemos hablar de gratuidad? \u00bfRealmente podemos pedir que sea obligatoria?\u201d.<\/p>\n<p>Y s\u00ed, lo expresado por los menores fue tan claro y contundente, que no podemos dejar de hacer un comparativo con los legisladores adultos, ya que muchos de estos \u00faltimos llegan a San L\u00e1zaro s\u00f3lo a levantar el dedo, y hasta ah\u00ed porque como veo, doy.<\/p>\n<p><em><a href=\"mailto:%20jorgpalacios@yahoo.com.mx\" target=\"_blank\" rel=\"noopener\">jorgpalacios@yahoo.com.mx<\/a><\/em><\/p>\n","protected":false},"excerpt":{"rendered":"<p><span style=\"color: #005497;\"><strong>Jorg Palacios<\/strong><\/span><\/p>\n","protected":false},"author":3,"featured_media":0,"comment_status":"open","ping_status":"open","sticky":false,"template":"","format":"standard","meta":{"_monsterinsights_skip_tracking":false,"_monsterinsights_sitenote_active":false,"_monsterinsights_sitenote_note":"","_monsterinsights_sitenote_category":0,"footnotes":""},"categories":[63916],"tags":[28722,45228,43674],"class_list":["post-313062","post","type-post","status-publish","format-standard","hentry","category-jorge-luis-galicia-palacios","tag-como-veo-doy","tag-jorg-palacios","tag-opinion"],"_links":{"self":[{"href":"https:\/\/www.diarioimagen.net\/index.php?rest_route=\/wp\/v2\/posts\/313062","targetHints":{"allow":["GET"]}}],"collection":[{"href":"https:\/\/www.diarioimagen.net\/index.php?rest_route=\/wp\/v2\/posts"}],"about":[{"href":"https:\/\/www.diarioimagen.net\/index.php?rest_route=\/wp\/v2\/types\/post"}],"author":[{"embeddable":true,"href":"https:\/\/www.diarioimagen.net\/index.php?rest_route=\/wp\/v2\/users\/3"}],"replies":[{"embeddable":true,"href":"https:\/\/www.diarioimagen.net\/index.php?rest_route=%2Fwp%2Fv2%2Fcomments&post=313062"}],"version-history":[{"count":0,"href":"https:\/\/www.diarioimagen.net\/index.php?rest_route=\/wp\/v2\/posts\/313062\/revisions"}],"wp:attachment":[{"href":"https:\/\/www.diarioimagen.net\/index.php?rest_route=%2Fwp%2Fv2%2Fmedia&parent=313062"}],"wp:term":[{"taxonomy":"category","embeddable":true,"href":"https:\/\/www.diarioimagen.net\/index.php?rest_route=%2Fwp%2Fv2%2Fcategories&post=313062"},{"taxonomy":"post_tag","embeddable":true,"href":"https:\/\/www.diarioimagen.net\/index.php?rest_route=%2Fwp%2Fv2%2Ftags&post=313062"}],"curies":[{"name":"wp","href":"https:\/\/api.w.org\/{rel}","templated":true}]}}