{"id":313350,"date":"2017-02-22T00:09:21","date_gmt":"2017-02-22T06:09:21","guid":{"rendered":"http:\/\/www.diarioimagen.net\/?p=313350"},"modified":"2017-02-22T01:41:36","modified_gmt":"2017-02-22T07:41:36","slug":"pgr-ofrece-disculpa-publica-a-las-indigenas-teresa-alberta-y-jacinta","status":"publish","type":"post","link":"https:\/\/www.diarioimagen.net\/?p=313350","title":{"rendered":"PGR ofrece disculpas a ind\u00edgenas encarceladas"},"content":{"rendered":"<ul>\n<li><strong><em>Acusadas de secuestrar a\u00a0 6 AFI\u2019s en 2006<\/em><\/strong><\/li>\n<\/ul>\n<p>&nbsp;<\/p>\n<div id=\"attachment_313351\" style=\"width: 470px\" class=\"wp-caption aligncenter\"><a href=\"http:\/\/www.diarioimagen.net\/?attachment_id=313351\" rel=\"attachment wp-att-313351\"><img loading=\"lazy\" decoding=\"async\" aria-describedby=\"caption-attachment-313351\" class=\"wp-image-313351 size-large\" src=\"http:\/\/www.diarioimagen.net\/wp-content\/uploads\/2017\/02\/dos-portal-1-460x268.jpg\" width=\"460\" height=\"268\" srcset=\"https:\/\/www.diarioimagen.net\/wp-content\/uploads\/2017\/02\/dos-portal-1-460x268.jpg 460w, https:\/\/www.diarioimagen.net\/wp-content\/uploads\/2017\/02\/dos-portal-1-240x140.jpg 240w, https:\/\/www.diarioimagen.net\/wp-content\/uploads\/2017\/02\/dos-portal-1.jpg 480w\" sizes=\"auto, (max-width: 460px) 100vw, 460px\" \/><\/a><p id=\"caption-attachment-313351\" class=\"wp-caption-text\">El procurador Ra\u00fal Cervantes reconoci\u00f3 p\u00fablicamente la inocencia de las ind\u00edgenas otom\u00edes que estuvieron presas m\u00e1s de 3 a\u00f1os injustificadamente.<\/p><\/div>\n<p>&nbsp;<\/p>\n<p>Luego de haber estado encarceladas m\u00e1s de 3 a\u00f1os al ser acusadas falsamente de haber secuestrado en Quer\u00e9taro en 2006 a elementos de la AFI, el titular de la PGR, Ra\u00fal Cervantes Andrade, ofreci\u00f3 una disculpa p\u00fablica y reconoci\u00f3 la inocencia de las Jacinta Francisco Marcial, Alberta Alc\u00e1ntara Juan y Teresa Gonz\u00e1lez Cornelio, ind\u00edgenas otom\u00edes.<\/p>\n<p>\u201cAnte ustedes Alberta Alc\u00e1ntara Juan y Teresa Gonz\u00e1lez Cornelio, reconozco p\u00fablicamente su inocencia respecto a los delitos que se les atribuyeron\u201d, dijo en el acto de Reconocimiento de inocencia y disculpa p\u00fablica en el Museo Nacional de Antropolog\u00eda e Historia. Cervantes Andrade dijo que a petici\u00f3n de Alberta, Teresa y Jacinta, el evento tendr\u00eda dos momentos, por lo que en el primero ofreci\u00f3 disculpas a Teresa y Alberta.<\/p>\n<p>Dijo que a pesar de no haberse podido probar un delito contra las ind\u00edgenas otom\u00edes se determin\u00f3 su culpabilidad y estuvieron presas, por lo que \u201cning\u00fan acto p\u00fablico podr\u00e1 regresarles el tiempo perdido\u201d.<\/p>\n<p>El procurador dijo que la PGR contravino la presunci\u00f3n de inocencia y que un tribunal determin\u00f3 que Alberta, Jacinta y Teresa tienen la raz\u00f3n y que \u201cla PGR hizo mal su trabajo, lo que les ocasion\u00f3 un da\u00f1o moral\u201d.<\/p>\n<p>Hace 11 a\u00f1os, las tres ind\u00edgenas otom\u00edes fueron detenidas y pasaron tres a\u00f1os en prisi\u00f3n por un delito que no existi\u00f3.<\/p>\n<p>La PGR public\u00f3 en su cuenta de Twitter que la disculpa p\u00fablica sienta un precedente en el estado de Derecho y representa un elemento importante para la reparaci\u00f3n del da\u00f1o.<\/p>\n<p>El 3 de agosto de 2006, Teresa Gonz\u00e1lez, Jacinta Francisco Marcial y Alberta Alc\u00e1ntara Juan, fueron presentadas ante los medios de comunicaci\u00f3n, se\u00f1aladas como las responsables del secuestro de seis agentes de la AFI mientras realizaban un supuesto operativo contra la pirater\u00eda, en el mercado de la comunidad de Santiago Mexquititl\u00e1n, Quer\u00e9taro.<\/p>\n<p>El caso lleg\u00f3 a Amnist\u00eda Internacional y el Centro de DDHH Miguel Agust\u00edn Pro Ju\u00e1rez (Centro Prodh) que atendi\u00f3 el llamado y emprendi\u00f3 una batalla legal que termin\u00f3 al lograr una disculpa sin precedentes.<\/p>\n<p>El 16 de septiembre de 2009, Jacinta sali\u00f3 el reclusorio Femenil de San Jos\u00e9 El Alto, en Quer\u00e9taro, donde permaneci\u00f3 tres a\u00f1os.<\/p>\n<p>Tras casi cuatro a\u00f1os de permanecer en la c\u00e1rcel, el 28 de abril de 2010, la Suprema Corte de Justicia de la Naci\u00f3n (SCJN) declar\u00f3 la inocencia de Teresa Gonz\u00e1lez Cornelio y Alberta alc\u00e1ntara y fueron liberadas.Todo empez\u00f3 en marzo de 2006 por un conflicto callejero, entre los vendedores ambulantes y un grupo de polic\u00edas.<\/p>\n<p>En agosto de ese a\u00f1o, Teresa Gonz\u00e1lez, Jacinta Marcial y Alberta Alc\u00e1ntara fueron detenidas y condenadas a 21 a\u00f1os de prisi\u00f3n, por el presunto secuestro de seis polic\u00edas de la AFI.<\/p>\n<p>Durante los m\u00e1s de tres a\u00f1os en los que estuvieron recluidas, sufrieron violencia de g\u00e9nero en su condici\u00f3n de mujeres, ind\u00edgenas y pobres. Su expediente fue consignado con pruebas falsas y contradictorias.<\/p>\n","protected":false},"excerpt":{"rendered":"<p>Luego de haber estado encarceladas m\u00e1s de 3 a\u00f1os al ser acusadas falsamente de haber secuestrado en Quer\u00e9taro en 2006 a elementos de la AFI, el titular de la PGR, Ra\u00fal Cervantes Andrade, ofreci\u00f3 una disculpa p\u00fablica y reconoci\u00f3 la inocencia de las Jacinta Francisco Marcial, Alberta Alc\u00e1ntara Juan y Teresa Gonz\u00e1lez Cornelio, ind\u00edgenas otom\u00edes.<\/p>\n","protected":false},"author":5,"featured_media":313351,"comment_status":"open","ping_status":"open","sticky":false,"template":"","format":"standard","meta":{"_monsterinsights_skip_tracking":false,"_monsterinsights_sitenote_active":false,"_monsterinsights_sitenote_note":"","_monsterinsights_sitenote_category":0,"footnotes":""},"categories":[7],"tags":[232,7831],"class_list":["post-313350","post","type-post","status-publish","format-standard","has-post-thumbnail","hentry","category-seguridad","tag-pgr","tag-teresa"],"_links":{"self":[{"href":"https:\/\/www.diarioimagen.net\/index.php?rest_route=\/wp\/v2\/posts\/313350","targetHints":{"allow":["GET"]}}],"collection":[{"href":"https:\/\/www.diarioimagen.net\/index.php?rest_route=\/wp\/v2\/posts"}],"about":[{"href":"https:\/\/www.diarioimagen.net\/index.php?rest_route=\/wp\/v2\/types\/post"}],"author":[{"embeddable":true,"href":"https:\/\/www.diarioimagen.net\/index.php?rest_route=\/wp\/v2\/users\/5"}],"replies":[{"embeddable":true,"href":"https:\/\/www.diarioimagen.net\/index.php?rest_route=%2Fwp%2Fv2%2Fcomments&post=313350"}],"version-history":[{"count":0,"href":"https:\/\/www.diarioimagen.net\/index.php?rest_route=\/wp\/v2\/posts\/313350\/revisions"}],"wp:featuredmedia":[{"embeddable":true,"href":"https:\/\/www.diarioimagen.net\/index.php?rest_route=\/wp\/v2\/media\/313351"}],"wp:attachment":[{"href":"https:\/\/www.diarioimagen.net\/index.php?rest_route=%2Fwp%2Fv2%2Fmedia&parent=313350"}],"wp:term":[{"taxonomy":"category","embeddable":true,"href":"https:\/\/www.diarioimagen.net\/index.php?rest_route=%2Fwp%2Fv2%2Fcategories&post=313350"},{"taxonomy":"post_tag","embeddable":true,"href":"https:\/\/www.diarioimagen.net\/index.php?rest_route=%2Fwp%2Fv2%2Ftags&post=313350"}],"curies":[{"name":"wp","href":"https:\/\/api.w.org\/{rel}","templated":true}]}}