{"id":313569,"date":"2017-02-23T00:09:19","date_gmt":"2017-02-23T06:09:19","guid":{"rendered":"http:\/\/www.diarioimagen.net\/?p=313569"},"modified":"2017-02-24T04:14:56","modified_gmt":"2017-02-24T10:14:56","slug":"mexico-no-aceptara-imposiciones-de-otro-pais-videgaray-caso","status":"publish","type":"post","link":"https:\/\/www.diarioimagen.net\/?p=313569","title":{"rendered":"M\u00e9xico no aceptar\u00e1 imposiciones, dice EPN"},"content":{"rendered":"<ul>\n<li><strong><em>Hoy se re\u00fane con Rex Tillerson y John Kelly<\/em><\/strong><\/li>\n<\/ul>\n<h6>Jos\u00e9 Luis Monta\u00f1ez<\/h6>\n<p>&nbsp;<\/p>\n<p><a href=\"http:\/\/www.diarioimagen.net\/?attachment_id=313741\" rel=\"attachment wp-att-313741\"><img loading=\"lazy\" decoding=\"async\" class=\"aligncenter size-large wp-image-313741\" src=\"http:\/\/www.diarioimagen.net\/wp-content\/uploads\/2017\/02\/epn-3064-460x259.jpg\" alt=\"\" width=\"460\" height=\"259\" srcset=\"https:\/\/www.diarioimagen.net\/wp-content\/uploads\/2017\/02\/epn-3064-460x259.jpg 460w, https:\/\/www.diarioimagen.net\/wp-content\/uploads\/2017\/02\/epn-3064-240x135.jpg 240w, https:\/\/www.diarioimagen.net\/wp-content\/uploads\/2017\/02\/epn-3064-235x132.jpg 235w, https:\/\/www.diarioimagen.net\/wp-content\/uploads\/2017\/02\/epn-3064-202x114.jpg 202w, https:\/\/www.diarioimagen.net\/wp-content\/uploads\/2017\/02\/epn-3064-350x196.jpg 350w, https:\/\/www.diarioimagen.net\/wp-content\/uploads\/2017\/02\/epn-3064-220x123.jpg 220w, https:\/\/www.diarioimagen.net\/wp-content\/uploads\/2017\/02\/epn-3064-237x132.jpg 237w, https:\/\/www.diarioimagen.net\/wp-content\/uploads\/2017\/02\/epn-3064.jpg 480w\" sizes=\"auto, (max-width: 460px) 100vw, 460px\" \/><\/a><\/p>\n<p>&nbsp;<\/p>\n<p>El presidente de M\u00e9xico, Enrique Pe\u00f1a Nieto sostuvo que nuestro pa\u00eds no acepta imposiciones en materia de migraci\u00f3n.<\/p>\n<p>En entrevista con un diario, el mandatario as\u00ed se expres\u00f3 sobre las nuevas medidas del gobierno estadounidense que dan \u201cluz verde\u201d a las deportaciones masivas de indocumentados.<\/p>\n<p>Cabe se\u00f1alar que ayer llegaron a M\u00e9xico el secretario de Estado de Estados Unidos, Rex Tillerson, y el secretario de Seguridad Interna de Estados Unidos, general John Kelly para sostener diversas reuniones con funcionarios mexicanos.<\/p>\n<p>En conjunto, ambos secretarios se reunir\u00e1n con el presidente Enrique Pe\u00f1a Nieto, el canciller Luis Videgaray y los secretarios de Gobernaci\u00f3n, Miguel \u00c1ngel Osorio Chong; de Hacienda, Jos\u00e9 Antonio Meade; de Defensa Nacional, Salvador Cienfuegos, y de Marina, Vidal Francisco Sober\u00f3n Sanz.<\/p>\n<p>El martes se dio a conocer que el Departamento de Seguridad Interna (DHS) de Estados Unidos contratar\u00e1 m\u00e1s de 15 mil oficiales para detener y deportar inmigrantes indocumentados y buscar\u00e1 ampliar un programa que autorizar\u00e1 a polic\u00edas a actuar como oficiales de migraci\u00f3n en la ofensiva ordenada por el presidente Donald Trump.<\/p>\n<p>En dos memorandos firmados dirigidos a los titulares de las tres agencias migratorias bajo su autoridad, el Secretario de Seguridad Interna, John Kelly, deline\u00f3 la manera como la dependencia implementar\u00e1 la orden ejecutiva que Trump firm\u00f3 el pasado 22 de enero.<\/p>\n<p>Los memorandos dar\u00e1n m\u00e1s autoridades a las agencias federales y sus oficiales federales m\u00e1s poder para detener y deportar de manera m\u00e1s agresiva a inmigrantes indocumentados dentro del pa\u00eds y a lo largo de las fronteras de Estados Unidos.<\/p>\n<p style=\"text-align: center;\"><strong>Kelly descarta deportaciones masivas<\/strong><\/p>\n<p>En su visita a Guatemala, John F. Kelly\u00a0 defendi\u00f3 la decisi\u00f3n de su gobierno de \u201creforzar\u201d el control de la frontera con M\u00e9xico, aunque descart\u00f3 deportaciones masivas de inmigrantes.<\/p>\n<p>En rueda de prensa, al t\u00e9rmino de su visita oficial a Guatemala, Kelly se\u00f1al\u00f3 que como parte de las nuevas disposiciones en materia migratoria, recibi\u00f3 \u00f3rdenes del presidente Donald Trump de \u201creforzar\u201d y \u201casegurar\u201d la frontera sur.<\/p>\n<p>Esto \u201csignifica m\u00e1s oficiales de control fronterizo, m\u00e1s recursos para detenciones en la frontera y tambi\u00e9n la construcci\u00f3n de una barrera f\u00edsica en la frontera\u201d, asever\u00f3 el funcionario estadunidense, que inici\u00f3 la noche del martes su primera visita de trabajo a Centroam\u00e9rica.<\/p>\n<p>Aclar\u00f3, sin embargo, que las autoridades estadunidenses no pretenden realizar deportaciones masivas de migrantes ilegales, y que en un principio se concentrar\u00e1n en extranjeros con antecedentes criminales.<\/p>\n<p>\u201cNo estamos haciendo deportaciones masivas, pero tenemos leyes que tenemos que respetar, entonces vamos a enfocarnos primero en quienes han cometido delitos\u201d.<\/p>\n<p>El secretario de Seguridad Interna afirm\u00f3 que las nuevas disposiciones migratorias establecen la obligaci\u00f3n de acelerar los procesos de expulsi\u00f3n de indocumentados.<\/p>\n<p>\u201cLos inmigrantes (indocumentados) que sean interceptados en la frontera sur ser\u00e1n repatriados a sus pa\u00edses de origen por un proceso legal que avanzar\u00e1 de manera m\u00e1s acelerada respecto a como ocurri\u00f3 en la \u00faltima d\u00e9cada\u201d, puntualiz\u00f3.<\/p>\n<p>En declaraciones por separado, el canciller de Guatemala, Carlos Ra\u00fal Morales Moscoso, dijo que Kelly ratific\u00f3 que no emprender\u00e1n deportaciones masivas, y que ser\u00e1n selectivos con personas con \u201cr\u00e9cords criminales\u201d en Estados Unidos.<\/p>\n<p>El general Kelly, ex jefe del Comando Sur de Estados Unidos, dijo que en conversaci\u00f3n con el presidente guatemalteco Jimmy Morales, se coincidi\u00f3 en la \u201cmolestia\u201d contra los \u201ccoyotes\u201d o traficantes de personas.<\/p>\n<p>\u201cLos <em>coyotes<\/em> son mentirosos, enga\u00f1an a las personas\u201d y generan \u201cuna mala informaci\u00f3n\u201d, con el fin de enganchar ciudadanos de muchos pa\u00edses de la regi\u00f3n para viajar a Estados Unidos, sin documentos, de manera clandestina.<\/p>\n<p>El funcionario estadunidense se reuni\u00f3 con el presidente Morales y realiz\u00f3 visitas a los ministros de Gobernaci\u00f3n, Francisco Rivas, y de Relaciones Exteriores, Morales Moscoso, para abordar temas de seguridad regional y migraci\u00f3n.<\/p>\n<p>Tras las reuniones privadas con el presidente y sus ministros y la rueda de prensa, Kelly parti\u00f3 hacia M\u00e9xico desde la sede de la Fuerza \u00c1erea Guatemalteca, una base militar en el sur de la ciudad.<\/p>\n","protected":false},"excerpt":{"rendered":"<p><span style=\"color: #005497;\">Jos\u00e9 Luis Monta\u00f1ez<\/span><br \/>\n<br \/>\nEl presidente de M\u00e9xico, Enrique Pe\u00f1a Nieto sostuvo que nuestro pa\u00eds no acepta imposiciones en materia de migraci\u00f3n.<\/p>\n","protected":false},"author":5,"featured_media":313741,"comment_status":"open","ping_status":"open","sticky":false,"template":"","format":"standard","meta":{"_monsterinsights_skip_tracking":false,"_monsterinsights_sitenote_active":false,"_monsterinsights_sitenote_note":"","_monsterinsights_sitenote_category":0,"footnotes":""},"categories":[3],"tags":[1716,177,44,43673,763,441],"class_list":["post-313569","post","type-post","status-publish","format-standard","has-post-thumbnail","hentry","category-nacional","tag-epn","tag-estados-unidos","tag-mexico","tag-nacional","tag-naciones-unidas","tag-secretaria-de-relaciones-exteriores"],"_links":{"self":[{"href":"https:\/\/www.diarioimagen.net\/index.php?rest_route=\/wp\/v2\/posts\/313569","targetHints":{"allow":["GET"]}}],"collection":[{"href":"https:\/\/www.diarioimagen.net\/index.php?rest_route=\/wp\/v2\/posts"}],"about":[{"href":"https:\/\/www.diarioimagen.net\/index.php?rest_route=\/wp\/v2\/types\/post"}],"author":[{"embeddable":true,"href":"https:\/\/www.diarioimagen.net\/index.php?rest_route=\/wp\/v2\/users\/5"}],"replies":[{"embeddable":true,"href":"https:\/\/www.diarioimagen.net\/index.php?rest_route=%2Fwp%2Fv2%2Fcomments&post=313569"}],"version-history":[{"count":0,"href":"https:\/\/www.diarioimagen.net\/index.php?rest_route=\/wp\/v2\/posts\/313569\/revisions"}],"wp:featuredmedia":[{"embeddable":true,"href":"https:\/\/www.diarioimagen.net\/index.php?rest_route=\/wp\/v2\/media\/313741"}],"wp:attachment":[{"href":"https:\/\/www.diarioimagen.net\/index.php?rest_route=%2Fwp%2Fv2%2Fmedia&parent=313569"}],"wp:term":[{"taxonomy":"category","embeddable":true,"href":"https:\/\/www.diarioimagen.net\/index.php?rest_route=%2Fwp%2Fv2%2Fcategories&post=313569"},{"taxonomy":"post_tag","embeddable":true,"href":"https:\/\/www.diarioimagen.net\/index.php?rest_route=%2Fwp%2Fv2%2Ftags&post=313569"}],"curies":[{"name":"wp","href":"https:\/\/api.w.org\/{rel}","templated":true}]}}