{"id":313626,"date":"2017-02-23T00:10:50","date_gmt":"2017-02-23T06:10:50","guid":{"rendered":"http:\/\/www.diarioimagen.net\/?p=313626"},"modified":"2017-02-23T05:44:02","modified_gmt":"2017-02-23T11:44:02","slug":"reconoce-del-mazo-el-valor-de-los-liderazgos-comunitarios","status":"publish","type":"post","link":"https:\/\/www.diarioimagen.net\/?p=313626","title":{"rendered":"Reconoce Del Mazo el valor de liderazgos comunitarios"},"content":{"rendered":"<ul>\n<li><strong><em>Reuni\u00f3n con m\u00e1s de mil 800 delegados<\/em><\/strong><\/li>\n<\/ul>\n<p>&nbsp;<\/p>\n<div id=\"attachment_313695\" style=\"width: 470px\" class=\"wp-caption aligncenter\"><a href=\"http:\/\/www.diarioimagen.net\/?attachment_id=313695\" rel=\"attachment wp-att-313695\"><img loading=\"lazy\" decoding=\"async\" aria-describedby=\"caption-attachment-313695\" class=\"size-large wp-image-313695\" src=\"http:\/\/www.diarioimagen.net\/wp-content\/uploads\/2017\/02\/del-mazo-3064-460x259.jpg\" alt=\"\" width=\"460\" height=\"259\" srcset=\"https:\/\/www.diarioimagen.net\/wp-content\/uploads\/2017\/02\/del-mazo-3064-460x259.jpg 460w, https:\/\/www.diarioimagen.net\/wp-content\/uploads\/2017\/02\/del-mazo-3064-240x135.jpg 240w, https:\/\/www.diarioimagen.net\/wp-content\/uploads\/2017\/02\/del-mazo-3064-235x132.jpg 235w, https:\/\/www.diarioimagen.net\/wp-content\/uploads\/2017\/02\/del-mazo-3064-202x114.jpg 202w, https:\/\/www.diarioimagen.net\/wp-content\/uploads\/2017\/02\/del-mazo-3064-350x196.jpg 350w, https:\/\/www.diarioimagen.net\/wp-content\/uploads\/2017\/02\/del-mazo-3064-220x123.jpg 220w, https:\/\/www.diarioimagen.net\/wp-content\/uploads\/2017\/02\/del-mazo-3064-237x132.jpg 237w, https:\/\/www.diarioimagen.net\/wp-content\/uploads\/2017\/02\/del-mazo-3064.jpg 480w\" sizes=\"auto, (max-width: 460px) 100vw, 460px\" \/><\/a><p id=\"caption-attachment-313695\" class=\"wp-caption-text\">Alfredo del Mazo se reuni\u00f3 en Tlalnepantla con m\u00e1s de mil 800 delegados pri\u00edstas que participar\u00e1n en la pr\u00f3xima asamblea electiva estatal.<\/p><\/div>\n<p>&nbsp;<\/p>\n<p><strong>Tlalnepantla de Baz, Estado de M\u00e9xico<\/strong>.- Alfredo del Mazo Maza, precandidato \u00fanico del PRI al gobierno del Estado de M\u00e9xico, reconoci\u00f3 la importancia que tienen los liderazgos comunitarios de quienes integran al priismo mexiquense, al sostener una reuni\u00f3n con m\u00e1s de mil 800 delegados de su partido que participar\u00e1n en la pr\u00f3xima asamblea electiva estatal de dicho instituto pol\u00edtico.<\/p>\n<p>En\u00a0 Tlalnepantla, municipio cuyo desarrollo econ\u00f3mico debido a la\u00a0 producci\u00f3n industrial aporta poco m\u00e1s del 13% del Producto Interno Bruto de la entidad, Del Mazo record\u00f3 las acciones que se han hecho para impulsar el crecimiento de esta regi\u00f3n del Estado de M\u00e9xico, y para atraer nuevas inversiones y generar mejores empleos.<\/p>\n<p>Logros que, explic\u00f3, son los que el PRI tiene que defender, pero que tambi\u00e9n obligan a comprometerse para trabajar en equipo y atender aquellos temas que a\u00fan se encuentran pendiente.<\/p>\n","protected":false},"excerpt":{"rendered":"<p>Alfredo del Mazo Maza, precandidato \u00fanico del PRI al gobierno del Estado de M\u00e9xico, reconoci\u00f3 la importancia que tienen los liderazgos comunitarios de quienes integran al priismo mexiquense, al sostener una reuni\u00f3n con m\u00e1s de mil 800 delegados de su partido que participar\u00e1n en la pr\u00f3xima asamblea electiva estatal de dicho instituto pol\u00edtico.<\/p>\n","protected":false},"author":3,"featured_media":313695,"comment_status":"open","ping_status":"open","sticky":false,"template":"","format":"standard","meta":{"_monsterinsights_skip_tracking":false,"_monsterinsights_sitenote_active":false,"_monsterinsights_sitenote_note":"","_monsterinsights_sitenote_category":0,"footnotes":""},"categories":[5],"tags":[2505,43675,49326,169],"class_list":["post-313626","post","type-post","status-publish","format-standard","has-post-thumbnail","hentry","category-estado-de-mexico","tag-alfredo-del-mazo-maza","tag-estado-de-mexico","tag-liderazgo","tag-tlalnepantla"],"_links":{"self":[{"href":"https:\/\/www.diarioimagen.net\/index.php?rest_route=\/wp\/v2\/posts\/313626","targetHints":{"allow":["GET"]}}],"collection":[{"href":"https:\/\/www.diarioimagen.net\/index.php?rest_route=\/wp\/v2\/posts"}],"about":[{"href":"https:\/\/www.diarioimagen.net\/index.php?rest_route=\/wp\/v2\/types\/post"}],"author":[{"embeddable":true,"href":"https:\/\/www.diarioimagen.net\/index.php?rest_route=\/wp\/v2\/users\/3"}],"replies":[{"embeddable":true,"href":"https:\/\/www.diarioimagen.net\/index.php?rest_route=%2Fwp%2Fv2%2Fcomments&post=313626"}],"version-history":[{"count":0,"href":"https:\/\/www.diarioimagen.net\/index.php?rest_route=\/wp\/v2\/posts\/313626\/revisions"}],"wp:featuredmedia":[{"embeddable":true,"href":"https:\/\/www.diarioimagen.net\/index.php?rest_route=\/wp\/v2\/media\/313695"}],"wp:attachment":[{"href":"https:\/\/www.diarioimagen.net\/index.php?rest_route=%2Fwp%2Fv2%2Fmedia&parent=313626"}],"wp:term":[{"taxonomy":"category","embeddable":true,"href":"https:\/\/www.diarioimagen.net\/index.php?rest_route=%2Fwp%2Fv2%2Fcategories&post=313626"},{"taxonomy":"post_tag","embeddable":true,"href":"https:\/\/www.diarioimagen.net\/index.php?rest_route=%2Fwp%2Fv2%2Ftags&post=313626"}],"curies":[{"name":"wp","href":"https:\/\/api.w.org\/{rel}","templated":true}]}}