{"id":313632,"date":"2017-02-23T00:04:06","date_gmt":"2017-02-23T06:04:06","guid":{"rendered":"http:\/\/www.diarioimagen.net\/?p=313632"},"modified":"2017-02-23T05:20:59","modified_gmt":"2017-02-23T11:20:59","slug":"entrega-denisse-ugalde-calles-mas-iluminadas-en-san-lucas-tepetlacalco","status":"publish","type":"post","link":"https:\/\/www.diarioimagen.net\/?p=313632","title":{"rendered":"Entrega Denisse Ugalde calles m\u00e1s iluminadas en San Lucas Tepetlacalco"},"content":{"rendered":"<ul>\n<li><strong><em>Acciones preventivas para procurar mayor seguridad<\/em><\/strong><\/li>\n<\/ul>\n<p>&nbsp;<\/p>\n<div id=\"attachment_313710\" style=\"width: 470px\" class=\"wp-caption aligncenter\"><a href=\"http:\/\/www.diarioimagen.net\/?attachment_id=313710\" rel=\"attachment wp-att-313710\"><img loading=\"lazy\" decoding=\"async\" aria-describedby=\"caption-attachment-313710\" class=\"size-large wp-image-313710\" src=\"http:\/\/www.diarioimagen.net\/wp-content\/uploads\/2017\/02\/TLALNEPANTLA-3064-460x259.jpg\" alt=\"\" width=\"460\" height=\"259\" srcset=\"https:\/\/www.diarioimagen.net\/wp-content\/uploads\/2017\/02\/TLALNEPANTLA-3064-460x259.jpg 460w, https:\/\/www.diarioimagen.net\/wp-content\/uploads\/2017\/02\/TLALNEPANTLA-3064-240x135.jpg 240w, https:\/\/www.diarioimagen.net\/wp-content\/uploads\/2017\/02\/TLALNEPANTLA-3064-235x132.jpg 235w, https:\/\/www.diarioimagen.net\/wp-content\/uploads\/2017\/02\/TLALNEPANTLA-3064-202x114.jpg 202w, https:\/\/www.diarioimagen.net\/wp-content\/uploads\/2017\/02\/TLALNEPANTLA-3064-350x196.jpg 350w, https:\/\/www.diarioimagen.net\/wp-content\/uploads\/2017\/02\/TLALNEPANTLA-3064-220x123.jpg 220w, https:\/\/www.diarioimagen.net\/wp-content\/uploads\/2017\/02\/TLALNEPANTLA-3064-237x132.jpg 237w, https:\/\/www.diarioimagen.net\/wp-content\/uploads\/2017\/02\/TLALNEPANTLA-3064.jpg 480w\" sizes=\"auto, (max-width: 460px) 100vw, 460px\" \/><\/a><p id=\"caption-attachment-313710\" class=\"wp-caption-text\">La alcaldesa Denisse Ugalde Alegr\u00eda encendi\u00f3 el nuevo alumbrado p\u00fablico de San Lucas Tepetlacalco.<\/p><\/div>\n<p>&nbsp;<\/p>\n<p><strong>Tlalnepantla, Estado de M\u00e9xico<\/strong>.- Como parte de las acciones preventivas que se llevan a cabo para procurar mayor seguridad, la alcaldesa Denisse Ugalde Alegr\u00eda encendi\u00f3 el nuevo alumbrado p\u00fablico de San Lucas Tepetlacalco, colonia en la que se renovaron 211 luminarias Led, que adem\u00e1s de brindar m\u00e1s luz, generan un menor consumo de electricidad.<\/p>\n<p>Ante vecinos de esta comunidad, la presidenta municipal agradeci\u00f3 al gobernador Eruviel \u00c1vila Villegas las 2 mil 600 luminarias que ya se han instalado en todo el territorio local y la entrega de otras 2 mil 200 que en breve se colocar\u00e1n en las colonias que m\u00e1s se requiere.<\/p>\n<p>\u201cUna de las peticiones ciudadanas que m\u00e1s recibimos es la relacionada con calles mejor iluminadas, y el gobernador ha sido sensible a estas necesidades, dot\u00e1ndonos de las luminarias que se requieren para lograr mayor seguridad en las calles\u201d, dijo Ugalde Alegr\u00eda.<\/p>\n<p>Record\u00f3 que uno los prop\u00f3sitos de la administraci\u00f3n 2016-2018 es que Tlalnepantla sea un municipio con Cultura de Paz, por lo que este tipo de acciones contribuyen para cumplir el objetivo.<\/p>\n<p>Acompa\u00f1ada del s\u00edndico Alberto Gonz\u00e1lez Aguilar y dem\u00e1s regidores, la alcaldesa a\u00f1adi\u00f3 que como parte de este esfuerzo en el que participan los gobiernos federal, estatal y municipal, tambi\u00e9n se instalaron 257 luminarias en las colonias con alerta de g\u00e9nero, lo que permitir\u00e1 que las mujeres caminen por calles con m\u00e1s luz.<\/p>\n<p>A su vez, el director de Servicios Urbanos, Antonio Arias Garc\u00eda, inform\u00f3 que como parte de la modernizaci\u00f3n del alumbrado p\u00fablico, en San Lucas Tepetlalcalco se sustituyeron 211 luminarias de 70 watts por igual n\u00famero de l\u00e1mparas Led de 88 watts, lo que garantiza m\u00e1s iluminaci\u00f3n.<\/p>\n<p>As\u00ed tambi\u00e9n, atendiendo las problem\u00e1ticas de la colonia, se implement\u00f3 la nueva se\u00f1alizaci\u00f3n vial, con la finalidad de evitar congestionamientos vehiculares; \u00a0se pintaron guarniciones y se bachearon diversas calles con 50 toneladas de asfalto.<\/p>\n<p>&nbsp;<\/p>\n","protected":false},"excerpt":{"rendered":"<p>Como parte de las acciones preventivas que se llevan a cabo para procurar mayor seguridad, la alcaldesa Denisse Ugalde Alegr\u00eda encendi\u00f3 el nuevo alumbrado p\u00fablico de San Lucas Tepetlacalco, colonia en la que se renovaron 211 luminarias Led, que adem\u00e1s de brindar m\u00e1s luz, generan un menor consumo de electricidad.<\/p>\n","protected":false},"author":3,"featured_media":313710,"comment_status":"open","ping_status":"open","sticky":false,"template":"","format":"standard","meta":{"_monsterinsights_skip_tracking":false,"_monsterinsights_sitenote_active":false,"_monsterinsights_sitenote_note":"","_monsterinsights_sitenote_category":0,"footnotes":""},"categories":[35155],"tags":[50283,43675,169],"class_list":["post-313632","post","type-post","status-publish","format-standard","has-post-thumbnail","hentry","category-estado-de-mexico-estado-de-mexico","tag-calles","tag-estado-de-mexico","tag-tlalnepantla"],"_links":{"self":[{"href":"https:\/\/www.diarioimagen.net\/index.php?rest_route=\/wp\/v2\/posts\/313632","targetHints":{"allow":["GET"]}}],"collection":[{"href":"https:\/\/www.diarioimagen.net\/index.php?rest_route=\/wp\/v2\/posts"}],"about":[{"href":"https:\/\/www.diarioimagen.net\/index.php?rest_route=\/wp\/v2\/types\/post"}],"author":[{"embeddable":true,"href":"https:\/\/www.diarioimagen.net\/index.php?rest_route=\/wp\/v2\/users\/3"}],"replies":[{"embeddable":true,"href":"https:\/\/www.diarioimagen.net\/index.php?rest_route=%2Fwp%2Fv2%2Fcomments&post=313632"}],"version-history":[{"count":0,"href":"https:\/\/www.diarioimagen.net\/index.php?rest_route=\/wp\/v2\/posts\/313632\/revisions"}],"wp:featuredmedia":[{"embeddable":true,"href":"https:\/\/www.diarioimagen.net\/index.php?rest_route=\/wp\/v2\/media\/313710"}],"wp:attachment":[{"href":"https:\/\/www.diarioimagen.net\/index.php?rest_route=%2Fwp%2Fv2%2Fmedia&parent=313632"}],"wp:term":[{"taxonomy":"category","embeddable":true,"href":"https:\/\/www.diarioimagen.net\/index.php?rest_route=%2Fwp%2Fv2%2Fcategories&post=313632"},{"taxonomy":"post_tag","embeddable":true,"href":"https:\/\/www.diarioimagen.net\/index.php?rest_route=%2Fwp%2Fv2%2Ftags&post=313632"}],"curies":[{"name":"wp","href":"https:\/\/api.w.org\/{rel}","templated":true}]}}