{"id":313657,"date":"2017-02-23T00:11:37","date_gmt":"2017-02-23T06:11:37","guid":{"rendered":"http:\/\/www.diarioimagen.net\/?p=313657"},"modified":"2017-02-24T03:04:37","modified_gmt":"2017-02-24T09:04:37","slug":"videgaray-no-recibiremos-deportados-de-otros-paises","status":"publish","type":"post","link":"https:\/\/www.diarioimagen.net\/?p=313657","title":{"rendered":"Videgaray: no recibiremos deportados de otros pa\u00edses"},"content":{"rendered":"<ul>\n<li><strong><em>Dice el canciller que no se aceptar\u00e1n imposiciones<\/em><\/strong><\/li>\n<\/ul>\n<p>&nbsp;<\/p>\n<div id=\"attachment_313739\" style=\"width: 470px\" class=\"wp-caption aligncenter\"><a href=\"http:\/\/www.diarioimagen.net\/?attachment_id=313739\" rel=\"attachment wp-att-313739\"><img loading=\"lazy\" decoding=\"async\" aria-describedby=\"caption-attachment-313739\" class=\"size-large wp-image-313739\" src=\"http:\/\/www.diarioimagen.net\/wp-content\/uploads\/2017\/02\/VIDEGARAY-3064-460x259.jpg\" alt=\"\" width=\"460\" height=\"259\" srcset=\"https:\/\/www.diarioimagen.net\/wp-content\/uploads\/2017\/02\/VIDEGARAY-3064-460x259.jpg 460w, https:\/\/www.diarioimagen.net\/wp-content\/uploads\/2017\/02\/VIDEGARAY-3064-240x135.jpg 240w, https:\/\/www.diarioimagen.net\/wp-content\/uploads\/2017\/02\/VIDEGARAY-3064-235x132.jpg 235w, https:\/\/www.diarioimagen.net\/wp-content\/uploads\/2017\/02\/VIDEGARAY-3064-202x114.jpg 202w, https:\/\/www.diarioimagen.net\/wp-content\/uploads\/2017\/02\/VIDEGARAY-3064-350x196.jpg 350w, https:\/\/www.diarioimagen.net\/wp-content\/uploads\/2017\/02\/VIDEGARAY-3064-220x123.jpg 220w, https:\/\/www.diarioimagen.net\/wp-content\/uploads\/2017\/02\/VIDEGARAY-3064-237x132.jpg 237w, https:\/\/www.diarioimagen.net\/wp-content\/uploads\/2017\/02\/VIDEGARAY-3064.jpg 480w\" sizes=\"auto, (max-width: 460px) 100vw, 460px\" \/><\/a><p id=\"caption-attachment-313739\" class=\"wp-caption-text\">Luis Videgaray asisti\u00f3 a la firma del acuerdo entre M\u00e9xico y la Oficina del Alto Comisionado de las Naciones Unidas para los Derechos Humanos.<\/p><\/div>\n<p>&nbsp;<\/p>\n<p>El secretario de Relaciones Exteriores, Luis Videgaray, advirti\u00f3 que M\u00e9xico no aceptar\u00e1 a ninguna persona deportada de Estados Unidos con nacionalidad distinta a la mexicana.<\/p>\n<p>\u201cSer\u00eda pr\u00e1cticamente una acci\u00f3n de car\u00e1cter unilateral sin precedente, inaceptable, que los propios Estados Unidos no aceptar\u00edan, y no tenemos nosotros por qu\u00e9 aceptarla; nosotros tambi\u00e9n tenemos control de nuestras fronteras y lo ejercer\u00edamos a plenitud; es un derecho soberano de M\u00e9xico\u201d, puntualiz\u00f3.<\/p>\n<p>En conferencia de prensa, al finalizar su reuni\u00f3n privada con la Junta de Coordinaci\u00f3n Pol\u00edtica de la C\u00e1mara de Diputados, Videgaray asegur\u00f3 que las autoridades nacionales exigir\u00e1n que Estados Unidos acredite caso por caso la nacionalidad de los deportados, en caso de que insista en enviar aqu\u00ed a ciudadanos de otros pa\u00edses.<\/p>\n<p>El canciller descart\u00f3 asimismo la posibilidad de volver a concertar en breve la reuni\u00f3n del presidente Enrique Pe\u00f1a Nieto con el mandatario estadunidense Donald Trump.<\/p>\n<p>Previamente, durante la firma del acuerdo entre M\u00e9xico y la Oficina del Alto Comisionado de las Naciones Unidas para los Derechos Humanos, el secretario de Relaciones Exteriores el canciller mexicano afirm\u00f3 que el gobierno y el pueblo de M\u00e9xico no aceptar\u00e1n disposiciones que un gobierno le quiera imponer al otro.<\/p>\n<p>El titular de la SRE ratific\u00f3 que \u201cel gobierno de M\u00e9xico, va a actuar por todos los medios jur\u00eddicamente posibles para la defensa de los derechos humanos de los mexicanos en el exterior, particularmente en Estados Unidos\u201d.<\/p>\n<p>Se\u00f1al\u00f3 que la acci\u00f3n implicar\u00e1 un despliegue sin precedente de informaci\u00f3n a los connacionales en la uni\u00f3n americana, para que conozcan sus derechos y sepan c\u00f3mo actuar ante posibles violaciones a su dignidad y sus derechos humanos.<\/p>\n<p>Agreg\u00f3 que se actuar\u00e1 por la v\u00eda jur\u00eddica con absoluto respeto al Estado de derecho en los Estados Unidos, acudiendo a las instancias jurisdiccionales, tanto para casos individuales como colectivos.<\/p>\n<p>El funcionario federal puntualiz\u00f3 que la canciller\u00eda ya trabaja en distintos casos, que en su opini\u00f3n representan violaciones al debido proceso, e incluso a los derechos humanos.<\/p>\n<p>\u201cQue no quede ninguna duda, M\u00e9xico y el gobierno de M\u00e9xico no habr\u00e1n de dudar en acudir a los organismos multilaterales, empezando por las Naciones Unidas, para defender, conforme al derecho internacional, los derechos humanos, las libertades y el debido proceso en favor de los mexicanos en el exterior\u201d, concluy\u00f3.<\/p>\n<p>&nbsp;<\/p>\n","protected":false},"excerpt":{"rendered":"<p>El secretario de Relaciones Exteriores, Luis Videgaray, advirti\u00f3 que M\u00e9xico no aceptar\u00e1 a ninguna persona deportada de Estados Unidos con nacionalidad distinta a la mexicana.<\/p>\n","protected":false},"author":3,"featured_media":313739,"comment_status":"open","ping_status":"open","sticky":false,"template":"","format":"standard","meta":{"_monsterinsights_skip_tracking":false,"_monsterinsights_sitenote_active":false,"_monsterinsights_sitenote_note":"","_monsterinsights_sitenote_category":0,"footnotes":""},"categories":[3],"tags":[57432,7517,43673],"class_list":["post-313657","post","type-post","status-publish","format-standard","has-post-thumbnail","hentry","category-nacional","tag-deportados","tag-luis-videgaray-caso","tag-nacional"],"_links":{"self":[{"href":"https:\/\/www.diarioimagen.net\/index.php?rest_route=\/wp\/v2\/posts\/313657","targetHints":{"allow":["GET"]}}],"collection":[{"href":"https:\/\/www.diarioimagen.net\/index.php?rest_route=\/wp\/v2\/posts"}],"about":[{"href":"https:\/\/www.diarioimagen.net\/index.php?rest_route=\/wp\/v2\/types\/post"}],"author":[{"embeddable":true,"href":"https:\/\/www.diarioimagen.net\/index.php?rest_route=\/wp\/v2\/users\/3"}],"replies":[{"embeddable":true,"href":"https:\/\/www.diarioimagen.net\/index.php?rest_route=%2Fwp%2Fv2%2Fcomments&post=313657"}],"version-history":[{"count":0,"href":"https:\/\/www.diarioimagen.net\/index.php?rest_route=\/wp\/v2\/posts\/313657\/revisions"}],"wp:featuredmedia":[{"embeddable":true,"href":"https:\/\/www.diarioimagen.net\/index.php?rest_route=\/wp\/v2\/media\/313739"}],"wp:attachment":[{"href":"https:\/\/www.diarioimagen.net\/index.php?rest_route=%2Fwp%2Fv2%2Fmedia&parent=313657"}],"wp:term":[{"taxonomy":"category","embeddable":true,"href":"https:\/\/www.diarioimagen.net\/index.php?rest_route=%2Fwp%2Fv2%2Fcategories&post=313657"},{"taxonomy":"post_tag","embeddable":true,"href":"https:\/\/www.diarioimagen.net\/index.php?rest_route=%2Fwp%2Fv2%2Ftags&post=313657"}],"curies":[{"name":"wp","href":"https:\/\/api.w.org\/{rel}","templated":true}]}}