{"id":313660,"date":"2017-02-23T00:10:22","date_gmt":"2017-02-23T06:10:22","guid":{"rendered":"http:\/\/www.diarioimagen.net\/?p=313660"},"modified":"2017-02-23T05:46:40","modified_gmt":"2017-02-23T11:46:40","slug":"recibe-pena-nieto-a-yair-pina-mexicano-que-viajara-a-marte","status":"publish","type":"post","link":"https:\/\/www.diarioimagen.net\/?p=313660","title":{"rendered":"Recibe Pe\u00f1a Nieto a Yair Pi\u00f1a, mexicano que viajar\u00e1 a Marte"},"content":{"rendered":"<p><a href=\"http:\/\/www.diarioimagen.net\/?attachment_id=313757\" rel=\"attachment wp-att-313757\"><img loading=\"lazy\" decoding=\"async\" class=\"aligncenter size-large wp-image-313757\" src=\"http:\/\/www.diarioimagen.net\/wp-content\/uploads\/2017\/02\/nasa-3064-460x259.jpg\" alt=\"\" width=\"460\" height=\"259\" srcset=\"https:\/\/www.diarioimagen.net\/wp-content\/uploads\/2017\/02\/nasa-3064-460x259.jpg 460w, https:\/\/www.diarioimagen.net\/wp-content\/uploads\/2017\/02\/nasa-3064-240x135.jpg 240w, https:\/\/www.diarioimagen.net\/wp-content\/uploads\/2017\/02\/nasa-3064-235x132.jpg 235w, https:\/\/www.diarioimagen.net\/wp-content\/uploads\/2017\/02\/nasa-3064-202x114.jpg 202w, https:\/\/www.diarioimagen.net\/wp-content\/uploads\/2017\/02\/nasa-3064-350x196.jpg 350w, https:\/\/www.diarioimagen.net\/wp-content\/uploads\/2017\/02\/nasa-3064-220x123.jpg 220w, https:\/\/www.diarioimagen.net\/wp-content\/uploads\/2017\/02\/nasa-3064-237x132.jpg 237w, https:\/\/www.diarioimagen.net\/wp-content\/uploads\/2017\/02\/nasa-3064.jpg 480w\" sizes=\"auto, (max-width: 460px) 100vw, 460px\" \/><\/a><\/p>\n<p>&nbsp;<\/p>\n<p>El presidente, Enrique Pe\u00f1a Nieto, recibi\u00f3 en la residencia oficial de Los Pinos a Yair Israel Pi\u00f1a L\u00f3pez, estudiante de f\u00edsica en la Facultad de Ciencias de la UNAM, quien fue seleccionado por la NASA para formar parte de la Tripulaci\u00f3n en la Estaci\u00f3n de Investigaci\u00f3n del Desierto de Marte.<\/p>\n<p>En el encuentro realizado de forma privada, el mandatario consider\u00f3 al estudiante un gran orgullo para M\u00e9xico.<\/p>\n","protected":false},"excerpt":{"rendered":"<p>El presidente, Enrique Pe\u00f1a Nieto, recibi\u00f3 en la residencia oficial de Los Pinos a Yair Israel Pi\u00f1a L\u00f3pez, estudiante de f\u00edsica en la Facultad de Ciencias de la UNAM, quien fue seleccionado por la NASA para formar parte de la Tripulaci\u00f3n en la Estaci\u00f3n de Investigaci\u00f3n del Desierto de Marte.<\/p>\n","protected":false},"author":3,"featured_media":313757,"comment_status":"open","ping_status":"open","sticky":false,"template":"","format":"standard","meta":{"_monsterinsights_skip_tracking":false,"_monsterinsights_sitenote_active":false,"_monsterinsights_sitenote_note":"","_monsterinsights_sitenote_category":0,"footnotes":""},"categories":[3],"tags":[18,43673,4691,54694],"class_list":["post-313660","post","type-post","status-publish","format-standard","has-post-thumbnail","hentry","category-nacional","tag-enrique-pena-nieto","tag-nacional","tag-nasa","tag-yair-israel-pina-lopez"],"_links":{"self":[{"href":"https:\/\/www.diarioimagen.net\/index.php?rest_route=\/wp\/v2\/posts\/313660","targetHints":{"allow":["GET"]}}],"collection":[{"href":"https:\/\/www.diarioimagen.net\/index.php?rest_route=\/wp\/v2\/posts"}],"about":[{"href":"https:\/\/www.diarioimagen.net\/index.php?rest_route=\/wp\/v2\/types\/post"}],"author":[{"embeddable":true,"href":"https:\/\/www.diarioimagen.net\/index.php?rest_route=\/wp\/v2\/users\/3"}],"replies":[{"embeddable":true,"href":"https:\/\/www.diarioimagen.net\/index.php?rest_route=%2Fwp%2Fv2%2Fcomments&post=313660"}],"version-history":[{"count":0,"href":"https:\/\/www.diarioimagen.net\/index.php?rest_route=\/wp\/v2\/posts\/313660\/revisions"}],"wp:featuredmedia":[{"embeddable":true,"href":"https:\/\/www.diarioimagen.net\/index.php?rest_route=\/wp\/v2\/media\/313757"}],"wp:attachment":[{"href":"https:\/\/www.diarioimagen.net\/index.php?rest_route=%2Fwp%2Fv2%2Fmedia&parent=313660"}],"wp:term":[{"taxonomy":"category","embeddable":true,"href":"https:\/\/www.diarioimagen.net\/index.php?rest_route=%2Fwp%2Fv2%2Fcategories&post=313660"},{"taxonomy":"post_tag","embeddable":true,"href":"https:\/\/www.diarioimagen.net\/index.php?rest_route=%2Fwp%2Fv2%2Ftags&post=313660"}],"curies":[{"name":"wp","href":"https:\/\/api.w.org\/{rel}","templated":true}]}}