{"id":313664,"date":"2017-02-23T00:01:24","date_gmt":"2017-02-23T06:01:24","guid":{"rendered":"http:\/\/www.diarioimagen.net\/?p=313664"},"modified":"2017-02-23T06:20:33","modified_gmt":"2017-02-23T12:20:33","slug":"en-el-xv-foro-nacional-de-turismo-se-hizo-recuento-de-los-logros-y-exitos-obtenidos-en-materia-de-turismo-cultural","status":"publish","type":"post","link":"https:\/\/www.diarioimagen.net\/?p=313664","title":{"rendered":"En el XV Foro Nacional de Turismo se hizo recuento de los logros y \u00e9xitos obtenidos en materia de turismo cultural"},"content":{"rendered":"<h2>De cinco estrellas<\/h2>\n<h5>Victoria Gonz\u00e1lez Prado<\/h5>\n<p>&nbsp;<\/p>\n<ul>\n<li><em><strong>La SCT comunica al pa\u00eds por cielo, mar y tierra para que el pa\u00eds tenga mejor conectividad<\/strong><\/em><\/li>\n<\/ul>\n<p>&nbsp;<\/p>\n<div id=\"attachment_313745\" style=\"width: 470px\" class=\"wp-caption aligncenter\"><a href=\"http:\/\/www.diarioimagen.net\/?attachment_id=313745\" rel=\"attachment wp-att-313745\"><img loading=\"lazy\" decoding=\"async\" aria-describedby=\"caption-attachment-313745\" class=\"size-large wp-image-313745\" src=\"http:\/\/www.diarioimagen.net\/wp-content\/uploads\/2017\/02\/turismo-3064-460x259.jpg\" alt=\"\" width=\"460\" height=\"259\" srcset=\"https:\/\/www.diarioimagen.net\/wp-content\/uploads\/2017\/02\/turismo-3064-460x259.jpg 460w, https:\/\/www.diarioimagen.net\/wp-content\/uploads\/2017\/02\/turismo-3064-240x135.jpg 240w, https:\/\/www.diarioimagen.net\/wp-content\/uploads\/2017\/02\/turismo-3064-235x132.jpg 235w, https:\/\/www.diarioimagen.net\/wp-content\/uploads\/2017\/02\/turismo-3064-202x114.jpg 202w, https:\/\/www.diarioimagen.net\/wp-content\/uploads\/2017\/02\/turismo-3064-350x196.jpg 350w, https:\/\/www.diarioimagen.net\/wp-content\/uploads\/2017\/02\/turismo-3064-220x123.jpg 220w, https:\/\/www.diarioimagen.net\/wp-content\/uploads\/2017\/02\/turismo-3064-237x132.jpg 237w, https:\/\/www.diarioimagen.net\/wp-content\/uploads\/2017\/02\/turismo-3064.jpg 480w\" sizes=\"auto, (max-width: 460px) 100vw, 460px\" \/><\/a><p id=\"caption-attachment-313745\" class=\"wp-caption-text\">Lourdes Berho, directora del Consejo de Promoci\u00f3n Tur\u00edstica de M\u00e9xico.<\/p><\/div>\n<p>&nbsp;<\/p>\n<p><strong>Lourdes Berho<\/strong>, directora del Consejo de Promoci\u00f3n Tur\u00edstica de M\u00e9xico estuvo tambi\u00e9n en el XV Foro Nacional de Turismo e hizo un recuento de los proyectos en los que est\u00e1 trabajando.<\/p>\n<p>Se refiri\u00f3 a las macrotendencias tur\u00edsticas a nivel mundial y a los objetivos para el 2021 \u201cqueremos estar en el <em>top five.<\/em> \u00bfPor qu\u00e9 no estar en el n\u00famero cinco cuando tenemos un pa\u00eds realmente muy rico a nivel internacional? Debemos aprovechar esta gran diversidad que M\u00e9xico tiene y saberla difundir adecuadamente a las diferentes audiencias en el mundo\u201d.<\/p>\n<p>Al mismo tiempo, asegur\u00f3 \u201ces el momento de relanzar los destinos que pusieron a M\u00e9xico en el mapa internacional, en el mapa mundial, y con diferentes vocaciones y diferente impulso. Estamos trabajando mucho con Acapulco para reposicionarlo. Relanzarlo los nuevos Acapulcos que hoy en d\u00eda son, y que conforme un destino tur\u00edstico, y ahora que el tianguis va a ser en Acapulco tambi\u00e9n, nos da la pauta para poder realmente recordarle al mundo y a los mexicanos y a todos los que fuimos hechos en Acapulco todo lo que Acapulco nos ha dado\u201d.<\/p>\n<p><strong>Lourdes Berho<\/strong> dijo que se pondr\u00e1 en marca una campa\u00f1a local, luego una nacional y generar la conectividad que Acapulco requiere para volverse a poner en este gran mapa que se merece como uno de los destinos principales que nos puso a M\u00e9xico a brillar en el mundo entero\u201d.<\/p>\n<p>Luego hizo un recuento de las campa\u00f1as y record\u00f3 c\u00f3mo naci\u00f3 el Consejo de Promoci\u00f3n Tur\u00edstica.<\/p>\n<p>Las pol\u00edticas p\u00fablicas y el turismo fue el panel en el que participaron los titulares de tres sectores: <strong>Gerardo Ruiz Esparza<\/strong>, secretario de Comunicaciones y Transportes; <strong>Mar\u00eda Cristina Garc\u00eda Cepeda<\/strong>, secretaria de Cultura y el\u00a0 <strong>Cuauht\u00e9moc Ochoa<\/strong>, subsecretario de Fomento y Normatividad Ambiental de la Semarnat, coordinados por <strong>Enrique de la Madrid<\/strong>, titular de la Sectur federal<\/p>\n<p>En su oportunidad, la titular de Cultura habl\u00f3 de la riqueza y potencial de M\u00e9xico en este tema y, mencion\u00f3 algunas cifras \u201cocupamos el s\u00e9ptimo lugar en patrimonio mundial declarado con 34 bienes, y el primero en Am\u00e9rica Latina; compartimos con Per\u00fa y Colombia el octavo lugar en Patrimonio Cultural; el s\u00e9ptimo Patrimonio documental en el registro Memoria del Mundo; M\u00e9xico es uno de los ocho pa\u00edses en los que se concentra la mitad de las lenguas del mundo, existen 68 lenguas ind\u00edgenas con m\u00e1s de 364 variantes, somos el quinto lugar en el mundo y el segundo en Am\u00e9rica Latina\u201d.<\/p>\n<p>M\u00e1s de mil 200 museos, m\u00e1s de 645 teatros, m\u00e1s de 789 galer\u00edas, 189 zonas arqueol\u00f3gicas abiertas al p\u00fablico, m\u00e1s de 6,000 salas cinematogr\u00e1ficas, m\u00e1s de 800 festivales art\u00edsticos y un sinn\u00famero de festivales tradicionales a lo largo y ancho de nuestro territorio\u201d, agreg\u00f3.<\/p>\n<p>Al mismo tiempo se refiri\u00f3 a Teotihuac\u00e1n, Chich\u00e9n-Itz\u00e1, Cholula, como experiencias \u00fanicas y a la gastronom\u00eda, Patrimonio Inmaterial.<\/p>\n<p>En su oportunidad,<strong> Gerardo Ruiz Esparza<\/strong>, asegur\u00f3:<strong> \u201c<\/strong>estamos construyendo el programa de infraestructura m\u00e1s importante de la historia. Estamos construyendo 52 nuevas autopistas que van a conectar mejor a nuestras regiones m\u00e1s importantes, para el comercio, los negocios, pero tambi\u00e9n para el turismo\u201d.<\/p>\n<p>\u201cYa se han terminado 32. Tambi\u00e9n 80 carreteras nuevas con m\u00e1s de 3,000 kil\u00f3metros. Se han terminado 64 de las 80. Estamos duplicando la capacidad operativa de los puertos de 260 a 520 millones de toneladas, con la construcci\u00f3n del puerto m\u00e1s grande del mundo, que se construye en este momento, el nuevo puerto de Veracruz con una capacidad para 100 millones de toneladas al a\u00f1o, lo que se traduce en quintuplicar la capacidad actual del puerto\u201d.<\/p>\n<p>Tambi\u00e9n se refiri\u00f3 a los trenes de pasajeros, el tren M\u00e9xico-Toluca, en marzo pr\u00f3ximo, en la zona del Estado de M\u00e9xico, Zinacantepec, Lerma, podr\u00e1 verse circulando en pruebas operativas. \u201cEs el primer tren de alta velocidad de Am\u00e9rica\u201d, asegur\u00f3 y agreg\u00f3 \u201ctambi\u00e9n pronto en pruebas operativas el nuevo tren el\u00e9ctrico de Guadalajara\u201d.<\/p>\n<p>Por lo que respecta a los aeropuertos, <strong>Ruiz Esparza<\/strong>, dijo: \u201chemos modernizado pr\u00e1cticamente la infraestructura aeroportuaria del pa\u00eds, 28 aeropuertos los estamos modernizando y el Nuevo Aeropuerto de la Ciudad de M\u00e9xico se est\u00e1 construyendo en tiempo y forma\u201d.<\/p>\n<p>En materia aeron\u00e1utica, dijo entre 2012 y 2016, el transporte a\u00e9reo log\u00f3 crecimientos hist\u00f3ricos, como lo est\u00e1 logrando el turismo. Vamos pr\u00e1cticamente de la mano.<\/p>\n<p>\u201cEl n\u00famero de pasajeros creci\u00f3 de 56 a 82 millones. La oferta de asientos disponibles y la flota a\u00e9rea tan importante, para trasladar con seguridad a los pasajeros creci\u00f3 un 40 por ciento de 250 a 360 unidades. El n\u00famero de vuelos, se increment\u00f3 al pasar de 656 mil a 812 mil vuelos, 733 nuevas rutas, 334 nacionales y 399 internacionales\u201d.<\/p>\n<p>La flota a\u00e9rea ten\u00eda una antig\u00fcedad de 18 a\u00f1os, era una flora a\u00e9rea antigua. Hoy\u00a0\u00a0 es de siete a\u00f1os en promedio, una de las m\u00e1s modernas del mundo, una de las m\u00e1s seguras del mundo\u201d, agreg\u00f3.<\/p>\n<p>Al retomar la remodelaci\u00f3n de 28 aeropuertos, dijo que se est\u00e1 \u201chaciendo una nueva terminal en Acapulco, en Veracruz y la de Los Cabos se reconstruy\u00f3 y se est\u00e1 ampliando, al igual que la de Guadalajara y M\u00e9rida\u201d. En el aeropuerto de Tijuana \u201cse construy\u00f3 un puente de interconexi\u00f3n con la ciudad de San Diego, que ha tenido gran \u00e9xito, 1.4 millones de pasajeros lo han utilizado\u201d.<\/p>\n<p>Asimismo, el Aeropuerto de Canc\u00fan tiene una nueva Terminal, la 3, y la Terminal 4 que concluir\u00e1 a finales de este a\u00f1o. \u201cSer\u00e1 el aeropuerto m\u00e1s grande de M\u00e9xico, con m\u00e1s capacidad que el actual Aeropuerto de la Ciudad de M\u00e9xico.<\/p>\n<p>Se\u00f1al\u00f3 que \u201cel Sistema de Navegaci\u00f3n de los Aeropuertos en la Ciudad de M\u00e9xico\u00a0 es el m\u00e1s moderno, de \u00faltima generaci\u00f3n, que hay en el mundo\u201d.<\/p>\n<p>\u201cEn marzo pr\u00f3ximo terminaremos el paso expr\u00e9s de Cuernavaca, estamos ampliando la autopista a 10 carriles, para que haya cuatro carriles confinados que permitan pasar r\u00e1pidamente por la ciudad de Cuernavaca, poder ir a Tequesquitengo y poder llegar al puerto de Acapulco m\u00e1s r\u00e1pido. Para llegar a Puebla ampliamos la autopista a 12 carriles. Tenemos obras important\u00edsimas para el desarrollo tur\u00edstico del pa\u00eds, la M\u00e9xico-Tuxpan, puso el puerto a tan s\u00f3lo dos horas y media de la Ciudad de M\u00e9xico,<\/p>\n<p>En Oaxaca, la Oaxaca-Puerto Escondido es una obra que no solamente va a ser un icono en las zonas econ\u00f3micas especiales, esta obra estar\u00e1 terminada antes de acabar esta administraci\u00f3n.<\/p>\n<p>Ser\u00e1 un apoyo important\u00edsimo para Oaxaca que permitir\u00e1 llegar de esa ciudad a Puerto Escondido en tal s\u00f3lo dos horas y media, dos horas 45. Va a cambiar el desarrollo de toda la zona de Puerto Escondido y Huatulco. Y ya fue inaugurada la nueva autopista que va de San Jos\u00e9 del Cabo del aeropuerto hacia Los Cabos en tan s\u00f3lo unos cuantos minutos.<\/p>\n<p><em><a href=\"mailto:victoriagprado@gmail.com\" target=\"_blank\">victoriagprado@gmail.com<\/a><\/em><br \/>\n<em>Twitter:\u00a0<a href=\"https:\/\/twitter.com\/victoriagprado\" target=\"_blank\">@victoriagprado<\/a><\/em><\/p>\n","protected":false},"excerpt":{"rendered":"<p><strong>Lourdes Berho<\/strong>, directora del Consejo de Promoci\u00f3n Tur\u00edstica de M\u00e9xico estuvo tambi\u00e9n en el XV Foro Nacional de Turismo e hizo un recuento de los proyectos en los que est\u00e1 trabajando.<\/p>\n","protected":false},"author":3,"featured_media":313745,"comment_status":"open","ping_status":"open","sticky":false,"template":"","format":"standard","meta":{"_monsterinsights_skip_tracking":false,"_monsterinsights_sitenote_active":false,"_monsterinsights_sitenote_note":"","_monsterinsights_sitenote_category":0,"footnotes":""},"categories":[11],"tags":[107,43674,43681,106],"class_list":["post-313664","post","type-post","status-publish","format-standard","has-post-thumbnail","hentry","category-turismo","tag-de-cinco-estrellas","tag-opinion","tag-turismo","tag-victoria-gonzalez-prado"],"_links":{"self":[{"href":"https:\/\/www.diarioimagen.net\/index.php?rest_route=\/wp\/v2\/posts\/313664","targetHints":{"allow":["GET"]}}],"collection":[{"href":"https:\/\/www.diarioimagen.net\/index.php?rest_route=\/wp\/v2\/posts"}],"about":[{"href":"https:\/\/www.diarioimagen.net\/index.php?rest_route=\/wp\/v2\/types\/post"}],"author":[{"embeddable":true,"href":"https:\/\/www.diarioimagen.net\/index.php?rest_route=\/wp\/v2\/users\/3"}],"replies":[{"embeddable":true,"href":"https:\/\/www.diarioimagen.net\/index.php?rest_route=%2Fwp%2Fv2%2Fcomments&post=313664"}],"version-history":[{"count":0,"href":"https:\/\/www.diarioimagen.net\/index.php?rest_route=\/wp\/v2\/posts\/313664\/revisions"}],"wp:featuredmedia":[{"embeddable":true,"href":"https:\/\/www.diarioimagen.net\/index.php?rest_route=\/wp\/v2\/media\/313745"}],"wp:attachment":[{"href":"https:\/\/www.diarioimagen.net\/index.php?rest_route=%2Fwp%2Fv2%2Fmedia&parent=313664"}],"wp:term":[{"taxonomy":"category","embeddable":true,"href":"https:\/\/www.diarioimagen.net\/index.php?rest_route=%2Fwp%2Fv2%2Fcategories&post=313664"},{"taxonomy":"post_tag","embeddable":true,"href":"https:\/\/www.diarioimagen.net\/index.php?rest_route=%2Fwp%2Fv2%2Ftags&post=313664"}],"curies":[{"name":"wp","href":"https:\/\/api.w.org\/{rel}","templated":true}]}}