{"id":313787,"date":"2017-02-24T00:07:57","date_gmt":"2017-02-24T06:07:57","guid":{"rendered":"http:\/\/www.diarioimagen.net\/?p=313787"},"modified":"2017-02-26T23:17:11","modified_gmt":"2017-02-27T05:17:11","slug":"eu-asegura-que-no-habra-deportaciones-masivas-a-mexico","status":"publish","type":"post","link":"https:\/\/www.diarioimagen.net\/?p=313787","title":{"rendered":"EU asegura que no habr\u00e1 deportaciones masivas"},"content":{"rendered":"<ul>\n<li><strong><em>Mensaje conjunto en la canciller\u00eda<\/em><\/strong><\/li>\n<\/ul>\n<p>&nbsp;<\/p>\n<div id=\"attachment_314000\" style=\"width: 470px\" class=\"wp-caption aligncenter\"><a href=\"http:\/\/www.diarioimagen.net\/?attachment_id=314000\" rel=\"attachment wp-att-314000\"><img loading=\"lazy\" decoding=\"async\" aria-describedby=\"caption-attachment-314000\" class=\"size-large wp-image-314000\" src=\"http:\/\/www.diarioimagen.net\/wp-content\/uploads\/2017\/02\/KELLY-3065-460x259.jpg\" alt=\"\" width=\"460\" height=\"259\" srcset=\"https:\/\/www.diarioimagen.net\/wp-content\/uploads\/2017\/02\/KELLY-3065-460x259.jpg 460w, https:\/\/www.diarioimagen.net\/wp-content\/uploads\/2017\/02\/KELLY-3065-240x135.jpg 240w, https:\/\/www.diarioimagen.net\/wp-content\/uploads\/2017\/02\/KELLY-3065-235x132.jpg 235w, https:\/\/www.diarioimagen.net\/wp-content\/uploads\/2017\/02\/KELLY-3065-202x114.jpg 202w, https:\/\/www.diarioimagen.net\/wp-content\/uploads\/2017\/02\/KELLY-3065-350x196.jpg 350w, https:\/\/www.diarioimagen.net\/wp-content\/uploads\/2017\/02\/KELLY-3065-220x123.jpg 220w, https:\/\/www.diarioimagen.net\/wp-content\/uploads\/2017\/02\/KELLY-3065-237x132.jpg 237w, https:\/\/www.diarioimagen.net\/wp-content\/uploads\/2017\/02\/KELLY-3065.jpg 480w\" sizes=\"auto, (max-width: 460px) 100vw, 460px\" \/><\/a><p id=\"caption-attachment-314000\" class=\"wp-caption-text\">El secretario de Seguridad Nacional, John Kelly y el de Estado, Rex Tillerson, ofrecieron una conferencia luego de reunirse con Miguel \u00c1ngel Osorio y Luis Videgaray.<\/p><\/div>\n<p>&nbsp;<\/p>\n<p>En un mensaje a medios, tras la reuni\u00f3n que sostuvo con los secretarios de Gobernaci\u00f3n, Miguel \u00c1ngel Osorio Chong y de Relaciones Exteriores, Luis Videgaray, el secretario de Seguridad Nacional de Estados Unidos, John Kelly, dej\u00f3 muy claro que no habr\u00e1 deportaciones masivas a M\u00e9xico y se actuar\u00e1 conforme a derecho, respetando los derechos humanos.<\/p>\n<p>Acompa\u00f1ado del canciller mexicano, el funcionario estadunidense insisti\u00f3 en que su pa\u00eds no har\u00e1 uso de la fuerza militar en los operativos de frontera, mismos que ser\u00e1n sistem\u00e1ticos.<\/p>\n<p>Reiter\u00f3 que en todas las deportaciones se actuar\u00e1 conforme al marco legal y se har\u00e1n con personas que tengan antecedentes penales, en estrecha colaboraci\u00f3n con el gobierno de M\u00e9xico.<\/p>\n<p>\u201cTenemos que asegurarnos que menos migrantes hagan ese viaje peligroso a Estados Unidos&#8230;trabajaremos mano a mano con nuestros hermanos mexicanos\u201d, insisti\u00f3.<\/p>\n<p>Refiri\u00f3 que la relaci\u00f3n entre Estados Unidos y M\u00e9xico es de las m\u00e1s importantes del mundo \u201cpor nuestra frontera\u201d, comercio, cultura, historia, compromiso con la democracia y con los derechos humanos, la protecci\u00f3n del medio ambiente, el narcotr\u00e1fico.<\/p>\n<p>Reconoci\u00f3 que lo que ocurre en M\u00e9xico afecta la seguridad de Estados Unidos y viceversa; \u201cnuestros pa\u00edses comparten la frontera m\u00e1s transitada de manera legal del mundo\u201d.<\/p>\n<p>John Kelly hizo referencia a la existencia de una relaci\u00f3n constante con el gobierno de M\u00e9xico, porque hay un tr\u00e1nsito legal de bienes y servicios, \u201cvital y vibrante, su pueblo y mi pueblo compartimos muchas empresas, tenemos la corresponsabilidad de velar por nuestra seguridad fronteriza\u201d.<\/p>\n<p>Hizo un reconocimiento a las personas de ambas naciones que velan por la seguridad de la frontera, \u201ces mi responsabilidad garantizar que el intercambio comercial de nuestra frontera no se vea obstaculizado de ninguna manera, pues genera millones de empleos en ambas partes, estamos comprometidos con el \u00e9xito de ambas naciones con un intercambio comercial seguro\u201d.<\/p>\n<p>Consider\u00f3 que la migraci\u00f3n debe ser segura, legal, ordenada y que se debe reconocer la peligrosa traves\u00eda que emprenden muchos ciudadanos centro y sudamericanos para llegar a la uni\u00f3n americana.<\/p>\n<p style=\"text-align: center;\"><strong>EU reconoce los lazos de colaboraci\u00f3n con M\u00e9xico: Rex Tillerson<\/strong><\/p>\n<p>Por su parte, el secretario de Estado de Estados Unidos, Rex Tillerson, subray\u00f3 el compromiso de su pa\u00eds para fortalecer los mecanismos institucionales y el intercambio productivo en materia de seguridad y prosperidad para M\u00e9xico y su pa\u00eds.<\/p>\n<p>\u201cSubrayamos nuestro compromiso para implementar la ley a potenciales terroristas y a redes criminales que trafican con drogas y que trafican con gente para llevarla a Estados Unidos, tenemos que detener el flujo de armas\u201d, expres\u00f3.<\/p>\n<p>El funcionario de la uni\u00f3n americana refiri\u00f3 que durante la reuni\u00f3n con los funcionarios mexicanos tambi\u00e9n hablaron de apoyar a Guatemala, El Salvador y Honduras, a fin de lograr una mayor prosperidad y oportunidades en la regi\u00f3n.<\/p>\n<p>Tillerson calific\u00f3 como \u201cmuy exitosos\u201d los encuentros que sostuvieron con los secretarios de Gobernaci\u00f3n, Miguel \u00c1ngel Osorio Chong; de la Defensa Nacional, Salvador Cienfuegos; de la Marina, Vidal Francisco Sober\u00f3n Sanz, y con el de Hacienda, Jos\u00e9 Antonio Meade.<\/p>\n","protected":false},"excerpt":{"rendered":"<p>En un mensaje a medios, tras la reuni\u00f3n que sostuvo con los secretarios de Gobernaci\u00f3n, Miguel \u00c1ngel Osorio Chong y de Relaciones Exteriores, Luis Videgaray, el secretario de Seguridad Nacional de Estados Unidos, John Kelly, dej\u00f3 muy claro que no habr\u00e1 deportaciones masivas a M\u00e9xico y se actuar\u00e1 conforme a derecho, respetando los derechos humanos.<\/p>\n","protected":false},"author":5,"featured_media":314000,"comment_status":"open","ping_status":"open","sticky":false,"template":"","format":"standard","meta":{"_monsterinsights_skip_tracking":false,"_monsterinsights_sitenote_active":false,"_monsterinsights_sitenote_note":"","_monsterinsights_sitenote_category":0,"footnotes":""},"categories":[3],"tags":[31808,2786,57979,56863,7517,3676,22371,880],"class_list":["post-313787","post","type-post","status-publish","format-standard","has-post-thumbnail","hentry","category-nacional","tag-deportaciones","tag-eu","tag-john-kelly","tag-luis-videgaray","tag-luis-videgaray-caso","tag-miguel-angel-osorio-chong","tag-reunion","tag-sre"],"_links":{"self":[{"href":"https:\/\/www.diarioimagen.net\/index.php?rest_route=\/wp\/v2\/posts\/313787","targetHints":{"allow":["GET"]}}],"collection":[{"href":"https:\/\/www.diarioimagen.net\/index.php?rest_route=\/wp\/v2\/posts"}],"about":[{"href":"https:\/\/www.diarioimagen.net\/index.php?rest_route=\/wp\/v2\/types\/post"}],"author":[{"embeddable":true,"href":"https:\/\/www.diarioimagen.net\/index.php?rest_route=\/wp\/v2\/users\/5"}],"replies":[{"embeddable":true,"href":"https:\/\/www.diarioimagen.net\/index.php?rest_route=%2Fwp%2Fv2%2Fcomments&post=313787"}],"version-history":[{"count":0,"href":"https:\/\/www.diarioimagen.net\/index.php?rest_route=\/wp\/v2\/posts\/313787\/revisions"}],"wp:featuredmedia":[{"embeddable":true,"href":"https:\/\/www.diarioimagen.net\/index.php?rest_route=\/wp\/v2\/media\/314000"}],"wp:attachment":[{"href":"https:\/\/www.diarioimagen.net\/index.php?rest_route=%2Fwp%2Fv2%2Fmedia&parent=313787"}],"wp:term":[{"taxonomy":"category","embeddable":true,"href":"https:\/\/www.diarioimagen.net\/index.php?rest_route=%2Fwp%2Fv2%2Fcategories&post=313787"},{"taxonomy":"post_tag","embeddable":true,"href":"https:\/\/www.diarioimagen.net\/index.php?rest_route=%2Fwp%2Fv2%2Ftags&post=313787"}],"curies":[{"name":"wp","href":"https:\/\/api.w.org\/{rel}","templated":true}]}}