{"id":313867,"date":"2017-02-24T00:11:31","date_gmt":"2017-02-24T06:11:31","guid":{"rendered":"http:\/\/www.diarioimagen.net\/?p=313867"},"modified":"2017-02-24T06:12:07","modified_gmt":"2017-02-24T12:12:07","slug":"militantes-priistas-comparten-sus-inquietudes-a-del-mazo","status":"publish","type":"post","link":"https:\/\/www.diarioimagen.net\/?p=313867","title":{"rendered":"Militantes pri\u00edstas comparten sus inquietudes a Del Mazo"},"content":{"rendered":"<p><a href=\"http:\/\/www.diarioimagen.net\/?attachment_id=313930\" rel=\"attachment wp-att-313930\"><img loading=\"lazy\" decoding=\"async\" class=\"aligncenter size-large wp-image-313930\" src=\"http:\/\/www.diarioimagen.net\/wp-content\/uploads\/2017\/02\/del-mazo-3065-460x259.jpg\" alt=\"\" width=\"460\" height=\"259\" srcset=\"https:\/\/www.diarioimagen.net\/wp-content\/uploads\/2017\/02\/del-mazo-3065-460x259.jpg 460w, https:\/\/www.diarioimagen.net\/wp-content\/uploads\/2017\/02\/del-mazo-3065-240x135.jpg 240w, https:\/\/www.diarioimagen.net\/wp-content\/uploads\/2017\/02\/del-mazo-3065-235x132.jpg 235w, https:\/\/www.diarioimagen.net\/wp-content\/uploads\/2017\/02\/del-mazo-3065-202x114.jpg 202w, https:\/\/www.diarioimagen.net\/wp-content\/uploads\/2017\/02\/del-mazo-3065-350x196.jpg 350w, https:\/\/www.diarioimagen.net\/wp-content\/uploads\/2017\/02\/del-mazo-3065-220x123.jpg 220w, https:\/\/www.diarioimagen.net\/wp-content\/uploads\/2017\/02\/del-mazo-3065-237x132.jpg 237w, https:\/\/www.diarioimagen.net\/wp-content\/uploads\/2017\/02\/del-mazo-3065.jpg 480w\" sizes=\"auto, (max-width: 460px) 100vw, 460px\" \/><\/a><\/p>\n<p>&nbsp;<\/p>\n<p><strong>Naucalpan, Estado de M\u00e9xico.- <\/strong>Inseguridad, falta de empleo y de servicios de salud fueron algunas de las inquietudes que compartieron los militantes del Revolucionario Institucional con Alfredo del Mazo Maza, precandidato \u00fanico del PRI al gobierno mexiquense en su visita a esta regi\u00f3n del Valle de M\u00e9xico.<\/p>\n<p>Acompa\u00f1ado de su coordinador de campa\u00f1a, Enrique Jacob Rocha, oriundo de este municipio, Alfredo del Mazo indic\u00f3 que en esta etapa de precampa\u00f1a lo m\u00e1s importante es escuchar todas las voces de las mujeres y hombres pri\u00edstas que conocen las necesidades de sus comunidades, y las cuales van a servir para crear el mejor proyecto para el Estado de M\u00e9xico.<\/p>\n","protected":false},"excerpt":{"rendered":"<p> Inseguridad, falta de empleo y de servicios de salud fueron algunas de las inquietudes que compartieron los militantes del Revolucionario Institucional con Alfredo del Mazo Maza, precandidato \u00fanico del PRI al gobierno mexiquense en su visita a esta regi\u00f3n del Valle de M\u00e9xico.<\/p>\n","protected":false},"author":3,"featured_media":313930,"comment_status":"open","ping_status":"open","sticky":false,"template":"","format":"standard","meta":{"_monsterinsights_skip_tracking":false,"_monsterinsights_sitenote_active":false,"_monsterinsights_sitenote_note":"","_monsterinsights_sitenote_category":0,"footnotes":""},"categories":[5],"tags":[2505,43675,970,362],"class_list":["post-313867","post","type-post","status-publish","format-standard","has-post-thumbnail","hentry","category-estado-de-mexico","tag-alfredo-del-mazo-maza","tag-estado-de-mexico","tag-naucalpan","tag-pri"],"_links":{"self":[{"href":"https:\/\/www.diarioimagen.net\/index.php?rest_route=\/wp\/v2\/posts\/313867","targetHints":{"allow":["GET"]}}],"collection":[{"href":"https:\/\/www.diarioimagen.net\/index.php?rest_route=\/wp\/v2\/posts"}],"about":[{"href":"https:\/\/www.diarioimagen.net\/index.php?rest_route=\/wp\/v2\/types\/post"}],"author":[{"embeddable":true,"href":"https:\/\/www.diarioimagen.net\/index.php?rest_route=\/wp\/v2\/users\/3"}],"replies":[{"embeddable":true,"href":"https:\/\/www.diarioimagen.net\/index.php?rest_route=%2Fwp%2Fv2%2Fcomments&post=313867"}],"version-history":[{"count":0,"href":"https:\/\/www.diarioimagen.net\/index.php?rest_route=\/wp\/v2\/posts\/313867\/revisions"}],"wp:featuredmedia":[{"embeddable":true,"href":"https:\/\/www.diarioimagen.net\/index.php?rest_route=\/wp\/v2\/media\/313930"}],"wp:attachment":[{"href":"https:\/\/www.diarioimagen.net\/index.php?rest_route=%2Fwp%2Fv2%2Fmedia&parent=313867"}],"wp:term":[{"taxonomy":"category","embeddable":true,"href":"https:\/\/www.diarioimagen.net\/index.php?rest_route=%2Fwp%2Fv2%2Fcategories&post=313867"},{"taxonomy":"post_tag","embeddable":true,"href":"https:\/\/www.diarioimagen.net\/index.php?rest_route=%2Fwp%2Fv2%2Ftags&post=313867"}],"curies":[{"name":"wp","href":"https:\/\/api.w.org\/{rel}","templated":true}]}}