{"id":313869,"date":"2017-02-24T00:06:50","date_gmt":"2017-02-24T06:06:50","guid":{"rendered":"http:\/\/www.diarioimagen.net\/?p=313869"},"modified":"2017-02-24T04:54:00","modified_gmt":"2017-02-24T10:54:00","slug":"abren-en-tlalnepantla-espacio-para-escuchar-a-las-mujeres","status":"publish","type":"post","link":"https:\/\/www.diarioimagen.net\/?p=313869","title":{"rendered":"Abren en Tlalnepantla espacio para escuchar a las mujeres"},"content":{"rendered":"<ul>\n<li><strong><em>Exponen su opini\u00f3n sobre la prevenci\u00f3n de la violencia<\/em><\/strong><\/li>\n<\/ul>\n<p>&nbsp;<\/p>\n<div id=\"attachment_313936\" style=\"width: 470px\" class=\"wp-caption aligncenter\"><a href=\"http:\/\/www.diarioimagen.net\/?attachment_id=313936\" rel=\"attachment wp-att-313936\"><img loading=\"lazy\" decoding=\"async\" aria-describedby=\"caption-attachment-313936\" class=\"size-large wp-image-313936\" src=\"http:\/\/www.diarioimagen.net\/wp-content\/uploads\/2017\/02\/TLALNEPANTLA-3065-460x259.jpg\" alt=\"\" width=\"460\" height=\"259\" srcset=\"https:\/\/www.diarioimagen.net\/wp-content\/uploads\/2017\/02\/TLALNEPANTLA-3065-460x259.jpg 460w, https:\/\/www.diarioimagen.net\/wp-content\/uploads\/2017\/02\/TLALNEPANTLA-3065-240x135.jpg 240w, https:\/\/www.diarioimagen.net\/wp-content\/uploads\/2017\/02\/TLALNEPANTLA-3065-235x132.jpg 235w, https:\/\/www.diarioimagen.net\/wp-content\/uploads\/2017\/02\/TLALNEPANTLA-3065-202x114.jpg 202w, https:\/\/www.diarioimagen.net\/wp-content\/uploads\/2017\/02\/TLALNEPANTLA-3065-350x196.jpg 350w, https:\/\/www.diarioimagen.net\/wp-content\/uploads\/2017\/02\/TLALNEPANTLA-3065-220x123.jpg 220w, https:\/\/www.diarioimagen.net\/wp-content\/uploads\/2017\/02\/TLALNEPANTLA-3065-237x132.jpg 237w, https:\/\/www.diarioimagen.net\/wp-content\/uploads\/2017\/02\/TLALNEPANTLA-3065.jpg 480w\" sizes=\"auto, (max-width: 460px) 100vw, 460px\" \/><\/a><p id=\"caption-attachment-313936\" class=\"wp-caption-text\">Ante la alcaldesa Denisse Ugalde Alegr\u00eda e integrantes del cuerpo edilicio, las mujeres se pronunciaron a favor de un trato igualitario.<\/p><\/div>\n<p>&nbsp;<\/p>\n<p><strong>Tlalnepantla, Estado de M\u00e9xico<\/strong>.- Mujeres tlalnepantlenses participaron en la s\u00e9ptima sesi\u00f3n de Cabildo Abierto, en la que expusieron su opini\u00f3n sobre la \u201cPrevenci\u00f3n de la violencia hacia las mujeres\u201d y plantearon propuestas para erradicar este grave problema social.<\/p>\n<p>Ante la alcaldesa Denisse Ugalde Alegr\u00eda e integrantes del cuerpo edilicio, las nueve participantes se pronunciaron a favor de un trato igualitario entre hombres y mujeres.<\/p>\n<p>Mar\u00eda Teresa Hern\u00e1ndez Torres, vecina tlalnepantlense, exhort\u00f3 a los asistentes a reflexionar sobre las alarmantes cifras que arroja el diagn\u00f3stico del Programa Nacional para la Igualdades de Oportunidades y No Discriminaci\u00f3n contra las Mujeres 2013-2018.<\/p>\n<p>Detall\u00f3 que de acuerdo a este estudio, el 46.1 por ciento de las mujeres mexicanas mayores de 15 a\u00f1os han sido v\u00edctimas de alg\u00fan tipo de violencia; al 42.4 por ciento se le ha humillado, encerrado y amenazado con quitarle a sus hijos o matarlas; al 24.5 les han prohibido trabajar, estudiar o les han quitado bienes.<\/p>\n<p>Adem\u00e1s, continu\u00f3, el 13.5 por ciento ha sido golpeada, amarrada o agredida con alguna arma por parte de su pareja y el 7.3 por ciento obligadas a tener relaciones sexuales. Derivado de ello, Mar\u00eda Teresa Hern\u00e1ndez plante\u00f3 distintas propuestas, de las cuales varias de ellas ya se llevan a cabo en territorio local.<\/p>\n<p>Al respecto, la presidenta municipal afirm\u00f3 que \u201cen Tlalnepantla trabajamos por un entorno de convivencia arm\u00f3nica y pac\u00edfica, y para ello es fundamental la participaci\u00f3n de los hombres, pues no queremos estar ni arriba ni abajo de ellos, sino ir a su lado y tener las mismas oportunidades\u201d.<\/p>\n<p>Puntualiz\u00f3 que en esta localidad se ha dado seguimiento a los tres ejes que marca la Alerta de G\u00e9nero: seguridad, prevenci\u00f3n y justicia, en donde se contemplan acciones concretas como el mejoramiento del alumbrado p\u00fablico, el empoderamiento de la mujer y medidas de protecci\u00f3n para quienes han sido v\u00edctimas de violencia.<\/p>\n<p>&nbsp;<\/p>\n","protected":false},"excerpt":{"rendered":"<p>Mujeres tlalnepantlenses participaron en la s\u00e9ptima sesi\u00f3n de Cabildo Abierto, en la que expusieron su opini\u00f3n sobre la \u201cPrevenci\u00f3n de la violencia hacia las mujeres\u201d y plantearon propuestas para erradicar este grave problema social.<\/p>\n","protected":false},"author":3,"featured_media":313936,"comment_status":"open","ping_status":"open","sticky":false,"template":"","format":"standard","meta":{"_monsterinsights_skip_tracking":false,"_monsterinsights_sitenote_active":false,"_monsterinsights_sitenote_note":"","_monsterinsights_sitenote_category":0,"footnotes":""},"categories":[35155],"tags":[46970,43675,1921,169],"class_list":["post-313869","post","type-post","status-publish","format-standard","has-post-thumbnail","hentry","category-estado-de-mexico-estado-de-mexico","tag-espacio","tag-estado-de-mexico","tag-mujeres","tag-tlalnepantla"],"_links":{"self":[{"href":"https:\/\/www.diarioimagen.net\/index.php?rest_route=\/wp\/v2\/posts\/313869","targetHints":{"allow":["GET"]}}],"collection":[{"href":"https:\/\/www.diarioimagen.net\/index.php?rest_route=\/wp\/v2\/posts"}],"about":[{"href":"https:\/\/www.diarioimagen.net\/index.php?rest_route=\/wp\/v2\/types\/post"}],"author":[{"embeddable":true,"href":"https:\/\/www.diarioimagen.net\/index.php?rest_route=\/wp\/v2\/users\/3"}],"replies":[{"embeddable":true,"href":"https:\/\/www.diarioimagen.net\/index.php?rest_route=%2Fwp%2Fv2%2Fcomments&post=313869"}],"version-history":[{"count":0,"href":"https:\/\/www.diarioimagen.net\/index.php?rest_route=\/wp\/v2\/posts\/313869\/revisions"}],"wp:featuredmedia":[{"embeddable":true,"href":"https:\/\/www.diarioimagen.net\/index.php?rest_route=\/wp\/v2\/media\/313936"}],"wp:attachment":[{"href":"https:\/\/www.diarioimagen.net\/index.php?rest_route=%2Fwp%2Fv2%2Fmedia&parent=313869"}],"wp:term":[{"taxonomy":"category","embeddable":true,"href":"https:\/\/www.diarioimagen.net\/index.php?rest_route=%2Fwp%2Fv2%2Fcategories&post=313869"},{"taxonomy":"post_tag","embeddable":true,"href":"https:\/\/www.diarioimagen.net\/index.php?rest_route=%2Fwp%2Fv2%2Ftags&post=313869"}],"curies":[{"name":"wp","href":"https:\/\/api.w.org\/{rel}","templated":true}]}}