{"id":313871,"date":"2017-02-24T00:05:09","date_gmt":"2017-02-24T06:05:09","guid":{"rendered":"http:\/\/www.diarioimagen.net\/?p=313871"},"modified":"2017-02-24T04:56:16","modified_gmt":"2017-02-24T10:56:16","slug":"aprueba-cabildo-de-metepec-presupuesto-por-mil-516-mdp","status":"publish","type":"post","link":"https:\/\/www.diarioimagen.net\/?p=313871","title":{"rendered":"Aprueba Cabildo de Metepec presupuesto por mil 516 mdp"},"content":{"rendered":"<ul>\n<li><strong><em>Implementa medidas de austeridad<\/em><\/strong><\/li>\n<\/ul>\n<p>&nbsp;<\/p>\n<div id=\"attachment_313940\" style=\"width: 470px\" class=\"wp-caption aligncenter\"><a href=\"http:\/\/www.diarioimagen.net\/?attachment_id=313940\" rel=\"attachment wp-att-313940\"><img loading=\"lazy\" decoding=\"async\" aria-describedby=\"caption-attachment-313940\" class=\"size-large wp-image-313940\" src=\"http:\/\/www.diarioimagen.net\/wp-content\/uploads\/2017\/02\/METEPEC-3065-460x131.jpg\" alt=\"\" width=\"460\" height=\"131\" srcset=\"https:\/\/www.diarioimagen.net\/wp-content\/uploads\/2017\/02\/METEPEC-3065-460x131.jpg 460w, https:\/\/www.diarioimagen.net\/wp-content\/uploads\/2017\/02\/METEPEC-3065-240x68.jpg 240w, https:\/\/www.diarioimagen.net\/wp-content\/uploads\/2017\/02\/METEPEC-3065-768x219.jpg 768w, https:\/\/www.diarioimagen.net\/wp-content\/uploads\/2017\/02\/METEPEC-3065.jpg 1200w\" sizes=\"auto, (max-width: 460px) 100vw, 460px\" \/><\/a><p id=\"caption-attachment-313940\" class=\"wp-caption-text\">El alcalde David L\u00f3pez C\u00e1rdenas tom\u00f3 la protesta de ley a Fernando Acosta Monroy, quien ocupar\u00e1 la quinta regidur\u00eda.<\/p><\/div>\n<p>&nbsp;<\/p>\n<p><strong>Metepec, Estado de M\u00e9xico<\/strong>.- El m\u00e1ximo \u00f3rgano de gobierno aprob\u00f3 por unanimidad el presupuesto definitivo de ingresos y egresos para el ejercicio fiscal 2017, por un monto de mil 516 millones 778 mil 820 pesos.<\/p>\n<p>En el marco de la quincuag\u00e9sima quinta sesi\u00f3n ordinaria de Cabildo, fue avalado el dictamen que emitiera la Comisi\u00f3n de Hacienda, mismo que refleja beneficios directos para la poblaci\u00f3n, pues fue pensado y consensuado con la ciudadan\u00eda.<\/p>\n<p>El presupuesto presenta mayor incremento para inversi\u00f3n p\u00fablica y servicios generales, lo que se traduce en aumento y mejoramiento de servicios a la ciudadan\u00eda, tales como obra p\u00fablica y programas sociales, entre ellos, \u201cMetepec Decide Contigo por la Educaci\u00f3n\u201d, \u00a0el Alimentario Social, servicios de salud y m\u00e1s.<\/p>\n<p>Adicionalmente, existen disposiciones de contenci\u00f3n del gasto, a trav\u00e9s de medidas de austeridad en la adquisici\u00f3n de materiales y suministros, as\u00ed como en el cap\u00edtulo mil, que refiere a la n\u00f3mina de personal, generando con ello ahorro sustancial al interior del gobierno municipal.<\/p>\n<p>Cabe destacar que el documento tambi\u00e9n comprende el incremento de las transferencias, asignaciones y subsidios a la ciudadan\u00eda; la disminuci\u00f3n de bienes muebles e inmuebles intangibles y la contenci\u00f3n de la deuda p\u00fablica, en un manejo responsable de las finanzas p\u00fablicas.<\/p>\n<p style=\"text-align: center;\"><strong>Integrante edilicio<\/strong><\/p>\n<p>En la sesi\u00f3n, el alcalde David L\u00f3pez C\u00e1rdenas, tom\u00f3 la protesta de ley a Fernando Acosta Monroy, quien ocupar\u00e1 la quinta regidur\u00eda tras la licencia temporal que solicitara la semana pasada el edil Ernesto Nemer. Al finalizar el acto, el presidente municipal agradeci\u00f3 la asistencia del catedr\u00e1tico Leobardo Ruiz Alan\u00eds y alumnos de la Facultad de Ciencias Pol\u00edticas y Sociales de la Universidad Aut\u00f3noma del Estado de M\u00e9xico.<\/p>\n<p>&nbsp;<\/p>\n","protected":false},"excerpt":{"rendered":"<p>El m\u00e1ximo \u00f3rgano de gobierno aprob\u00f3 por unanimidad el presupuesto definitivo de ingresos y egresos para el ejercicio fiscal 2017, por un monto de mil 516 millones 778 mil 820 pesos.<\/p>\n","protected":false},"author":3,"featured_media":313941,"comment_status":"open","ping_status":"open","sticky":false,"template":"","format":"standard","meta":{"_monsterinsights_skip_tracking":false,"_monsterinsights_sitenote_active":false,"_monsterinsights_sitenote_note":"","_monsterinsights_sitenote_category":0,"footnotes":""},"categories":[35155],"tags":[23030,43675,876,6053],"class_list":["post-313871","post","type-post","status-publish","format-standard","has-post-thumbnail","hentry","category-estado-de-mexico-estado-de-mexico","tag-cabildo","tag-estado-de-mexico","tag-metepec","tag-presupuesto"],"_links":{"self":[{"href":"https:\/\/www.diarioimagen.net\/index.php?rest_route=\/wp\/v2\/posts\/313871","targetHints":{"allow":["GET"]}}],"collection":[{"href":"https:\/\/www.diarioimagen.net\/index.php?rest_route=\/wp\/v2\/posts"}],"about":[{"href":"https:\/\/www.diarioimagen.net\/index.php?rest_route=\/wp\/v2\/types\/post"}],"author":[{"embeddable":true,"href":"https:\/\/www.diarioimagen.net\/index.php?rest_route=\/wp\/v2\/users\/3"}],"replies":[{"embeddable":true,"href":"https:\/\/www.diarioimagen.net\/index.php?rest_route=%2Fwp%2Fv2%2Fcomments&post=313871"}],"version-history":[{"count":0,"href":"https:\/\/www.diarioimagen.net\/index.php?rest_route=\/wp\/v2\/posts\/313871\/revisions"}],"wp:featuredmedia":[{"embeddable":true,"href":"https:\/\/www.diarioimagen.net\/index.php?rest_route=\/wp\/v2\/media\/313941"}],"wp:attachment":[{"href":"https:\/\/www.diarioimagen.net\/index.php?rest_route=%2Fwp%2Fv2%2Fmedia&parent=313871"}],"wp:term":[{"taxonomy":"category","embeddable":true,"href":"https:\/\/www.diarioimagen.net\/index.php?rest_route=%2Fwp%2Fv2%2Fcategories&post=313871"},{"taxonomy":"post_tag","embeddable":true,"href":"https:\/\/www.diarioimagen.net\/index.php?rest_route=%2Fwp%2Fv2%2Ftags&post=313871"}],"curies":[{"name":"wp","href":"https:\/\/api.w.org\/{rel}","templated":true}]}}