{"id":313881,"date":"2017-02-24T00:09:11","date_gmt":"2017-02-24T06:09:11","guid":{"rendered":"http:\/\/www.diarioimagen.net\/?p=313881"},"modified":"2017-02-24T05:09:51","modified_gmt":"2017-02-24T11:09:51","slug":"impulsaran-la-expansion-del-mercado-de-alimentos","status":"publish","type":"post","link":"https:\/\/www.diarioimagen.net\/?p=313881","title":{"rendered":"Impulsar\u00e1n la expansi\u00f3n del mercado de alimentos"},"content":{"rendered":"<ul>\n<li><strong><em>A Europa<\/em><\/strong><\/li>\n<\/ul>\n<p>&nbsp;<\/p>\n<div id=\"attachment_313972\" style=\"width: 470px\" class=\"wp-caption aligncenter\"><a href=\"http:\/\/www.diarioimagen.net\/?attachment_id=313972\" rel=\"attachment wp-att-313972\"><img loading=\"lazy\" decoding=\"async\" aria-describedby=\"caption-attachment-313972\" class=\"wp-image-313972 size-large\" src=\"http:\/\/www.diarioimagen.net\/wp-content\/uploads\/2017\/02\/sagarpa-3065-460x259.jpg\" width=\"460\" height=\"259\" srcset=\"https:\/\/www.diarioimagen.net\/wp-content\/uploads\/2017\/02\/sagarpa-3065-460x259.jpg 460w, https:\/\/www.diarioimagen.net\/wp-content\/uploads\/2017\/02\/sagarpa-3065-240x135.jpg 240w, https:\/\/www.diarioimagen.net\/wp-content\/uploads\/2017\/02\/sagarpa-3065-235x132.jpg 235w, https:\/\/www.diarioimagen.net\/wp-content\/uploads\/2017\/02\/sagarpa-3065-202x114.jpg 202w, https:\/\/www.diarioimagen.net\/wp-content\/uploads\/2017\/02\/sagarpa-3065-350x196.jpg 350w, https:\/\/www.diarioimagen.net\/wp-content\/uploads\/2017\/02\/sagarpa-3065-220x123.jpg 220w, https:\/\/www.diarioimagen.net\/wp-content\/uploads\/2017\/02\/sagarpa-3065-237x132.jpg 237w, https:\/\/www.diarioimagen.net\/wp-content\/uploads\/2017\/02\/sagarpa-3065.jpg 480w\" sizes=\"auto, (max-width: 460px) 100vw, 460px\" \/><\/a><p id=\"caption-attachment-313972\" class=\"wp-caption-text\">Con la Uni\u00f3n Europea construimos confianza y cumplimos con los requerimientos que exigen los mercados para un intercambio comercial s\u00f3lido: Jos\u00e9 Calzada Rovirosa, secretario de Sagarpa (foto: <a href=\"https:\/\/twitter.com\/ppcalzada\" target=\"_blank\">@ppcalzada<\/a>)<\/p><\/div>\n<p>&nbsp;<\/p>\n<p>El titular de la Secretar\u00eda de Agricultura, Ganader\u00eda, Desarrollo Rural, Pesca y Alimentaci\u00f3n (Sagarpa), Jos\u00e9 Calzada Rovirosa, asegur\u00f3 que M\u00e9xico buscar\u00e1 un mayor intercambio comercial con la Uni\u00f3n Europea, con el objetivo de diversificar las ventas agroalimentarias.<\/p>\n<p>En el marco de la Reuni\u00f3n con Parlamentarios Europeos, subray\u00f3 adem\u00e1s, que uno de los grandes activos de M\u00e9xico es cumplir con las normas y est\u00e1ndares en sanidad e inocuidad que exigen las naciones. Esto para ejercer un comercio libre, seguro, \u00e1gil y, de esta forma, convertirse en mercados complementarios, abund\u00f3 en un comunicado.<\/p>\n<p>El funcionario federal destac\u00f3 que por instrucciones del presidente Enrique Pe\u00f1a Nieto, se impulsa la apertura y expansi\u00f3n de los mercados de alimentos mexicanos, con especial atenci\u00f3n en acciones de comercio que generen un mayor beneficio para los productores.<\/p>\n<p>Agreg\u00f3 que se atraviesa por un momento estrat\u00e9gico para generar puentes comerciales con otros pa\u00edses y, con ayuda de nuevas tecnolog\u00edas, es posible reducir distancias y contar con un comercio m\u00e1s eficiente y productivo.<\/p>\n<p>Record\u00f3 que, entre otros productos, la miel es un ejemplo de \u00e9xito en Europa, donde Alemania es unos de los principales consumidores de este producto \u201cHecho en M\u00e9xico\u201d que cada vez es m\u00e1s aceptado y demandado en la regi\u00f3n.<\/p>\n<p>Abund\u00f3 que otros bienes primarios que pueden tener una gran aceptaci\u00f3n en los mercados europeos son pl\u00e1tano, coco y papaya, de los cuales el pa\u00eds es destacado productor. Calzada Rovirosa insisti\u00f3 en que los di\u00e1logos que se tienen con los representantes europeos deben traducirse en mejores condiciones de vida para los productores mexicanos y satisfacer la demanda de todos los consumidores.<\/p>\n<p>&nbsp;<\/p>\n","protected":false},"excerpt":{"rendered":"<p>El titular de la Secretar\u00eda de Agricultura, Ganader\u00eda, Desarrollo Rural, Pesca y Alimentaci\u00f3n (Sagarpa), Jos\u00e9 Calzada Rovirosa, asegur\u00f3 que M\u00e9xico buscar\u00e1 un mayor intercambio comercial con la Uni\u00f3n Europea, con el objetivo de diversificar las ventas agroalimentarias.<\/p>\n","protected":false},"author":3,"featured_media":313972,"comment_status":"open","ping_status":"open","sticky":false,"template":"","format":"standard","meta":{"_monsterinsights_skip_tracking":false,"_monsterinsights_sitenote_active":false,"_monsterinsights_sitenote_note":"","_monsterinsights_sitenote_category":0,"footnotes":""},"categories":[3],"tags":[9735,5573,48063,22130,43673,20091],"class_list":["post-313881","post","type-post","status-publish","format-standard","has-post-thumbnail","hentry","category-nacional","tag-alimento","tag-europa","tag-impulso","tag-mercado","tag-nacional","tag-sagarpa"],"_links":{"self":[{"href":"https:\/\/www.diarioimagen.net\/index.php?rest_route=\/wp\/v2\/posts\/313881","targetHints":{"allow":["GET"]}}],"collection":[{"href":"https:\/\/www.diarioimagen.net\/index.php?rest_route=\/wp\/v2\/posts"}],"about":[{"href":"https:\/\/www.diarioimagen.net\/index.php?rest_route=\/wp\/v2\/types\/post"}],"author":[{"embeddable":true,"href":"https:\/\/www.diarioimagen.net\/index.php?rest_route=\/wp\/v2\/users\/3"}],"replies":[{"embeddable":true,"href":"https:\/\/www.diarioimagen.net\/index.php?rest_route=%2Fwp%2Fv2%2Fcomments&post=313881"}],"version-history":[{"count":0,"href":"https:\/\/www.diarioimagen.net\/index.php?rest_route=\/wp\/v2\/posts\/313881\/revisions"}],"wp:featuredmedia":[{"embeddable":true,"href":"https:\/\/www.diarioimagen.net\/index.php?rest_route=\/wp\/v2\/media\/313972"}],"wp:attachment":[{"href":"https:\/\/www.diarioimagen.net\/index.php?rest_route=%2Fwp%2Fv2%2Fmedia&parent=313881"}],"wp:term":[{"taxonomy":"category","embeddable":true,"href":"https:\/\/www.diarioimagen.net\/index.php?rest_route=%2Fwp%2Fv2%2Fcategories&post=313881"},{"taxonomy":"post_tag","embeddable":true,"href":"https:\/\/www.diarioimagen.net\/index.php?rest_route=%2Fwp%2Fv2%2Ftags&post=313881"}],"curies":[{"name":"wp","href":"https:\/\/api.w.org\/{rel}","templated":true}]}}