{"id":313889,"date":"2017-02-24T00:04:51","date_gmt":"2017-02-24T06:04:51","guid":{"rendered":"http:\/\/www.diarioimagen.net\/?p=313889"},"modified":"2017-02-26T23:16:50","modified_gmt":"2017-02-27T05:16:50","slug":"aplican-otra-minibaja-a-combustibles-este-viernes","status":"publish","type":"post","link":"https:\/\/www.diarioimagen.net\/?p=313889","title":{"rendered":"Aplican otra minibaja a combustibles este viernes"},"content":{"rendered":"<ul>\n<li><strong><em>De 1 y 3 centavos<\/em><\/strong><\/li>\n<\/ul>\n<p>&nbsp;<\/p>\n<div id=\"attachment_314002\" style=\"width: 470px\" class=\"wp-caption aligncenter\"><a href=\"http:\/\/www.diarioimagen.net\/?attachment_id=314002\" rel=\"attachment wp-att-314002\"><img loading=\"lazy\" decoding=\"async\" aria-describedby=\"caption-attachment-314002\" class=\"size-large wp-image-314002\" src=\"http:\/\/www.diarioimagen.net\/wp-content\/uploads\/2017\/02\/gasolina-3065-460x259.jpg\" alt=\"\" width=\"460\" height=\"259\" srcset=\"https:\/\/www.diarioimagen.net\/wp-content\/uploads\/2017\/02\/gasolina-3065-460x259.jpg 460w, https:\/\/www.diarioimagen.net\/wp-content\/uploads\/2017\/02\/gasolina-3065-240x135.jpg 240w, https:\/\/www.diarioimagen.net\/wp-content\/uploads\/2017\/02\/gasolina-3065-235x132.jpg 235w, https:\/\/www.diarioimagen.net\/wp-content\/uploads\/2017\/02\/gasolina-3065-202x114.jpg 202w, https:\/\/www.diarioimagen.net\/wp-content\/uploads\/2017\/02\/gasolina-3065-350x196.jpg 350w, https:\/\/www.diarioimagen.net\/wp-content\/uploads\/2017\/02\/gasolina-3065-220x123.jpg 220w, https:\/\/www.diarioimagen.net\/wp-content\/uploads\/2017\/02\/gasolina-3065-237x132.jpg 237w, https:\/\/www.diarioimagen.net\/wp-content\/uploads\/2017\/02\/gasolina-3065.jpg 480w\" sizes=\"auto, (max-width: 460px) 100vw, 460px\" \/><\/a><p id=\"caption-attachment-314002\" class=\"wp-caption-text\">Los precios de la Magna y Premium bajan un centavo, mientras que el di\u00e9sel, tres centavos.<\/p><\/div>\n<p>&nbsp;<\/p>\n<p>De acuerdo con los datos que dio a conocer la Comisi\u00f3n Reguladora de Energ\u00eda (CRE), para este viernes 24 de febrero los precios de la Magna y Premium bajan un centavo, mientras que el di\u00e9sel disminuye tres centavos.<\/p>\n<p>Los precios completos para las 83 regiones del pa\u00eds y las 7 regiones de la frontera, as\u00ed como los municipios que componen cada regi\u00f3n se pueden consultar en la p\u00e1gina de la CRE.<\/p>\n<p>El di\u00e9sel rompi\u00f3 su racha sin cambios en el precio y hoy viernes se vender\u00e1 tres centavos m\u00e1s barato que el jueves para cotizar en 17.00 pesos en promedio a nivel nacional.<\/p>\n<p>A lo largo de la semana, el precio promedio a nivel nacional de este combustible se hab\u00eda vendido en 17.03 pesos, seg\u00fan datos calculados por la Secretar\u00eda de Hacienda.<\/p>\n<p>Adem\u00e1s los precios m\u00e1ximos para la gasolina, que entrar\u00e1n en vigor hoy, marcan que habr\u00e1 una baja de un centavo por litro para la Magna y Premium en todo el pa\u00eds. Eso significa que en promedio nacional la Magna se vender\u00e1 en 15.94 pesos por litro y la Premium en 17.74 pesos por litro.<\/p>\n<p>Con esto, a lo largo de esta semana se registr\u00f3 una disminuci\u00f3n de tres centavos en los precios de la Magna, Premium y di\u00e9sel en promedio en el pa\u00eds.<\/p>\n<p>&nbsp;<\/p>\n","protected":false},"excerpt":{"rendered":"<p>De acuerdo con los datos que dio a conocer la Comisi\u00f3n Reguladora de Energ\u00eda (CRE), para este viernes 24 de febrero los precios de la Magna y Premium bajan un centavo, mientras que el di\u00e9sel disminuye tres centavos.<\/p>\n","protected":false},"author":3,"featured_media":314002,"comment_status":"open","ping_status":"open","sticky":false,"template":"","format":"standard","meta":{"_monsterinsights_skip_tracking":false,"_monsterinsights_sitenote_active":false,"_monsterinsights_sitenote_note":"","_monsterinsights_sitenote_category":0,"footnotes":""},"categories":[8],"tags":[58157,26200,43678,198,9711,13817,15189],"class_list":["post-313889","post","type-post","status-publish","format-standard","has-post-thumbnail","hentry","category-finanzas","tag-comision-reguladora-de-energia","tag-costo","tag-finanzas","tag-gasolina","tag-gasolinazo","tag-magna","tag-premium"],"_links":{"self":[{"href":"https:\/\/www.diarioimagen.net\/index.php?rest_route=\/wp\/v2\/posts\/313889","targetHints":{"allow":["GET"]}}],"collection":[{"href":"https:\/\/www.diarioimagen.net\/index.php?rest_route=\/wp\/v2\/posts"}],"about":[{"href":"https:\/\/www.diarioimagen.net\/index.php?rest_route=\/wp\/v2\/types\/post"}],"author":[{"embeddable":true,"href":"https:\/\/www.diarioimagen.net\/index.php?rest_route=\/wp\/v2\/users\/3"}],"replies":[{"embeddable":true,"href":"https:\/\/www.diarioimagen.net\/index.php?rest_route=%2Fwp%2Fv2%2Fcomments&post=313889"}],"version-history":[{"count":0,"href":"https:\/\/www.diarioimagen.net\/index.php?rest_route=\/wp\/v2\/posts\/313889\/revisions"}],"wp:featuredmedia":[{"embeddable":true,"href":"https:\/\/www.diarioimagen.net\/index.php?rest_route=\/wp\/v2\/media\/314002"}],"wp:attachment":[{"href":"https:\/\/www.diarioimagen.net\/index.php?rest_route=%2Fwp%2Fv2%2Fmedia&parent=313889"}],"wp:term":[{"taxonomy":"category","embeddable":true,"href":"https:\/\/www.diarioimagen.net\/index.php?rest_route=%2Fwp%2Fv2%2Fcategories&post=313889"},{"taxonomy":"post_tag","embeddable":true,"href":"https:\/\/www.diarioimagen.net\/index.php?rest_route=%2Fwp%2Fv2%2Ftags&post=313889"}],"curies":[{"name":"wp","href":"https:\/\/api.w.org\/{rel}","templated":true}]}}