{"id":313893,"date":"2017-02-24T00:10:36","date_gmt":"2017-02-24T06:10:36","guid":{"rendered":"http:\/\/www.diarioimagen.net\/?p=313893"},"modified":"2017-02-24T05:21:13","modified_gmt":"2017-02-24T11:21:13","slug":"aprueban-3-anos-de-carcel-a-quien-choque-por-usar-el-celular","status":"publish","type":"post","link":"https:\/\/www.diarioimagen.net\/?p=313893","title":{"rendered":"Aprueban 3 a\u00f1os de c\u00e1rcel a quien choque por usar el celular"},"content":{"rendered":"<ul>\n<li><strong><em>Adiciones al C\u00f3digo Penal Federal<\/em><\/strong><\/li>\n<\/ul>\n<p>&nbsp;<\/p>\n<div id=\"attachment_313980\" style=\"width: 470px\" class=\"wp-caption aligncenter\"><a href=\"http:\/\/www.diarioimagen.net\/?attachment_id=313980\" rel=\"attachment wp-att-313980\"><img loading=\"lazy\" decoding=\"async\" aria-describedby=\"caption-attachment-313980\" class=\"size-large wp-image-313980\" src=\"http:\/\/www.diarioimagen.net\/wp-content\/uploads\/2017\/02\/CARCEL-3065-460x259.jpg\" alt=\"\" width=\"460\" height=\"259\" srcset=\"https:\/\/www.diarioimagen.net\/wp-content\/uploads\/2017\/02\/CARCEL-3065-460x259.jpg 460w, https:\/\/www.diarioimagen.net\/wp-content\/uploads\/2017\/02\/CARCEL-3065-240x135.jpg 240w, https:\/\/www.diarioimagen.net\/wp-content\/uploads\/2017\/02\/CARCEL-3065-235x132.jpg 235w, https:\/\/www.diarioimagen.net\/wp-content\/uploads\/2017\/02\/CARCEL-3065-202x114.jpg 202w, https:\/\/www.diarioimagen.net\/wp-content\/uploads\/2017\/02\/CARCEL-3065-350x196.jpg 350w, https:\/\/www.diarioimagen.net\/wp-content\/uploads\/2017\/02\/CARCEL-3065-220x123.jpg 220w, https:\/\/www.diarioimagen.net\/wp-content\/uploads\/2017\/02\/CARCEL-3065-237x132.jpg 237w, https:\/\/www.diarioimagen.net\/wp-content\/uploads\/2017\/02\/CARCEL-3065.jpg 480w\" sizes=\"auto, (max-width: 460px) 100vw, 460px\" \/><\/a><p id=\"caption-attachment-313980\" class=\"wp-caption-text\">La C\u00e1mara de Diputados aval\u00f3 de uno a tres a\u00f1os de prisi\u00f3n a la persona que conduzca un veh\u00edculo y cause un accidente por manejar y usar el celular.<\/p><\/div>\n<p>&nbsp;<\/p>\n<p>Por mayor\u00eda, el Pleno de la C\u00e1mara de Diputados aval\u00f3 que se le imponga de uno a tres a\u00f1os de prisi\u00f3n a la persona que conduzca un veh\u00edculo y cause un accidente por manejar y usar al mismo tiempo un aparato telef\u00f3nico, ya sea para hablar o mandar mensajes de texto.<\/p>\n<p>No pisar\u00e1 la c\u00e1rcel quien propici\u00f3 el accidente y utilice un equipo de radio comunicaci\u00f3n, pero con \u201ctecnolog\u00eda de manos libres\u201d.<\/p>\n<p>Esta adici\u00f3n al art\u00edculo 172 del C\u00f3digo Penal Federal caus\u00f3 un debate entre legisladores, pues mientras unos plantearon que la medida inhibir\u00e1 que los conductores usen el tel\u00e9fono y propicien accidentes, otros consideraron que la pena es desproporcional, nadie podr\u00e1 comprobar que el accidente fue a causa del uso de un aparato de comunicaci\u00f3n, se fomentar\u00e1n la corrupci\u00f3n hacia polic\u00edas de tr\u00e1nsito y se crear\u00e1n nuevos delincuentes.<\/p>\n<p>El PRI y el PVEM fueron los principales promotores de la reforma. Mientras que en bancadas como en el PAN y el PRD, no hubo voto un\u00e1nime.<\/p>\n<p>La reforma que se turn\u00f3 al Senado para su revisi\u00f3n y votaci\u00f3n incluye prisi\u00f3n hasta por tres a\u00f1os, hasta treinta d\u00edas multa y suspensi\u00f3n o p\u00e9rdida del derecho a usar la licencia de conducir, a quien en estado de ebriedad o bajo el influjo de drogas enervantes cometa alguna infracci\u00f3n a los reglamentos de tr\u00e1nsito y circulaci\u00f3n al manejar veh\u00edculos de motor, independientemente de la sanci\u00f3n que le corresponda si causa da\u00f1o a las personas o las cosas.<\/p>\n","protected":false},"excerpt":{"rendered":"<p>Por mayor\u00eda, el Pleno de la C\u00e1mara de Diputados aval\u00f3 que se le imponga de uno a tres a\u00f1os de prisi\u00f3n a la persona que conduzca un veh\u00edculo y cause un accidente por manejar y usar al mismo tiempo un aparato telef\u00f3nico, ya sea para hablar o mandar mensajes de texto.<\/p>\n","protected":false},"author":3,"featured_media":313980,"comment_status":"open","ping_status":"open","sticky":false,"template":"","format":"standard","meta":{"_monsterinsights_skip_tracking":false,"_monsterinsights_sitenote_active":false,"_monsterinsights_sitenote_note":"","_monsterinsights_sitenote_category":0,"footnotes":""},"categories":[3],"tags":[98,13206],"class_list":["post-313893","post","type-post","status-publish","format-standard","has-post-thumbnail","hentry","category-nacional","tag-camara-de-diputados","tag-carcel"],"_links":{"self":[{"href":"https:\/\/www.diarioimagen.net\/index.php?rest_route=\/wp\/v2\/posts\/313893","targetHints":{"allow":["GET"]}}],"collection":[{"href":"https:\/\/www.diarioimagen.net\/index.php?rest_route=\/wp\/v2\/posts"}],"about":[{"href":"https:\/\/www.diarioimagen.net\/index.php?rest_route=\/wp\/v2\/types\/post"}],"author":[{"embeddable":true,"href":"https:\/\/www.diarioimagen.net\/index.php?rest_route=\/wp\/v2\/users\/3"}],"replies":[{"embeddable":true,"href":"https:\/\/www.diarioimagen.net\/index.php?rest_route=%2Fwp%2Fv2%2Fcomments&post=313893"}],"version-history":[{"count":0,"href":"https:\/\/www.diarioimagen.net\/index.php?rest_route=\/wp\/v2\/posts\/313893\/revisions"}],"wp:featuredmedia":[{"embeddable":true,"href":"https:\/\/www.diarioimagen.net\/index.php?rest_route=\/wp\/v2\/media\/313980"}],"wp:attachment":[{"href":"https:\/\/www.diarioimagen.net\/index.php?rest_route=%2Fwp%2Fv2%2Fmedia&parent=313893"}],"wp:term":[{"taxonomy":"category","embeddable":true,"href":"https:\/\/www.diarioimagen.net\/index.php?rest_route=%2Fwp%2Fv2%2Fcategories&post=313893"},{"taxonomy":"post_tag","embeddable":true,"href":"https:\/\/www.diarioimagen.net\/index.php?rest_route=%2Fwp%2Fv2%2Ftags&post=313893"}],"curies":[{"name":"wp","href":"https:\/\/api.w.org\/{rel}","templated":true}]}}