{"id":313900,"date":"2017-02-24T00:05:26","date_gmt":"2017-02-24T06:05:26","guid":{"rendered":"http:\/\/www.diarioimagen.net\/?p=313900"},"modified":"2017-02-26T23:16:56","modified_gmt":"2017-02-27T05:16:56","slug":"osorio-exigimos-respeto-a-derechos-de-migrantes","status":"publish","type":"post","link":"https:\/\/www.diarioimagen.net\/?p=313900","title":{"rendered":"Osorio: exigimos respeto a derechos de migrantes"},"content":{"rendered":"<ul>\n<li><strong><em>Llamado a construir condiciones de entendimiento<\/em><\/strong><\/li>\n<\/ul>\n<p>&nbsp;<\/p>\n<div id=\"attachment_313788\" style=\"width: 470px\" class=\"wp-caption aligncenter\"><a href=\"http:\/\/www.diarioimagen.net\/?attachment_id=313788\" rel=\"attachment wp-att-313788\"><img loading=\"lazy\" decoding=\"async\" aria-describedby=\"caption-attachment-313788\" class=\"size-large wp-image-313788\" src=\"http:\/\/www.diarioimagen.net\/wp-content\/uploads\/2017\/02\/DEPORTACIONES24-portal-460x268.jpg\" alt=\"\" width=\"460\" height=\"268\" srcset=\"https:\/\/www.diarioimagen.net\/wp-content\/uploads\/2017\/02\/DEPORTACIONES24-portal-460x268.jpg 460w, https:\/\/www.diarioimagen.net\/wp-content\/uploads\/2017\/02\/DEPORTACIONES24-portal-240x140.jpg 240w, https:\/\/www.diarioimagen.net\/wp-content\/uploads\/2017\/02\/DEPORTACIONES24-portal.jpg 480w\" sizes=\"auto, (max-width: 460px) 100vw, 460px\" \/><\/a><p id=\"caption-attachment-313788\" class=\"wp-caption-text\">El secretario de Gobernaci\u00f3n, Miguel \u00c1ngel Osorio Chong, afirm\u00f3 que M\u00e9xico requiere de Estados Unidos y Estados Unidos de M\u00e9xico.<\/p><\/div>\n<p>&nbsp;<\/p>\n<p>Para que sea posible la cooperaci\u00f3n entre M\u00e9xico y Estados Unidos, es necesario construir condiciones de entendimiento y di\u00e1logo entre las dos naciones, afirm\u00f3 el secretario de Gobernaci\u00f3n Miguel \u00c1ngel Osorio Chong.<\/p>\n<p>\u201cM\u00e9xico requiere de Estados Unidos y Estados Unidos de M\u00e9xico\u201d, expres\u00f3 el funcionario federal quien subray\u00f3 que por ello es necesario lograr acuerdos que convengan por igual a los dos pa\u00edses y sus habitantes, siempre con base en el respeto mutuo.<\/p>\n<p>En mensaje conjunto a medios, indic\u00f3 en la reuni\u00f3n que sostuvieron funcionarios mexicanos con funcionarios del gobierno de Estados Unidos, M\u00e9xico plante\u00f3 su desacuerdo ante algunas medidas anunciadas por ese pa\u00eds en materia migratoria y de seguridad, pues \u00e9stas deben ser dialogadas y consensuadas.<\/p>\n<p>En ese sentido, Osorio Chong afirm\u00f3 que el gobierno de M\u00e9xico considera que los mecanismos de cooperaci\u00f3n requieren de un di\u00e1logo de ambos pa\u00edses, que ponga por delante los intereses de los dos pa\u00edses.<\/p>\n<p>El titular de la Segob dijo que en la reuni\u00f3n se expres\u00f3 el desacuerdo del gobierno mexicano por las nuevas medidas migratorias del gobierno estadounidense.<\/p>\n<p>\u201cInsistimos en necesidad de mantener mecanismos de repatriaci\u00f3n ordenada y respetar derechos de mexicanos en EU\u201d, explic\u00f3.<\/p>\n<p>En la ma\u00f1ana del jueves, el presidente de Estados Unidos, Donald Trump, dijo que Washington espera ser tratado \u201cde manera justa\u201d por M\u00e9xico y que las acciones para deportar a inmigrantes en situaci\u00f3n irregular es una \u201coperaci\u00f3n militar\u201d.<\/p>\n<p>Durante una reuni\u00f3n en la Casa Blanca con ejecutivos industriales, Trump se\u00f1al\u00f3 que \u201cpor primera vez estamos expulsando pandilleros, traficantes de drogas. Estamos echando a esos tipos, a un ritmo nunca antes visto. Y es una operaci\u00f3n militar\u201d.<\/p>\n<p>De acuerdo con el mandatario estadunidense, esos inmigrantes \u201cson duros, pero no son tan duros como nosotros. De forma que los estamos echando del pa\u00eds\u201d.<\/p>\n<p>\u201cTenemos que asegurarnos que menos migrantes hagan ese viaje peligroso a Estados Unidos&#8230; Trabajaremos mano a mano con nuestros hermanos mexicanos\u201d, afirm\u00f3.<\/p>\n<p style=\"text-align: center;\"><strong>M\u00e9xico y EU tendr\u00e1n una entra\u00f1able amistad: Videgaray<\/strong><\/p>\n<p>Por su parte, el canciller Luis Videgaray afirm\u00f3 que M\u00e9xico y Estados Unidos trabajar\u00e1n para llegar a acuerdos de inter\u00e9s com\u00fan, superar los agravios y m\u00e1s que las palabras, prevalezcan los hechos.<\/p>\n<p>En un mensaje a medios, en compa\u00f1\u00eda del secretario de Estado del vecino pa\u00eds, Rex Tillerson, el canciller mexicano enfatiz\u00f3 que \u00e9ste es un proceso que ser\u00e1 largo, no sencillo, pero con pasos en la direcci\u00f3n correcta.<\/p>\n<p>Para M\u00e9xico, dijo, el di\u00e1logo y la negociaci\u00f3n con Estados Unidos debe tener un enfoque integral y todos los temas deben ser tratados, expres\u00f3.<\/p>\n<p>El funcionario federal expres\u00f3 su benepl\u00e1cito porque se lleve a cabo este encuentro, porque se trata de \u201cla primera reuni\u00f3n que tenemos como grupo de trabajo\u201d, a solo algunas semanas de que asumieran el cargo los secretarios de Estado y Seguridad Nacional estadounidenses, Tillerson y John F. Kelly.<\/p>\n<p>Reconoci\u00f3 que la visita ocurre en un momento complejo ante las diferencias p\u00fablicas entre M\u00e9xico y Estados Unidos, con pero la visita de los funcionarios del vecino pa\u00eds del norte es reflejo de que para el gobierno de Estados Unidos es importante esta relaci\u00f3n.<\/p>\n<p>Por ello, recalc\u00f3 que el di\u00e1logo franco es el mejor camino para resolver las diferencias que hay entre \u201cnuestros pa\u00edses y nuestros gobiernos\u201d.<\/p>\n<p>\u201cEl di\u00e1logo claro, el di\u00e1logo que se da finalmente entre dos naciones que tienen profundos lazos de amistad, de cercan\u00eda y por supuesto de sociedad en Norteam\u00e9rica\u201d, a\u00f1adi\u00f3 el titular de la Secretar\u00eda de Relaciones Exteriores (SRE).<\/p>\n<p>Videgaray Caso recalc\u00f3 que existen coincidencias, y la primera de ellas es la necesidad de seguir trabajando de manera ininterrumpida, dialogando e intercambiando puntos de vista para lograr acuerdos.<\/p>\n<p>Adem\u00e1s, dijo que el di\u00e1logo entre la canciller\u00eda mexicana y el Departamento de Estado estadunidense, el cual ser\u00e1 el eje principal de articulaci\u00f3n, deber\u00e1 incluir todos los temas como migraci\u00f3n, seguridad y comercio, \u00e9ste \u00faltimo tema no ha sido abordado, pero que revisar\u00e1n los pr\u00f3ximos meses.<\/p>\n<p>&nbsp;<\/p>\n","protected":false},"excerpt":{"rendered":"<p>Para que sea posible la cooperaci\u00f3n entre M\u00e9xico y Estados Unidos, es necesario construir condiciones de entendimiento y di\u00e1logo entre las dos naciones, afirm\u00f3 el secretario de Gobernaci\u00f3n Miguel \u00c1ngel Osorio Chong.<\/p>\n","protected":false},"author":3,"featured_media":313788,"comment_status":"open","ping_status":"open","sticky":false,"template":"","format":"standard","meta":{"_monsterinsights_skip_tracking":false,"_monsterinsights_sitenote_active":false,"_monsterinsights_sitenote_note":"","_monsterinsights_sitenote_category":0,"footnotes":""},"categories":[3],"tags":[177,3676,54363],"class_list":["post-313900","post","type-post","status-publish","format-standard","has-post-thumbnail","hentry","category-nacional","tag-estados-unidos","tag-miguel-angel-osorio-chong","tag-relacion"],"_links":{"self":[{"href":"https:\/\/www.diarioimagen.net\/index.php?rest_route=\/wp\/v2\/posts\/313900","targetHints":{"allow":["GET"]}}],"collection":[{"href":"https:\/\/www.diarioimagen.net\/index.php?rest_route=\/wp\/v2\/posts"}],"about":[{"href":"https:\/\/www.diarioimagen.net\/index.php?rest_route=\/wp\/v2\/types\/post"}],"author":[{"embeddable":true,"href":"https:\/\/www.diarioimagen.net\/index.php?rest_route=\/wp\/v2\/users\/3"}],"replies":[{"embeddable":true,"href":"https:\/\/www.diarioimagen.net\/index.php?rest_route=%2Fwp%2Fv2%2Fcomments&post=313900"}],"version-history":[{"count":0,"href":"https:\/\/www.diarioimagen.net\/index.php?rest_route=\/wp\/v2\/posts\/313900\/revisions"}],"wp:featuredmedia":[{"embeddable":true,"href":"https:\/\/www.diarioimagen.net\/index.php?rest_route=\/wp\/v2\/media\/313788"}],"wp:attachment":[{"href":"https:\/\/www.diarioimagen.net\/index.php?rest_route=%2Fwp%2Fv2%2Fmedia&parent=313900"}],"wp:term":[{"taxonomy":"category","embeddable":true,"href":"https:\/\/www.diarioimagen.net\/index.php?rest_route=%2Fwp%2Fv2%2Fcategories&post=313900"},{"taxonomy":"post_tag","embeddable":true,"href":"https:\/\/www.diarioimagen.net\/index.php?rest_route=%2Fwp%2Fv2%2Ftags&post=313900"}],"curies":[{"name":"wp","href":"https:\/\/api.w.org\/{rel}","templated":true}]}}