{"id":314031,"date":"2017-02-27T00:07:10","date_gmt":"2017-02-27T06:07:10","guid":{"rendered":"http:\/\/www.diarioimagen.net\/?p=314031"},"modified":"2017-02-26T23:26:23","modified_gmt":"2017-02-27T05:26:23","slug":"educacion-y-cultura-herramientas-para-prevenir-inseguridad-y-discriminacion-eruviel-avila","status":"publish","type":"post","link":"https:\/\/www.diarioimagen.net\/?p=314031","title":{"rendered":"Educaci\u00f3n y Cultura, herramientas para prevenir inseguridad y discriminaci\u00f3n: Eruviel \u00c1vila"},"content":{"rendered":"<h2>Arco Norte<\/h2>\n<h5>Jos\u00e9 Luis Monta\u00f1ez Aguilar<\/h5>\n<p>&nbsp;<\/p>\n<div id=\"attachment_314032\" style=\"width: 470px\" class=\"wp-caption aligncenter\"><a href=\"http:\/\/www.diarioimagen.net\/?attachment_id=314032\" rel=\"attachment wp-att-314032\"><img loading=\"lazy\" decoding=\"async\" aria-describedby=\"caption-attachment-314032\" class=\"size-large wp-image-314032\" src=\"http:\/\/www.diarioimagen.net\/wp-content\/uploads\/2017\/02\/ERUVIEL27-portal-460x268.jpg\" alt=\"\" width=\"460\" height=\"268\" srcset=\"https:\/\/www.diarioimagen.net\/wp-content\/uploads\/2017\/02\/ERUVIEL27-portal-460x268.jpg 460w, https:\/\/www.diarioimagen.net\/wp-content\/uploads\/2017\/02\/ERUVIEL27-portal-240x140.jpg 240w, https:\/\/www.diarioimagen.net\/wp-content\/uploads\/2017\/02\/ERUVIEL27-portal.jpg 480w\" sizes=\"auto, (max-width: 460px) 100vw, 460px\" \/><\/a><p id=\"caption-attachment-314032\" class=\"wp-caption-text\">Eruvuel \u00c1vila Villegas particip\u00f3 en la clausura del Encuentro de J\u00f3venes Scholas Ciudadan\u00eda Metepec 2017.<\/p><\/div>\n<p>&nbsp;<\/p>\n<p>El gobernador Eruviel \u00c1vila Villegas afirm\u00f3 que en el Estado de M\u00e9xico se llevan a cabo acciones en materia educativa para contar con mexiquenses mejor preparados, y se fomentan los valores, la cultura y la convivencia familiar en espacios p\u00fablicos recuperados, para enfrentar problemas como la inseguridad y la discriminaci\u00f3n.<\/p>\n<p>As\u00ed lo expres\u00f3 al encabezar la clausura del Encuentro de J\u00f3venes Scholas Ciudadan\u00eda Metepec 2017, donde estudiantes de diversas partes de la entidad expusieron inquietudes y propuestas en temas como seguridad, discriminaci\u00f3n y educaci\u00f3n.<\/p>\n<p>\u00abNunca van a ser suficientes, nunca, ni todas las patrullas, ni todas las armas, ni todos los polic\u00edas, ni todas las c\u00e1maras de videovigilancia, si no le apostamos a lo que ustedes bien han referido, a fortalecer los valores, esa carencia de valores, de principios que, lamentablemente, se van perdiendo por diferentes circunstancias, que ya bien refer\u00edan ustedes hace un momento, pero tambi\u00e9n hay que apostarle, como bien lo refer\u00edan, a la educaci\u00f3n, a la cultura\u00bb, puntualiz\u00f3.<\/p>\n<p>En presencia de 400 j\u00f3venes, el gobernador mexiquense detall\u00f3 que los programas emprendidos en la entidad dan respuesta a sus inquietudes en materia de seguridad; ejemplo de ello es la colocaci\u00f3n de m\u00e1s de 10 mil c\u00e1maras videovigilancia conectadas a dos C5 y la instalaci\u00f3n de 240 mil luminarias en diversos puntos de todo el territorio mexiquense.<\/p>\n<p>En materia educativa, indic\u00f3 que actualmente se entregan apoyos econ\u00f3micos a estudiantes destacados, tambi\u00e9n a quienes participan en las escoltas escolares y becas para realizar estudios en el extranjero.<\/p>\n<p style=\"text-align: center;\"><strong>Entrega Edomex becas\u00a0 a estudiantes ind\u00edgenas<\/strong><\/p>\n<p>Al entregar becas a estudiantes ind\u00edgenas e infraestructura educativa en San Mateo Atenco, la secretaria de Educaci\u00f3n, Ana Lilia Herrera Anzaldo, asegur\u00f3 que el apoyo a los estudiantes en el Estado de M\u00e9xico se realiza de forma transparente, sin favoritismos ni recomendaciones, para garantizar que los j\u00f3venes sigan prepar\u00e1ndose.<\/p>\n<p>En la secundaria T\u00e9cnica No. 66 \u201cIsidro Fabela\u201d, la secretaria estatal enfatiz\u00f3 que las becas son de car\u00e1cter permanente, y los alumnos s\u00f3lo requieren seguir estudiando y mostrar deseos de superaci\u00f3n.<\/p>\n<p>Adem\u00e1s, dijo, estos apoyos tienen como objetivo contribuir a la equidad de oportunidades para estudiantes ind\u00edgenas, para que concluyan la educaci\u00f3n media superior y superior, y puedan concluir sus estudios en alguna de las 25 modalidades que se ofrecen en la entidad.<\/p>\n<p><em><a href=\"mailto:montanezaguilar@gmail.com\" target=\"_blank\">montanezaguilar@gmail.com<\/a><\/em><\/p>\n","protected":false},"excerpt":{"rendered":"<p><span style=\"color: #005497;\">Jos\u00e9 Luis Monta\u00f1ez Aguilar<\/span><br \/>\n<br \/>\nEl gobernador Eruviel \u00c1vila Villegas afirm\u00f3 que en el Estado de M\u00e9xico se llevan a cabo acciones en materia educativa para contar con mexiquenses mejor preparados, y se fomentan los valores, la cultura y la convivencia familiar en espacios p\u00fablicos recuperados, para enfrentar problemas como la inseguridad y la discriminaci\u00f3n.<\/p>\n","protected":false},"author":5,"featured_media":314032,"comment_status":"open","ping_status":"open","sticky":false,"template":"","format":"standard","meta":{"_monsterinsights_skip_tracking":false,"_monsterinsights_sitenote_active":false,"_monsterinsights_sitenote_note":"","_monsterinsights_sitenote_category":0,"footnotes":""},"categories":[35155],"tags":[13284,43704,876,43674],"class_list":["post-314031","post","type-post","status-publish","format-standard","has-post-thumbnail","hentry","category-estado-de-mexico-estado-de-mexico","tag-arco-norte","tag-jose-luis-montanez-aguilar","tag-metepec","tag-opinion"],"_links":{"self":[{"href":"https:\/\/www.diarioimagen.net\/index.php?rest_route=\/wp\/v2\/posts\/314031","targetHints":{"allow":["GET"]}}],"collection":[{"href":"https:\/\/www.diarioimagen.net\/index.php?rest_route=\/wp\/v2\/posts"}],"about":[{"href":"https:\/\/www.diarioimagen.net\/index.php?rest_route=\/wp\/v2\/types\/post"}],"author":[{"embeddable":true,"href":"https:\/\/www.diarioimagen.net\/index.php?rest_route=\/wp\/v2\/users\/5"}],"replies":[{"embeddable":true,"href":"https:\/\/www.diarioimagen.net\/index.php?rest_route=%2Fwp%2Fv2%2Fcomments&post=314031"}],"version-history":[{"count":0,"href":"https:\/\/www.diarioimagen.net\/index.php?rest_route=\/wp\/v2\/posts\/314031\/revisions"}],"wp:featuredmedia":[{"embeddable":true,"href":"https:\/\/www.diarioimagen.net\/index.php?rest_route=\/wp\/v2\/media\/314032"}],"wp:attachment":[{"href":"https:\/\/www.diarioimagen.net\/index.php?rest_route=%2Fwp%2Fv2%2Fmedia&parent=314031"}],"wp:term":[{"taxonomy":"category","embeddable":true,"href":"https:\/\/www.diarioimagen.net\/index.php?rest_route=%2Fwp%2Fv2%2Fcategories&post=314031"},{"taxonomy":"post_tag","embeddable":true,"href":"https:\/\/www.diarioimagen.net\/index.php?rest_route=%2Fwp%2Fv2%2Ftags&post=314031"}],"curies":[{"name":"wp","href":"https:\/\/api.w.org\/{rel}","templated":true}]}}