{"id":314037,"date":"2017-02-27T00:09:31","date_gmt":"2017-02-27T06:09:31","guid":{"rendered":"http:\/\/www.diarioimagen.net\/?p=314037"},"modified":"2017-02-27T23:56:41","modified_gmt":"2017-02-28T05:56:41","slug":"ofrece-edomex-proyectos-productivos-a-migrantes","status":"publish","type":"post","link":"https:\/\/www.diarioimagen.net\/?p=314037","title":{"rendered":"Ofrece Edomex proyectos productivos a migrantes"},"content":{"rendered":"<ul>\n<li><strong><em>Gobiernos federal y estatal les extienden\u00ad la mano: Eruviel \u00c1vila<\/em><\/strong><\/li>\n<\/ul>\n<h6>Jos\u00e9 Luis Monta\u00f1ez<\/h6>\n<p>&nbsp;<\/p>\n<div id=\"attachment_314038\" style=\"width: 470px\" class=\"wp-caption aligncenter\"><a href=\"http:\/\/www.diarioimagen.net\/?attachment_id=314038\" rel=\"attachment wp-att-314038\"><img loading=\"lazy\" decoding=\"async\" aria-describedby=\"caption-attachment-314038\" class=\"size-large wp-image-314038\" src=\"http:\/\/www.diarioimagen.net\/wp-content\/uploads\/2017\/02\/PROYECTOS27-PORTAL-460x268.jpg\" alt=\"\" width=\"460\" height=\"268\" srcset=\"https:\/\/www.diarioimagen.net\/wp-content\/uploads\/2017\/02\/PROYECTOS27-PORTAL-460x268.jpg 460w, https:\/\/www.diarioimagen.net\/wp-content\/uploads\/2017\/02\/PROYECTOS27-PORTAL-240x140.jpg 240w, https:\/\/www.diarioimagen.net\/wp-content\/uploads\/2017\/02\/PROYECTOS27-PORTAL.jpg 480w\" sizes=\"auto, (max-width: 460px) 100vw, 460px\" \/><\/a><p id=\"caption-attachment-314038\" class=\"wp-caption-text\">Eruviel \u00c1vila afirm\u00f3 que el Estado de M\u00e9xico impulsar\u00e1 programas autosustentables para los migrantes que regresen de EU.<\/p><\/div>\n<p>&nbsp;<\/p>\n<p><strong>Jocotitl\u00e1n, Estado de M\u00e9xico<\/strong>.- El gobernador Eruviel \u00c1vila afirm\u00f3 que el Estado de M\u00e9xico, solidario con los migrantes que pudieran regresar de Estados Unidos en los pr\u00f3ximos meses, impulsar\u00e1 programas autosustentables para ellos y sus familias, mediante proyectos productivos agr\u00edcolas y ganaderos en los que 9 de cada 10 pesos para su operaci\u00f3n ser\u00e1n otorgados por los gobiernos federal y estatal.<\/p>\n<p>\u201cVamos a impulsar proyectos productivos de nueve a uno, es decir, pone un peso nuestro hermano productor, campesino, y el gobierno federal o estatal pueden poner hasta 9 pesos, para microt\u00faneles, f\u00e1bricas de miel, invernaderos a\u00a0muy buen precio.<\/p>\n<p>\u201cAs\u00ed es que habremos de estar apoyando a nuestros\u00a0hermanos que provengan del pa\u00eds del norte, de Estados Unidos, que sepan que no est\u00e1n solos, que no parten de cero, que aqu\u00ed el gobierno federal y estatal les extiende la mano y los recibimos con las manos abiertas, con apoyos concretos y espec\u00edficos\u201d, expres\u00f3.<\/p>\n<p>En el rancho Tiacaque, en Jocotitl\u00e1n, durante la apertura de programas agropecuarios 2017, el gobernador asegur\u00f3 que estos proyectos productivos estar\u00e1n disponibles tanto para aquellos connacionales que sean deportados, como para quienes regresen a tierra mexiquense por su propia voluntad.<\/p>\n<p>Asimismo, Eruviel \u00c1vila dio a conocer que el Programa de Trabajadores Agr\u00edcolas Temporales M\u00e9xico-Canad\u00e1 sigue vigente para este a\u00f1o, pues se ha convertido en una alternativa de ocupaci\u00f3n temporal, ordenada, legal y segura para trabajadores agr\u00edcolas mexicanos en ese pa\u00eds, con pleno respeto de sus derechos laborales y en igualdad de condiciones a la de los trabajadores canadienses.<\/p>\n<p>El Programa de Trabajadores Agr\u00edcolas Temporales\u00a0\u00a0M\u00e9xico-Canad\u00e1 inici\u00f3 en 1974 con la firma del Memor\u00e1ndum de Entendimiento entre los Gobierno de M\u00e9xico y Canad\u00e1. Aquellas personas mexicanas interesadas en incorporase podr\u00e1n obtener informaci\u00f3n a trav\u00e9s del sitio\u00a0http:\/\/ www.gob.mx\/stps\/\u00a0 de la Coordinaci\u00f3n General del Servicio Nacional de Empleo de la Secretar\u00eda del Trabajo y Previsi\u00f3n Social.<\/p>\n","protected":false},"excerpt":{"rendered":"<p><span style=\"color: #005497;\">Jos\u00e9 Luis Monta\u00f1ez<\/span><br \/>\n<br \/>\nEl gobernador Eruviel \u00c1vila afirm\u00f3 que el Estado de M\u00e9xico, solidario con los migrantes que pudieran regresar de Estados Unidos en los pr\u00f3ximos meses, impulsar\u00e1 programas autosustentables para ellos y sus familias, mediante proyectos productivos agr\u00edcolas y ganaderos en los que 9 de cada 10 pesos para su operaci\u00f3n ser\u00e1n otorgados por los gobiernos federal y estatal.<\/p>\n","protected":false},"author":5,"featured_media":314038,"comment_status":"open","ping_status":"open","sticky":false,"template":"","format":"standard","meta":{"_monsterinsights_skip_tracking":false,"_monsterinsights_sitenote_active":false,"_monsterinsights_sitenote_note":"","_monsterinsights_sitenote_category":0,"footnotes":""},"categories":[5],"tags":[43675,4973],"class_list":["post-314037","post","type-post","status-publish","format-standard","has-post-thumbnail","hentry","category-estado-de-mexico","tag-estado-de-mexico","tag-jocotitlan"],"_links":{"self":[{"href":"https:\/\/www.diarioimagen.net\/index.php?rest_route=\/wp\/v2\/posts\/314037","targetHints":{"allow":["GET"]}}],"collection":[{"href":"https:\/\/www.diarioimagen.net\/index.php?rest_route=\/wp\/v2\/posts"}],"about":[{"href":"https:\/\/www.diarioimagen.net\/index.php?rest_route=\/wp\/v2\/types\/post"}],"author":[{"embeddable":true,"href":"https:\/\/www.diarioimagen.net\/index.php?rest_route=\/wp\/v2\/users\/5"}],"replies":[{"embeddable":true,"href":"https:\/\/www.diarioimagen.net\/index.php?rest_route=%2Fwp%2Fv2%2Fcomments&post=314037"}],"version-history":[{"count":0,"href":"https:\/\/www.diarioimagen.net\/index.php?rest_route=\/wp\/v2\/posts\/314037\/revisions"}],"wp:featuredmedia":[{"embeddable":true,"href":"https:\/\/www.diarioimagen.net\/index.php?rest_route=\/wp\/v2\/media\/314038"}],"wp:attachment":[{"href":"https:\/\/www.diarioimagen.net\/index.php?rest_route=%2Fwp%2Fv2%2Fmedia&parent=314037"}],"wp:term":[{"taxonomy":"category","embeddable":true,"href":"https:\/\/www.diarioimagen.net\/index.php?rest_route=%2Fwp%2Fv2%2Fcategories&post=314037"},{"taxonomy":"post_tag","embeddable":true,"href":"https:\/\/www.diarioimagen.net\/index.php?rest_route=%2Fwp%2Fv2%2Ftags&post=314037"}],"curies":[{"name":"wp","href":"https:\/\/api.w.org\/{rel}","templated":true}]}}