{"id":314041,"date":"2017-02-27T00:10:47","date_gmt":"2017-02-27T06:10:47","guid":{"rendered":"http:\/\/www.diarioimagen.net\/?p=314041"},"modified":"2017-02-27T04:33:16","modified_gmt":"2017-02-27T10:33:16","slug":"arranca-primera-semana-nacional-de-salud-2017-en-edomex","status":"publish","type":"post","link":"https:\/\/www.diarioimagen.net\/?p=314041","title":{"rendered":"Arranca Primera Semana Nacional de Salud 2017"},"content":{"rendered":"<ul>\n<li><strong><em>Se aplicar\u00e1n 11 millones 900 mil dosis en el pa\u00eds<\/em><\/strong><\/li>\n<\/ul>\n<p>&nbsp;<\/p>\n<div id=\"attachment_314042\" style=\"width: 470px\" class=\"wp-caption aligncenter\"><a href=\"http:\/\/www.diarioimagen.net\/?attachment_id=314042\" rel=\"attachment wp-att-314042\"><img loading=\"lazy\" decoding=\"async\" aria-describedby=\"caption-attachment-314042\" class=\"wp-image-314042 size-large\" src=\"http:\/\/www.diarioimagen.net\/wp-content\/uploads\/2017\/02\/SEMANA27-PORTAL-460x268.jpg\" width=\"460\" height=\"268\" srcset=\"https:\/\/www.diarioimagen.net\/wp-content\/uploads\/2017\/02\/SEMANA27-PORTAL-460x268.jpg 460w, https:\/\/www.diarioimagen.net\/wp-content\/uploads\/2017\/02\/SEMANA27-PORTAL-240x140.jpg 240w, https:\/\/www.diarioimagen.net\/wp-content\/uploads\/2017\/02\/SEMANA27-PORTAL.jpg 480w\" sizes=\"auto, (max-width: 460px) 100vw, 460px\" \/><\/a><p id=\"caption-attachment-314042\" class=\"wp-caption-text\">El secretario de Salud federal, Jos\u00e9 Narro, hizo un llamado a los padres de familia para que completen el esquema de vacunaci\u00f3n de sus hijos.<\/p><\/div>\n<p>&nbsp;<\/p>\n<p><strong>Ecatepec, Estado de M\u00e9xico<\/strong>.- Con la participaci\u00f3n de todas las instituciones del sector, Jos\u00e9 Narro Robles, secretario de Salud del gobierno federal, dio inicio en Ecatepec a la Primera Semana Nacional de Salud 2017, en donde hizo un llamado a los padres de familia para que completen el esquema de vacunaci\u00f3n de sus hijos, y anunci\u00f3 que se aplicar\u00e1n en todo el pa\u00eds 11 millones 900 mil dosis y se efectuar\u00e1n 38 millones de acciones preventivas.<\/p>\n<p>Acompa\u00f1ado por \u00c9rika Strand, representante de la UNICEF en M\u00e9xico, y por el director general del Instituto Mexicano del Seguro Social (IMSS), Mikel Arriola Pe\u00f1alosa, y el secretario de Salud del Estado de M\u00e9xico, C\u00e9sar G\u00f3mez Monge, recalc\u00f3 que gracias a esta importante tarea se han eliminado diferentes enfermedades en territorio nacional, como la poliomielitis o el sarampi\u00f3n, y se mantienen bajo control la rub\u00e9ola, difteria, tosferina y t\u00e9tanos neonatal.<\/p>\n<p>\u201cEl compromiso a favor de la salud de los ni\u00f1os se cumple por el trabajo conjunto entre los diversos niveles de gobierno y la participaci\u00f3n de la sociedad, por lo que las acciones de inmunizaci\u00f3n son el mejor ejemplo de que sin importar ideolog\u00edas, cuando se conjugan voluntades se alcanzan logros fundamentales para el bienestar de la poblaci\u00f3n\u201d, subray\u00f3 Narro Robles.<\/p>\n<p>Durante el arranque de esta campa\u00f1a, cuyo lema es \u201cMientras t\u00fa los quieres, las vacunas los protegen\u201d, la cual se desarrollar\u00e1 del 25 de febrero al 3 de marzo en todo el pa\u00eds, el funcionario federal explic\u00f3 que la tarea espec\u00edfica de esta semana ser\u00e1 la aplicaci\u00f3n de vacuna oral contra la poliomielitis (Sabin) a ni\u00f1as y ni\u00f1os de 6 a 59 meses, con el prop\u00f3sito de mantener erradicado el poliovirus salvaje del territorio nacional.<\/p>\n<p>&nbsp;<\/p>\n","protected":false},"excerpt":{"rendered":"<p>Con la participaci\u00f3n de todas las instituciones del sector, Jos\u00e9 Narro Robles, secretario de Salud del gobierno federal, dio inicio en Ecatepec a la Primera Semana Nacional de Salud 2017, en donde hizo un llamado a los padres<\/p>\n","protected":false},"author":5,"featured_media":314042,"comment_status":"open","ping_status":"open","sticky":false,"template":"","format":"standard","meta":{"_monsterinsights_skip_tracking":false,"_monsterinsights_sitenote_active":false,"_monsterinsights_sitenote_note":"","_monsterinsights_sitenote_category":0,"footnotes":""},"categories":[5],"tags":[454,43675,571],"class_list":["post-314041","post","type-post","status-publish","format-standard","has-post-thumbnail","hentry","category-estado-de-mexico","tag-ecatepec","tag-estado-de-mexico","tag-jose-narro-robles"],"_links":{"self":[{"href":"https:\/\/www.diarioimagen.net\/index.php?rest_route=\/wp\/v2\/posts\/314041","targetHints":{"allow":["GET"]}}],"collection":[{"href":"https:\/\/www.diarioimagen.net\/index.php?rest_route=\/wp\/v2\/posts"}],"about":[{"href":"https:\/\/www.diarioimagen.net\/index.php?rest_route=\/wp\/v2\/types\/post"}],"author":[{"embeddable":true,"href":"https:\/\/www.diarioimagen.net\/index.php?rest_route=\/wp\/v2\/users\/5"}],"replies":[{"embeddable":true,"href":"https:\/\/www.diarioimagen.net\/index.php?rest_route=%2Fwp%2Fv2%2Fcomments&post=314041"}],"version-history":[{"count":0,"href":"https:\/\/www.diarioimagen.net\/index.php?rest_route=\/wp\/v2\/posts\/314041\/revisions"}],"wp:featuredmedia":[{"embeddable":true,"href":"https:\/\/www.diarioimagen.net\/index.php?rest_route=\/wp\/v2\/media\/314042"}],"wp:attachment":[{"href":"https:\/\/www.diarioimagen.net\/index.php?rest_route=%2Fwp%2Fv2%2Fmedia&parent=314041"}],"wp:term":[{"taxonomy":"category","embeddable":true,"href":"https:\/\/www.diarioimagen.net\/index.php?rest_route=%2Fwp%2Fv2%2Fcategories&post=314041"},{"taxonomy":"post_tag","embeddable":true,"href":"https:\/\/www.diarioimagen.net\/index.php?rest_route=%2Fwp%2Fv2%2Ftags&post=314041"}],"curies":[{"name":"wp","href":"https:\/\/api.w.org\/{rel}","templated":true}]}}