{"id":314111,"date":"2017-02-27T00:01:09","date_gmt":"2017-02-27T06:01:09","guid":{"rendered":"http:\/\/www.diarioimagen.net\/?p=314111"},"modified":"2017-02-27T03:45:42","modified_gmt":"2017-02-27T09:45:42","slug":"en-barrancabermeja-colombia-park-inn-by-radisson-continua-su-expansion-y-abre-un-hotel-de-la-marca-estrategicamente-ubicado","status":"publish","type":"post","link":"https:\/\/www.diarioimagen.net\/?p=314111","title":{"rendered":"En Barrancabermeja, Colombia, Park Inn by Radisson contin\u00faa su expansi\u00f3n y abre un hotel de la marca, estrat\u00e9gicamente ubicado"},"content":{"rendered":"<h2>De cinco estrellas<\/h2>\n<h5>Victoria Gonz\u00e1lez Prado<\/h5>\n<p>&nbsp;<\/p>\n<ul>\n<li><strong><em>Con un homenaje a la gastronom\u00eda china de Baja California, el chef Javier Plascencia celebr\u00f3 el sexto aniversario de su restaurante Misi\u00f3n 19<\/em><\/strong><\/li>\n<li><strong><em>Fundaci\u00f3n El Agave y Nosotros reuni\u00f3 a artistas oaxaque\u00f1os en unas muestras representativas que incluye alebrijes, tapetes y colores<\/em><\/strong><\/li>\n<\/ul>\n<p>&nbsp;<\/p>\n<div id=\"attachment_314161\" style=\"width: 266px\" class=\"wp-caption alignleft\"><a href=\"http:\/\/www.diarioimagen.net\/?attachment_id=314161\" rel=\"attachment wp-att-314161\"><img loading=\"lazy\" decoding=\"async\" aria-describedby=\"caption-attachment-314161\" class=\" wp-image-314161\" src=\"http:\/\/www.diarioimagen.net\/wp-content\/uploads\/2017\/02\/turismo-3066-307x460.jpg\" alt=\"\" width=\"256\" height=\"384\" srcset=\"https:\/\/www.diarioimagen.net\/wp-content\/uploads\/2017\/02\/turismo-3066-307x460.jpg 307w, https:\/\/www.diarioimagen.net\/wp-content\/uploads\/2017\/02\/turismo-3066-160x240.jpg 160w, https:\/\/www.diarioimagen.net\/wp-content\/uploads\/2017\/02\/turismo-3066.jpg 467w\" sizes=\"auto, (max-width: 256px) 100vw, 256px\" \/><\/a><p id=\"caption-attachment-314161\" class=\"wp-caption-text\">El hotel en Barrancabermeja, Colombia.<\/p><\/div>\n<p>En Barancabermeja, Colombia, abri\u00f3 el nuevo <em>Park Inn by Radisson Barancabermeja<\/em>, del que <strong>Javier Rosenberg<\/strong>, presidente para las Am\u00e9ricas del <em>Carlson Rezidor Hotel Group<\/em> dijo: \u201cestamos entusiasmados al ver el continuo crecimiento de la marca en Latinoam\u00e9rica. Los hoeles hoy, pueden encontrarse en ciudades capitales y centros econ\u00f3micos alrededor del mundo, y este hotel es una incorporaci\u00f3n bienvenida a nuestro portfolio en Colombia\u201d.<\/p>\n<p>Ubicado en el coraz\u00f3n del \u00e1rea comercial de Barrancabermeja, la propeidad est\u00e1 cerca del centro comercial Las Maravillas y a 20 minutos del Aeropuerto Yarigu\u00edes. A a solo unos pasos del monumento al Cristo Petrolero y a cinco minutos de la refiner\u00eda Ecopetrol. Muy cerca de clubes nocturnos de salsa y merengue. <em>\u00a0<\/em><\/p>\n<p>El hotel ofrece 95 amplias habitaciones, con luz natural y acceso gratuito a internet de alta velocidad. Cada habitaci\u00f3n cuenta con una est\u00e9tica fresca y vibrante para crear un ambiente colorido y acogedor donde los hu\u00e9spedes pueden relajarse despu\u00e9s de un d\u00eda de reuniones o explorando la ciudad.<\/p>\n<p>Cuenta con un restaurante, Yariguies, donde se sirve el desayuno y ofrece un men\u00fa inspirado en la cocina local. Tambi\u00e9n con un <em>Terrace Restaurant &amp; Bar,<\/em> piscina climatizada en el piso 12 y <em>Fitness Center. <strong>\u00a0<\/strong><\/em><\/p>\n<p>Para proporcionar una experiencia \u00fanica para los viajeros de negocios, el hotel tiene tres espacios de reuniones flexibles con lo \u00faltimo en tecnolog\u00eda para conferencias corporativas, reuniones directivas y mucho m\u00e1s. <em>Park Inn by Radisson Barrancabermeja<\/em> ofrece salas de reuniones para grupos de hasta 120 personas con m\u00e1s de 230 m\u00b2 de espacio. El personal del hotel est\u00e1 capacitado para asistir en todos los detalles de las reuniones y eventos previstos, incluyendo equipo audiovisual.<\/p>\n<p>\u2730\u2730\u2730\u2730\u2730 Misi\u00f3n 19, restaurante del chef <strong>Javier Plascencia<\/strong>, celebr\u00f3 su sexto aniversario con un homenaje a la gastronom\u00eda china de Baja California.<\/p>\n<p>La cocina china es sin duda una de las m\u00e1s emblem\u00e1ticas en Baja California. Este tipo de cocina creada por la migraci\u00f3n china que lleg\u00f3 principalmente a Mexicali y Tijuana a inicios del siglo pasado, se ha convertido en una de las referencias gastron\u00f3micas de la entidad y es tambi\u00e9n un punto tur\u00edstico. Los\u00a0 chefs con cepa oriental han regresado a sus ra\u00edces para enaltecerlas y fusionarlas con los productos y las bondades naturales de Baja California.<\/p>\n<p>Inspirada en esta cocina milenaria llegada a Am\u00e9rica, el\u00a0 chef <strong>Javier Plascencia<\/strong> rindi\u00f3 un homenaje a esta cultura gastron\u00f3mica, aprovechando el sexto aniversario de uno de sus restaurantes m\u00e1s famosos, el Misi\u00f3n 19. Ingredientes locales como pescado, mariscos, borrego, patos, lechones, cerdo y res de Sonora, fueron los protagonistas de esta justa culinaria acompa\u00f1ada por cerveza artesanal de la regi\u00f3n, que en los \u00faltimos a\u00f1os se ha caracterizado por tener en su haber a los mejores cerveceros de M\u00e9xico.<\/p>\n<p>Cerveza Urbana, <em>Wendlandt<\/em>, Insurgente y <em>Border Psycho<\/em> son las marcas artesanales que se sumaron a la celebraci\u00f3n chino-mexicana. Adem\u00e1s hubo una degustaci\u00f3n de mezcal Marca Negra.<\/p>\n<p>El chef <strong>Plascencia<\/strong> invit\u00f3 a participar a dos colegas y amigos: <strong>Nancy Le\u00f3n<\/strong>, de <em>Chan\u00b4s Bistro <\/em>(Tijuana) y <strong>Paul Zamudio<\/strong>, de <em>Chin\u00b4s Cabo<\/em> (San Jos\u00e9 del Cabo). Ambos se integraron a la din\u00e1mica de aniversario con sus propuestas culinarias orientales. Asimismo, la m\u00fasica fue curada por <strong>Ejival,<\/strong> uno de los promotores independientes de la cultura musical del estado, director del sello <em>Static Discos<\/em>.<\/p>\n<p><strong>Javier Plascencia<\/strong> y su restaurante se consolidan como una de las referencias obligadas de la cocina bajacaliforniana; se trata de un espacio culinario que con los a\u00f1os se ha distinguido por su innovaci\u00f3n y gran aportaci\u00f3n a la gastronom\u00eda regional. Por ello, <strong>Anthony Bourdain <\/strong>y <em>The New York<\/em> <em>Times<\/em> no han dudado en reconocer la relevancia internacional del restaurante y su chef.<\/p>\n<p>\u2730\u2730\u2730\u2730\u2730 Oaxaca es conocido por sus playas y sus sabores, sin embargo, pocos conocen la riqueza art\u00edstica de la regi\u00f3n. De este estado son los famosos alebrijes; las ollas de barro negro; los sarapes y textiles t\u00edpicos y un colectivo de maestros artesanos que triunfa en otros pa\u00edses.<\/p>\n<p>La reci\u00e9n inaugurada Fundaci\u00f3n El Agave y Nosotros (FAN), reuni\u00f3 a un grupo de artistas oaxaque\u00f1os en una expo representativa del estado, que permitir\u00e1 vivir una incre\u00edble experiencia a todos los que la visiten.<\/p>\n<p><strong>Jacobo<\/strong> y <strong>Mar\u00eda \u00c1ngeles<\/strong> se esmeran en difundir y rescatar la cultura local, trabajando con los \u201ctonas\u201d, los 20 animales que representan el calendario zapoteco, y el \u201cnahual\u201d, animal protector fusionado con humano que define la personalidad basada en el a\u00f1o y el d\u00eda de nacimiento. Esas figuras talladas en madera y llenas de color son conocidas mundialmente como alebrijes.<\/p>\n<p>Sus obras han sido expuestas en el <em>Smithsonian<\/em> Museo Nacional de los Indios Americanos, en Washington; en el Museo Nacional de Arte Mexicano, en Chicago; en el Museo del Vaticano; en Espa\u00f1a, India, Jap\u00f3n y otras ciudades. <strong>\u00a0<\/strong><\/p>\n<p><strong>Rosendo Pinacho<\/strong> usa de referente a su tierra de Candelaria, Loxicha y sus pinturas suelen mostrar constelaciones, vegetaci\u00f3n, aves, reptiles y el mundo marino. Su obra ha sido expuesta en Alemania, Argentina, Jap\u00f3n y Estados Unidos. En Miami est\u00e1n dos murales monumentales que mezclan las tradiciones oaxaque\u00f1as con la flora y la fauna de Florida.<\/p>\n<p>La pintura de <strong>Sa\u00fal Castro<\/strong> es m\u00e1s introspectiva. Busca la contemplaci\u00f3n en un sentido m\u00edstico. Nacido en Oaxaca de Ju\u00e1rez, ha llevado sus pinturas a Jap\u00f3n, Argentina, Espa\u00f1a y Estados Unidos. Se exhiben actualmente en la exposici\u00f3n \u201cTradici\u00f3n y Modernidad-Oaxaca, M\u00e9xico\u201d, en Miami.<\/p>\n<p><strong>Rolando Rojas<\/strong> se inspira en sus experiencias de ni\u00f1o, pero recreadas. En 2001 abri\u00f3 el taller de grabado 910, en Oaxaca, y es uno de los principales exponentes de las artes pl\u00e1sticas de su estado. Naci\u00f3 en Tehuantepec y estudi\u00f3 en la Escuela de Bellas Artes de la Universidad Aut\u00f3noma Benito Ju\u00e1rez.<\/p>\n<p><strong>Rom\u00e1n Guti\u00e9rrez<\/strong> vive y crea en Teotitl\u00e1n del Valle. Decidi\u00f3 rescatar y conservar los m\u00e9todos tradicionales para fabricar tapetes, sarapes y textiles, en especial la t\u00e9cnica del sarape de Saltillo. Sus piezas forman parte de las colecciones del Museo Textil en Oaxaca, Fomento Cultural Banamex y el Fonart. Actualmente, participa de una exhibici\u00f3n en Miami.<\/p>\n<p>La sede de la FAN est\u00e1 en Casa Armando Guillermo Prieto, la mayor destiler\u00eda de mezcal del mundo ubicada en Tlacolula de Matamoros. Sirve como un espacio de venta y exhibici\u00f3n de estas obras art\u00edsticas que no puedes dejar de conocer. Los horarios de visita son de lunes a domingo de 10:00 am a 5:00 pm.<\/p>\n<p><em><a href=\"mailto:victoriagprado@gmail.com\" target=\"_blank\">victoriagprado@gmail.com<\/a><\/em><br \/>\n<em>Twitter:\u00a0<a href=\"https:\/\/twitter.com\/victoriagprado\" target=\"_blank\">@victoriagprado<\/a><\/em><\/p>\n","protected":false},"excerpt":{"rendered":"<p>En Barancabermeja, Colombia, abri\u00f3 el nuevo <em>Park Inn by Radisson Barancabermeja<\/em>, del que <strong>Javier Rosenberg<\/strong>, presidente para las Am\u00e9ricas del <em>Carlson Rezidor Hotel Group<\/em> dijo: \u201cestamos entusiasmados al ver el continuo crecimiento de la marca en Latinoam\u00e9rica. Los hoeles hoy, pueden encontrarse en ciudades capitales y centros econ\u00f3micos alrededor del mundo, y este hotel es una incorporaci\u00f3n bienvenida a nuestro portfolio en Colombia\u201d.<\/p>\n","protected":false},"author":3,"featured_media":314162,"comment_status":"open","ping_status":"open","sticky":false,"template":"","format":"standard","meta":{"_monsterinsights_skip_tracking":false,"_monsterinsights_sitenote_active":false,"_monsterinsights_sitenote_note":"","_monsterinsights_sitenote_category":0,"footnotes":""},"categories":[11],"tags":[107,43674,43681,106],"class_list":["post-314111","post","type-post","status-publish","format-standard","has-post-thumbnail","hentry","category-turismo","tag-de-cinco-estrellas","tag-opinion","tag-turismo","tag-victoria-gonzalez-prado"],"_links":{"self":[{"href":"https:\/\/www.diarioimagen.net\/index.php?rest_route=\/wp\/v2\/posts\/314111","targetHints":{"allow":["GET"]}}],"collection":[{"href":"https:\/\/www.diarioimagen.net\/index.php?rest_route=\/wp\/v2\/posts"}],"about":[{"href":"https:\/\/www.diarioimagen.net\/index.php?rest_route=\/wp\/v2\/types\/post"}],"author":[{"embeddable":true,"href":"https:\/\/www.diarioimagen.net\/index.php?rest_route=\/wp\/v2\/users\/3"}],"replies":[{"embeddable":true,"href":"https:\/\/www.diarioimagen.net\/index.php?rest_route=%2Fwp%2Fv2%2Fcomments&post=314111"}],"version-history":[{"count":0,"href":"https:\/\/www.diarioimagen.net\/index.php?rest_route=\/wp\/v2\/posts\/314111\/revisions"}],"wp:featuredmedia":[{"embeddable":true,"href":"https:\/\/www.diarioimagen.net\/index.php?rest_route=\/wp\/v2\/media\/314162"}],"wp:attachment":[{"href":"https:\/\/www.diarioimagen.net\/index.php?rest_route=%2Fwp%2Fv2%2Fmedia&parent=314111"}],"wp:term":[{"taxonomy":"category","embeddable":true,"href":"https:\/\/www.diarioimagen.net\/index.php?rest_route=%2Fwp%2Fv2%2Fcategories&post=314111"},{"taxonomy":"post_tag","embeddable":true,"href":"https:\/\/www.diarioimagen.net\/index.php?rest_route=%2Fwp%2Fv2%2Ftags&post=314111"}],"curies":[{"name":"wp","href":"https:\/\/api.w.org\/{rel}","templated":true}]}}