{"id":314117,"date":"2017-02-27T00:05:11","date_gmt":"2017-02-27T06:05:11","guid":{"rendered":"http:\/\/www.diarioimagen.net\/?p=314117"},"modified":"2017-02-27T03:48:49","modified_gmt":"2017-02-27T09:48:49","slug":"fortalecen-liderazgos-proyecto-de-morena-dice-delfina-gomez","status":"publish","type":"post","link":"https:\/\/www.diarioimagen.net\/?p=314117","title":{"rendered":"Fortalecen liderazgos proyecto de Morena, dice Delfina G\u00f3mez"},"content":{"rendered":"<ul>\n<li><strong><em>Militantes de otros partidos se suman a su favor<\/em><\/strong><\/li>\n<\/ul>\n<p>&nbsp;<\/p>\n<div id=\"attachment_314170\" style=\"width: 470px\" class=\"wp-caption aligncenter\"><a href=\"http:\/\/www.diarioimagen.net\/?attachment_id=314170\" rel=\"attachment wp-att-314170\"><img loading=\"lazy\" decoding=\"async\" aria-describedby=\"caption-attachment-314170\" class=\"size-large wp-image-314170\" src=\"http:\/\/www.diarioimagen.net\/wp-content\/uploads\/2017\/02\/delfina-3066-460x259.jpg\" alt=\"\" width=\"460\" height=\"259\" srcset=\"https:\/\/www.diarioimagen.net\/wp-content\/uploads\/2017\/02\/delfina-3066-460x259.jpg 460w, https:\/\/www.diarioimagen.net\/wp-content\/uploads\/2017\/02\/delfina-3066-240x135.jpg 240w, https:\/\/www.diarioimagen.net\/wp-content\/uploads\/2017\/02\/delfina-3066-235x132.jpg 235w, https:\/\/www.diarioimagen.net\/wp-content\/uploads\/2017\/02\/delfina-3066-202x114.jpg 202w, https:\/\/www.diarioimagen.net\/wp-content\/uploads\/2017\/02\/delfina-3066-350x196.jpg 350w, https:\/\/www.diarioimagen.net\/wp-content\/uploads\/2017\/02\/delfina-3066-220x123.jpg 220w, https:\/\/www.diarioimagen.net\/wp-content\/uploads\/2017\/02\/delfina-3066-237x132.jpg 237w, https:\/\/www.diarioimagen.net\/wp-content\/uploads\/2017\/02\/delfina-3066.jpg 480w\" sizes=\"auto, (max-width: 460px) 100vw, 460px\" \/><\/a><p id=\"caption-attachment-314170\" class=\"wp-caption-text\">Intelectuales, acad\u00e9micos, consejeros de partidos, empresarios, comerciantes, transportistas y simpatizantes se sumaron a la precampa\u00f1a de Delfina G\u00f3mez \u00c1lvarez<\/p><\/div>\n<p>&nbsp;<\/p>\n<p><strong>Toluca, Estado de\u00a0 M\u00e9xico<\/strong>.- Ante la estrategia del gobierno estatal para coaccionar el voto, l\u00edderes sociales y militantes del PRD, PRI, PAN, MC, PES y Nueva Alianza se pronunciaron a favor de la precandidata de Morena al Edomex, Delfina G\u00f3mez \u00c1lvarez.<\/p>\n<p>Intelectuales, acad\u00e9micos, consejeros nacionales de partidos pol\u00edticos, empresarios, comerciantes, transportistas y simpatizantes se sumaron a la precampa\u00f1a de G\u00f3mez \u00c1lvarez y lo calificaron como \u201cuna desbandada\u201d de liderazgos.<\/p>\n<p>\u201cLos militantes de otros partidos est\u00e1n hartos, ellos dicen \u2018estamos hasta la coronilla\u2019 de funcionarios deshonestos, que s\u00f3lo ven beneficio para sus m\u00e1s cercanos, pero los ciudadanos no les interesan, los ven como un n\u00famero m\u00e1s, una masa.<\/p>\n<p>\u201cPese a la guerra sucia, militantes de otros partidos se est\u00e1n sumando; ciudadanos que no tienen partido y que se han acercado a nuestro proyecto de Morena. Eso me enorgullece y fortalece la idea de que los ciudadanos deben juntar sus esfuerzos, los que tenemos un ideal.<\/p>\n<p>Vamos bien y nadie nos va a poder parar\u201d, afirm\u00f3 la precandidata de Morena.<\/p>\n<p>Simpatizantes de Morena comenzaron la integraci\u00f3n de militantes de otras fuerzas pol\u00edticas de municipios como Ecatepec, Nezahualc\u00f3yotl, Cuautitl\u00e1n Izcalli, Cuautitl\u00e1n M\u00e9xico, Amecameca, Chalco, Valle de Chalco, Ixtapaluca,\u00a0 Chimalhuacan, Chicoloapan, Ecatzingo, Tlalmanalco, Los Reyes La Paz, Ocotitl\u00e1n, Tenango del Aire, Metepec, Ayapango, Tepetlixpa, Atlautla y Zumpango de Ocampo.<\/p>\n<p>\u201cEl gobierno no escucha, es insensible a los problemas de los ciudadanos, los pol\u00edticos hacen lo que quieren porque nosotros lo permitimos, pero ya basta\u201d, se\u00f1al\u00f3 la precandidata de Morena.<\/p>\n<p>En asambleas informativas con la militancia, los liderazgos clamaron por justicia.<\/p>\n<p>&nbsp;<\/p>\n","protected":false},"excerpt":{"rendered":"<p>Ante la estrategia del gobierno estatal para coaccionar el voto, l\u00edderes sociales y militantes del PRD, PRI, PAN, MC, PES y Nueva Alianza se pronunciaron a favor de la precandidata de Morena al Edomex, Delfina G\u00f3mez \u00c1lvarez. <\/p>\n","protected":false},"author":3,"featured_media":314170,"comment_status":"open","ping_status":"open","sticky":false,"template":"","format":"standard","meta":{"_monsterinsights_skip_tracking":false,"_monsterinsights_sitenote_active":false,"_monsterinsights_sitenote_note":"","_monsterinsights_sitenote_category":0,"footnotes":""},"categories":[35155],"tags":[57859,43675,20663,452],"class_list":["post-314117","post","type-post","status-publish","format-standard","has-post-thumbnail","hentry","category-estado-de-mexico-estado-de-mexico","tag-delfina-gomez-alvarez","tag-estado-de-mexico","tag-morena","tag-toluca"],"_links":{"self":[{"href":"https:\/\/www.diarioimagen.net\/index.php?rest_route=\/wp\/v2\/posts\/314117","targetHints":{"allow":["GET"]}}],"collection":[{"href":"https:\/\/www.diarioimagen.net\/index.php?rest_route=\/wp\/v2\/posts"}],"about":[{"href":"https:\/\/www.diarioimagen.net\/index.php?rest_route=\/wp\/v2\/types\/post"}],"author":[{"embeddable":true,"href":"https:\/\/www.diarioimagen.net\/index.php?rest_route=\/wp\/v2\/users\/3"}],"replies":[{"embeddable":true,"href":"https:\/\/www.diarioimagen.net\/index.php?rest_route=%2Fwp%2Fv2%2Fcomments&post=314117"}],"version-history":[{"count":0,"href":"https:\/\/www.diarioimagen.net\/index.php?rest_route=\/wp\/v2\/posts\/314117\/revisions"}],"wp:featuredmedia":[{"embeddable":true,"href":"https:\/\/www.diarioimagen.net\/index.php?rest_route=\/wp\/v2\/media\/314170"}],"wp:attachment":[{"href":"https:\/\/www.diarioimagen.net\/index.php?rest_route=%2Fwp%2Fv2%2Fmedia&parent=314117"}],"wp:term":[{"taxonomy":"category","embeddable":true,"href":"https:\/\/www.diarioimagen.net\/index.php?rest_route=%2Fwp%2Fv2%2Fcategories&post=314117"},{"taxonomy":"post_tag","embeddable":true,"href":"https:\/\/www.diarioimagen.net\/index.php?rest_route=%2Fwp%2Fv2%2Ftags&post=314117"}],"curies":[{"name":"wp","href":"https:\/\/api.w.org\/{rel}","templated":true}]}}