{"id":314121,"date":"2017-02-27T00:04:08","date_gmt":"2017-02-27T06:04:08","guid":{"rendered":"http:\/\/www.diarioimagen.net\/?p=314121"},"modified":"2017-02-27T03:58:33","modified_gmt":"2017-02-27T09:58:33","slug":"impulsa-el-diputado-cruz-roa-el-progreso-de-san-simon-de-guerrero","status":"publish","type":"post","link":"https:\/\/www.diarioimagen.net\/?p=314121","title":{"rendered":"Impulsa el diputado Cruz Roa el progreso de San Sim\u00f3n de Guerrero"},"content":{"rendered":"<ul>\n<li><strong><em>Asiste a informe de trabajo<\/em><\/strong><\/li>\n<\/ul>\n<p>&nbsp;<\/p>\n<div id=\"attachment_314200\" style=\"width: 470px\" class=\"wp-caption aligncenter\"><a href=\"http:\/\/www.diarioimagen.net\/?attachment_id=314200\" rel=\"attachment wp-att-314200\"><img loading=\"lazy\" decoding=\"async\" aria-describedby=\"caption-attachment-314200\" class=\"size-large wp-image-314200\" src=\"http:\/\/www.diarioimagen.net\/wp-content\/uploads\/2017\/02\/LEGISLATURA-3066-460x259.jpg\" alt=\"\" width=\"460\" height=\"259\" srcset=\"https:\/\/www.diarioimagen.net\/wp-content\/uploads\/2017\/02\/LEGISLATURA-3066-460x259.jpg 460w, https:\/\/www.diarioimagen.net\/wp-content\/uploads\/2017\/02\/LEGISLATURA-3066-240x135.jpg 240w, https:\/\/www.diarioimagen.net\/wp-content\/uploads\/2017\/02\/LEGISLATURA-3066-235x132.jpg 235w, https:\/\/www.diarioimagen.net\/wp-content\/uploads\/2017\/02\/LEGISLATURA-3066-202x114.jpg 202w, https:\/\/www.diarioimagen.net\/wp-content\/uploads\/2017\/02\/LEGISLATURA-3066-350x196.jpg 350w, https:\/\/www.diarioimagen.net\/wp-content\/uploads\/2017\/02\/LEGISLATURA-3066-220x123.jpg 220w, https:\/\/www.diarioimagen.net\/wp-content\/uploads\/2017\/02\/LEGISLATURA-3066-237x132.jpg 237w, https:\/\/www.diarioimagen.net\/wp-content\/uploads\/2017\/02\/LEGISLATURA-3066.jpg 480w\" sizes=\"auto, (max-width: 460px) 100vw, 460px\" \/><\/a><p id=\"caption-attachment-314200\" class=\"wp-caption-text\">El legislador mexiquense, Cruz Roa S\u00e1nchez, entreg\u00f3 recursos para obras sociales en el municipio de San Sim\u00f3n de Guerrero.<\/p><\/div>\n<p>&nbsp;<\/p>\n<p>El diputado Cruz Roa S\u00e1nchez entreg\u00f3 recursos para obras sociales en el municipio de San Sim\u00f3n de Guerrero y llam\u00f3 a los regidores del PRI, Juan Manuel Alp\u00edzar Alp\u00edzar, Karla Karina Morales Rojas y Osiel Avil\u00e9s Vel\u00e1zquez, a tener siempre presente el apoyo y la confianza de sus vecinos, y seguirles respondiendo con gestiones y apoyos que mejoren su calidad de vida.<\/p>\n<p>Al encabezar el informe de trabajo de los tres ediles, el representante del VIII distrito electoral local, que tambi\u00e9n comprende Almoloya de Alquisiras, Sultepec, Temascaltepec, Texcaltitl\u00e1n y Zacualpan, entreg\u00f3 recursos para el encementado del camino principal del Barrio Santa Rosa, para el jard\u00edn de ni\u00f1os \u201cDelia Correa\u201d de la misma comunidad, as\u00ed como paquetes alimentarios y apoyos diversos para la cabecera municipal, San Jos\u00e9, San Gabriel Arc\u00e1ngel, Estancia Vieja y San Gabriel Cuentla.<\/p>\n<p>El tambi\u00e9n coordinador del grupo parlamentario del PRI en la 59 Legislatura mexiquense subray\u00f3 que los regidores cuentan con su apoyo para seguir beneficiando a los vecinos y, a su vez, agradeci\u00f3 el respaldo del presidente Enrique Pe\u00f1a Nieto y del gobernador Eruviel \u00c1vila Villegas para \u201cseguir aportando al desarrollo de las comunidades de este municipio\u201d.<\/p>\n<p>Los regidores coincidieron\u00a0 que con el respaldo de Cruz Roa se han emprendido obras y acciones, como la construcci\u00f3n de la Plaza Estado de M\u00e9xico, la rehabilitaci\u00f3n de la carretera San Sim\u00f3n de Guerrero-Texcaltitl\u00e1n, la donaci\u00f3n de una ambulancia y la entrega de un tractor a la secundaria t\u00e9cnica de San Diego.<\/p>\n<p>Carlos Ra\u00fal Rodr\u00edguez Reyna, representante del gobernador en este municipio, dijo que el mandatario mexiquense est\u00e1 al tanto de las necesidades de San Sim\u00f3n de Guerrero, al tiempo que reconoci\u00f3 el trabajo del legislador Cruz Roa para mejorar las condiciones de vida, mientras que Teresa G\u00f3mez Gonz\u00e1lez, delegada municipal de Santa Rosa, agradeci\u00f3 estos apoyos, obras y acciones.<\/p>\n<p>&nbsp;<\/p>\n","protected":false},"excerpt":{"rendered":"<p>El diputado Cruz Roa S\u00e1nchez entreg\u00f3 recursos para obras sociales en el municipio de San Sim\u00f3n de Guerrero y llam\u00f3 a los regidores del PRI, Juan Manuel Alp\u00edzar Alp\u00edzar, Karla Karina Morales Rojas y Osiel Avil\u00e9s Vel\u00e1zquez, a tener siempre presente el apoyo y la confianza de sus vecinos, y seguirles respondiendo con gestiones y apoyos que mejoren su calidad de vida.<\/p>\n","protected":false},"author":3,"featured_media":314200,"comment_status":"open","ping_status":"open","sticky":false,"template":"","format":"standard","meta":{"_monsterinsights_skip_tracking":false,"_monsterinsights_sitenote_active":false,"_monsterinsights_sitenote_note":"","_monsterinsights_sitenote_category":0,"footnotes":""},"categories":[35155],"tags":[50923,43675,48327],"class_list":["post-314121","post","type-post","status-publish","format-standard","has-post-thumbnail","hentry","category-estado-de-mexico-estado-de-mexico","tag-cruz-roa-sanchez","tag-estado-de-mexico","tag-impulsa"],"_links":{"self":[{"href":"https:\/\/www.diarioimagen.net\/index.php?rest_route=\/wp\/v2\/posts\/314121","targetHints":{"allow":["GET"]}}],"collection":[{"href":"https:\/\/www.diarioimagen.net\/index.php?rest_route=\/wp\/v2\/posts"}],"about":[{"href":"https:\/\/www.diarioimagen.net\/index.php?rest_route=\/wp\/v2\/types\/post"}],"author":[{"embeddable":true,"href":"https:\/\/www.diarioimagen.net\/index.php?rest_route=\/wp\/v2\/users\/3"}],"replies":[{"embeddable":true,"href":"https:\/\/www.diarioimagen.net\/index.php?rest_route=%2Fwp%2Fv2%2Fcomments&post=314121"}],"version-history":[{"count":0,"href":"https:\/\/www.diarioimagen.net\/index.php?rest_route=\/wp\/v2\/posts\/314121\/revisions"}],"wp:featuredmedia":[{"embeddable":true,"href":"https:\/\/www.diarioimagen.net\/index.php?rest_route=\/wp\/v2\/media\/314200"}],"wp:attachment":[{"href":"https:\/\/www.diarioimagen.net\/index.php?rest_route=%2Fwp%2Fv2%2Fmedia&parent=314121"}],"wp:term":[{"taxonomy":"category","embeddable":true,"href":"https:\/\/www.diarioimagen.net\/index.php?rest_route=%2Fwp%2Fv2%2Fcategories&post=314121"},{"taxonomy":"post_tag","embeddable":true,"href":"https:\/\/www.diarioimagen.net\/index.php?rest_route=%2Fwp%2Fv2%2Ftags&post=314121"}],"curies":[{"name":"wp","href":"https:\/\/api.w.org\/{rel}","templated":true}]}}