{"id":314123,"date":"2017-02-27T00:03:40","date_gmt":"2017-02-27T06:03:40","guid":{"rendered":"http:\/\/www.diarioimagen.net\/?p=314123"},"modified":"2017-02-27T03:52:39","modified_gmt":"2017-02-27T09:52:39","slug":"rinde-frutos-la-universidad-mexiquense-del-bicentenario","status":"publish","type":"post","link":"https:\/\/www.diarioimagen.net\/?p=314123","title":{"rendered":"Rinde frutos la Universidad Mexiquense del Bicentenario"},"content":{"rendered":"<ul>\n<li><strong><em>Tultepec le apuesta a la educaci\u00f3n<\/em><\/strong><\/li>\n<\/ul>\n<p>&nbsp;<\/p>\n<div id=\"attachment_314179\" style=\"width: 470px\" class=\"wp-caption aligncenter\"><a href=\"http:\/\/www.diarioimagen.net\/?attachment_id=314179\" rel=\"attachment wp-att-314179\"><img loading=\"lazy\" decoding=\"async\" aria-describedby=\"caption-attachment-314179\" class=\"size-large wp-image-314179\" src=\"http:\/\/www.diarioimagen.net\/wp-content\/uploads\/2017\/02\/TULTEPEC-3066-460x259.jpg\" alt=\"\" width=\"460\" height=\"259\" srcset=\"https:\/\/www.diarioimagen.net\/wp-content\/uploads\/2017\/02\/TULTEPEC-3066-460x259.jpg 460w, https:\/\/www.diarioimagen.net\/wp-content\/uploads\/2017\/02\/TULTEPEC-3066-240x135.jpg 240w, https:\/\/www.diarioimagen.net\/wp-content\/uploads\/2017\/02\/TULTEPEC-3066-235x132.jpg 235w, https:\/\/www.diarioimagen.net\/wp-content\/uploads\/2017\/02\/TULTEPEC-3066-202x114.jpg 202w, https:\/\/www.diarioimagen.net\/wp-content\/uploads\/2017\/02\/TULTEPEC-3066-350x196.jpg 350w, https:\/\/www.diarioimagen.net\/wp-content\/uploads\/2017\/02\/TULTEPEC-3066-220x123.jpg 220w, https:\/\/www.diarioimagen.net\/wp-content\/uploads\/2017\/02\/TULTEPEC-3066-237x132.jpg 237w, https:\/\/www.diarioimagen.net\/wp-content\/uploads\/2017\/02\/TULTEPEC-3066.jpg 480w\" sizes=\"auto, (max-width: 460px) 100vw, 460px\" \/><\/a><p id=\"caption-attachment-314179\" class=\"wp-caption-text\">Edgar Adri\u00e1n Hern\u00e1ndez M\u00e1rquez atestigu\u00f3 la ceremonia de clausura de la Generaci\u00f3n 2012-2017, de las licenciaturas de Inform\u00e1tica Administrativa y Financiera, Nutrici\u00f3n y Enfermer\u00eda.<\/p><\/div>\n<p>&nbsp;<\/p>\n<p><strong>Tultepec, Estado de M\u00e9xico<\/strong>.- Al atestiguar la ceremonia de clausura de la Generaci\u00f3n 2012-2017, de las licenciaturas de Inform\u00e1tica Administrativa y Financiera, Nutrici\u00f3n y Enfermer\u00eda; en la Unidad de Estudios Superiores (UES) Tultepec, Edgar Adri\u00e1n Hern\u00e1ndez M\u00e1rquez, secretario del Ayuntamiento, en representaci\u00f3n del alcalde Armando Portuguez Fuentes, afirm\u00f3 que s\u00f3lo con educaci\u00f3n es posible lograr mejores oportunidades de desarrollo profesional en la vida.<\/p>\n<p>\u201cEl gobierno que preside Portuguez Fuentes le apuesta a la educaci\u00f3n y en ello trabaja diariamente, invirtiendo los recursos necesarios para contar con planteles m\u00e1s dignos en todo el municipio, brindando mayor igualdad social a los j\u00f3venes de Tultepec y municipios vecinos, y mayores oportunidades de desarrollo en su vida\u201d, dijo.<\/p>\n<p>Ante Luis Acevedo Prieto, director de Coordinadores de la Universidad Mexiquense del Bicentenario (UMB), y de Socorro Susana Rodr\u00edguez S\u00e1nchez, coordinadora de la UES Tultepec, el funcionario record\u00f3 que fue la suma de esfuerzos del Gobierno del Estado de M\u00e9xico y de Tultepec, entonces encabezado tambi\u00e9n por Armando Portuguez, que se logr\u00f3 construir esta instituci\u00f3n, convirti\u00e9ndola en la primera universidad p\u00fablica en este municipio.<\/p>\n<p>\u201cA partir de entonces, como bien lo dice la coordinadora de la UES Tultepec, Socorro Rodr\u00edguez S\u00e1nchez, al alcalde Portuguez Fuentes es reconocido como quien trajo la educaci\u00f3n superior p\u00fablica a Tultepec, convirtiendo este espacio en una importante opci\u00f3n para el desarrollo profesional de cientos de j\u00f3venes de \u00e9ste y otros municipios de la zona, al cual ya se suma tambi\u00e9n la Universidad Pedag\u00f3gica Nacional.<\/p>\n<p>&nbsp;<\/p>\n","protected":false},"excerpt":{"rendered":"<p>Al atestiguar la ceremonia de clausura de la Generaci\u00f3n 2012-2017, de las licenciaturas de Inform\u00e1tica Administrativa y Financiera, Nutrici\u00f3n y Enfermer\u00eda; en la Unidad de Estudios Superiores (UES) Tultepec, Edgar Adri\u00e1n Hern\u00e1ndez M\u00e1rquez, secretario del Ayuntamiento, en representaci\u00f3n del alcalde Armando Portuguez Fuentes, afirm\u00f3 que s\u00f3lo con educaci\u00f3n es posible lograr mejores oportunidades de desarrollo profesional en la vida.<\/p>\n","protected":false},"author":3,"featured_media":314179,"comment_status":"open","ping_status":"open","sticky":false,"template":"","format":"standard","meta":{"_monsterinsights_skip_tracking":false,"_monsterinsights_sitenote_active":false,"_monsterinsights_sitenote_note":"","_monsterinsights_sitenote_category":0,"footnotes":""},"categories":[35155],"tags":[43675,3802],"class_list":["post-314123","post","type-post","status-publish","format-standard","has-post-thumbnail","hentry","category-estado-de-mexico-estado-de-mexico","tag-estado-de-mexico","tag-tultepec"],"_links":{"self":[{"href":"https:\/\/www.diarioimagen.net\/index.php?rest_route=\/wp\/v2\/posts\/314123","targetHints":{"allow":["GET"]}}],"collection":[{"href":"https:\/\/www.diarioimagen.net\/index.php?rest_route=\/wp\/v2\/posts"}],"about":[{"href":"https:\/\/www.diarioimagen.net\/index.php?rest_route=\/wp\/v2\/types\/post"}],"author":[{"embeddable":true,"href":"https:\/\/www.diarioimagen.net\/index.php?rest_route=\/wp\/v2\/users\/3"}],"replies":[{"embeddable":true,"href":"https:\/\/www.diarioimagen.net\/index.php?rest_route=%2Fwp%2Fv2%2Fcomments&post=314123"}],"version-history":[{"count":0,"href":"https:\/\/www.diarioimagen.net\/index.php?rest_route=\/wp\/v2\/posts\/314123\/revisions"}],"wp:featuredmedia":[{"embeddable":true,"href":"https:\/\/www.diarioimagen.net\/index.php?rest_route=\/wp\/v2\/media\/314179"}],"wp:attachment":[{"href":"https:\/\/www.diarioimagen.net\/index.php?rest_route=%2Fwp%2Fv2%2Fmedia&parent=314123"}],"wp:term":[{"taxonomy":"category","embeddable":true,"href":"https:\/\/www.diarioimagen.net\/index.php?rest_route=%2Fwp%2Fv2%2Fcategories&post=314123"},{"taxonomy":"post_tag","embeddable":true,"href":"https:\/\/www.diarioimagen.net\/index.php?rest_route=%2Fwp%2Fv2%2Ftags&post=314123"}],"curies":[{"name":"wp","href":"https:\/\/api.w.org\/{rel}","templated":true}]}}