{"id":314125,"date":"2017-02-27T00:02:03","date_gmt":"2017-02-27T06:02:03","guid":{"rendered":"http:\/\/www.diarioimagen.net\/?p=314125"},"modified":"2017-02-27T03:53:45","modified_gmt":"2017-02-27T09:53:45","slug":"anuncian-en-nicolas-romero-mas-apoyos-a-la-educacion","status":"publish","type":"post","link":"https:\/\/www.diarioimagen.net\/?p=314125","title":{"rendered":"Anuncian en Nicol\u00e1s Romero m\u00e1s apoyos a la educaci\u00f3n"},"content":{"rendered":"<p><a href=\"http:\/\/www.diarioimagen.net\/?attachment_id=314183\" rel=\"attachment wp-att-314183\"><img loading=\"lazy\" decoding=\"async\" class=\"aligncenter size-large wp-image-314183\" src=\"http:\/\/www.diarioimagen.net\/wp-content\/uploads\/2017\/02\/NICOLAS-3066-460x259.jpg\" alt=\"\" width=\"460\" height=\"259\" srcset=\"https:\/\/www.diarioimagen.net\/wp-content\/uploads\/2017\/02\/NICOLAS-3066-460x259.jpg 460w, https:\/\/www.diarioimagen.net\/wp-content\/uploads\/2017\/02\/NICOLAS-3066-240x135.jpg 240w, https:\/\/www.diarioimagen.net\/wp-content\/uploads\/2017\/02\/NICOLAS-3066-235x132.jpg 235w, https:\/\/www.diarioimagen.net\/wp-content\/uploads\/2017\/02\/NICOLAS-3066-202x114.jpg 202w, https:\/\/www.diarioimagen.net\/wp-content\/uploads\/2017\/02\/NICOLAS-3066-350x196.jpg 350w, https:\/\/www.diarioimagen.net\/wp-content\/uploads\/2017\/02\/NICOLAS-3066-220x123.jpg 220w, https:\/\/www.diarioimagen.net\/wp-content\/uploads\/2017\/02\/NICOLAS-3066-237x132.jpg 237w, https:\/\/www.diarioimagen.net\/wp-content\/uploads\/2017\/02\/NICOLAS-3066.jpg 480w\" sizes=\"auto, (max-width: 460px) 100vw, 460px\" \/><\/a><\/p>\n<p>&nbsp;<\/p>\n<p><strong>Nicol\u00e1s Romero, Estado de M\u00e9xico.-<\/strong> La presidenta municipal, Angelina Carre\u00f1o Mijares, luego de la ceremonia c\u00edvica conmemorativa del D\u00eda de la Bandera, anuncio m\u00e1s apoyos a la educaci\u00f3n de los nicolasromerense, entregando mobiliario educativo a instituciones p\u00fablicas de la demarcaci\u00f3n, as\u00ed tambi\u00e9n, dio a conocer la entrega de la F\u00e1brica de Francia, lo que traer\u00e1 consigo mayor empleo a la poblaci\u00f3n.<\/p>\n","protected":false},"excerpt":{"rendered":"<p>La presidenta municipal, Angelina Carre\u00f1o Mijares, luego de la ceremonia c\u00edvica conmemorativa del D\u00eda de la Bandera, anuncio m\u00e1s apoyos a la educaci\u00f3n de los nicolasromerense, entregando mobiliario educativo a instituciones p\u00fablicas de la demarcaci\u00f3n, as\u00ed tambi\u00e9n, dio a conocer la entrega de la F\u00e1brica de Francia, lo que traer\u00e1 consigo mayor empleo a la poblaci\u00f3n.<\/p>\n","protected":false},"author":3,"featured_media":314183,"comment_status":"open","ping_status":"open","sticky":false,"template":"","format":"standard","meta":{"_monsterinsights_skip_tracking":false,"_monsterinsights_sitenote_active":false,"_monsterinsights_sitenote_note":"","_monsterinsights_sitenote_category":0,"footnotes":""},"categories":[35155],"tags":[43675,752],"class_list":["post-314125","post","type-post","status-publish","format-standard","has-post-thumbnail","hentry","category-estado-de-mexico-estado-de-mexico","tag-estado-de-mexico","tag-nicolas-romero"],"_links":{"self":[{"href":"https:\/\/www.diarioimagen.net\/index.php?rest_route=\/wp\/v2\/posts\/314125","targetHints":{"allow":["GET"]}}],"collection":[{"href":"https:\/\/www.diarioimagen.net\/index.php?rest_route=\/wp\/v2\/posts"}],"about":[{"href":"https:\/\/www.diarioimagen.net\/index.php?rest_route=\/wp\/v2\/types\/post"}],"author":[{"embeddable":true,"href":"https:\/\/www.diarioimagen.net\/index.php?rest_route=\/wp\/v2\/users\/3"}],"replies":[{"embeddable":true,"href":"https:\/\/www.diarioimagen.net\/index.php?rest_route=%2Fwp%2Fv2%2Fcomments&post=314125"}],"version-history":[{"count":0,"href":"https:\/\/www.diarioimagen.net\/index.php?rest_route=\/wp\/v2\/posts\/314125\/revisions"}],"wp:featuredmedia":[{"embeddable":true,"href":"https:\/\/www.diarioimagen.net\/index.php?rest_route=\/wp\/v2\/media\/314183"}],"wp:attachment":[{"href":"https:\/\/www.diarioimagen.net\/index.php?rest_route=%2Fwp%2Fv2%2Fmedia&parent=314125"}],"wp:term":[{"taxonomy":"category","embeddable":true,"href":"https:\/\/www.diarioimagen.net\/index.php?rest_route=%2Fwp%2Fv2%2Fcategories&post=314125"},{"taxonomy":"post_tag","embeddable":true,"href":"https:\/\/www.diarioimagen.net\/index.php?rest_route=%2Fwp%2Fv2%2Ftags&post=314125"}],"curies":[{"name":"wp","href":"https:\/\/api.w.org\/{rel}","templated":true}]}}