{"id":314138,"date":"2017-02-27T00:00:12","date_gmt":"2017-02-27T06:00:12","guid":{"rendered":"http:\/\/www.diarioimagen.net\/?p=314138"},"modified":"2017-02-27T03:56:17","modified_gmt":"2017-02-27T09:56:17","slug":"mexicanos-queremos-abrir-ventanas-y-tender-puentes-jorge-olvera","status":"publish","type":"post","link":"https:\/\/www.diarioimagen.net\/?p=314138","title":{"rendered":"Mexicanos queremos abrir ventanas y tender puentes: Jorge Olvera"},"content":{"rendered":"<p><a href=\"http:\/\/www.diarioimagen.net\/?attachment_id=314190\" rel=\"attachment wp-att-314190\"><img loading=\"lazy\" decoding=\"async\" class=\"aligncenter size-large wp-image-314190\" src=\"http:\/\/www.diarioimagen.net\/wp-content\/uploads\/2017\/02\/UAEM-3066-460x259.jpg\" alt=\"\" width=\"460\" height=\"259\" srcset=\"https:\/\/www.diarioimagen.net\/wp-content\/uploads\/2017\/02\/UAEM-3066-460x259.jpg 460w, https:\/\/www.diarioimagen.net\/wp-content\/uploads\/2017\/02\/UAEM-3066-240x135.jpg 240w, https:\/\/www.diarioimagen.net\/wp-content\/uploads\/2017\/02\/UAEM-3066-235x132.jpg 235w, https:\/\/www.diarioimagen.net\/wp-content\/uploads\/2017\/02\/UAEM-3066-202x114.jpg 202w, https:\/\/www.diarioimagen.net\/wp-content\/uploads\/2017\/02\/UAEM-3066-350x196.jpg 350w, https:\/\/www.diarioimagen.net\/wp-content\/uploads\/2017\/02\/UAEM-3066-220x123.jpg 220w, https:\/\/www.diarioimagen.net\/wp-content\/uploads\/2017\/02\/UAEM-3066-237x132.jpg 237w, https:\/\/www.diarioimagen.net\/wp-content\/uploads\/2017\/02\/UAEM-3066.jpg 480w\" sizes=\"auto, (max-width: 460px) 100vw, 460px\" \/><\/a><\/p>\n<p>&nbsp;<\/p>\n<p>Los mexicanos no queremos dise\u00f1ar muros y s\u00ed abrir ventanas y tender puentes que permitan la convivencia humana, el desarrollo de proyectos conjuntos y la armon\u00eda en todas las relaciones, se\u00f1al\u00f3 el rector de la Universidad Aut\u00f3noma del Estado de M\u00e9xico, Jorge Olvera Garc\u00eda, al encabezar el inicio de los trabajos del Taller de World Desing Talks 2017, ejercicio enfocado al dise\u00f1o estrat\u00e9gico para la movilidad urbana en ciudades metropolitanas, que se llev\u00f3 a cabo en Ixtapan de la Sal.<\/p>\n","protected":false},"excerpt":{"rendered":"<p>Los mexicanos no queremos dise\u00f1ar muros y s\u00ed abrir ventanas y tender puentes que permitan la convivencia humana, el desarrollo de proyectos conjuntos y la armon\u00eda en todas las relaciones, se\u00f1al\u00f3 el rector de la Universidad Aut\u00f3noma del Estado de M\u00e9xico, Jorge Olvera Garc\u00eda, al encabezar el inicio de los trabajos del Taller de World Desing Talks 2017, ejercicio enfocado al dise\u00f1o estrat\u00e9gico para la movilidad urbana en ciudades metropolitanas, que se llev\u00f3 a cabo en Ixtapan de la Sal.<\/p>\n","protected":false},"author":3,"featured_media":314190,"comment_status":"open","ping_status":"open","sticky":false,"template":"","format":"standard","meta":{"_monsterinsights_skip_tracking":false,"_monsterinsights_sitenote_active":false,"_monsterinsights_sitenote_note":"","_monsterinsights_sitenote_category":0,"footnotes":""},"categories":[35155],"tags":[43675,27015,1490],"class_list":["post-314138","post","type-post","status-publish","format-standard","has-post-thumbnail","hentry","category-estado-de-mexico-estado-de-mexico","tag-estado-de-mexico","tag-jorge-olvera-garcia","tag-universidad-autonoma-del-estado-de-mexico"],"_links":{"self":[{"href":"https:\/\/www.diarioimagen.net\/index.php?rest_route=\/wp\/v2\/posts\/314138","targetHints":{"allow":["GET"]}}],"collection":[{"href":"https:\/\/www.diarioimagen.net\/index.php?rest_route=\/wp\/v2\/posts"}],"about":[{"href":"https:\/\/www.diarioimagen.net\/index.php?rest_route=\/wp\/v2\/types\/post"}],"author":[{"embeddable":true,"href":"https:\/\/www.diarioimagen.net\/index.php?rest_route=\/wp\/v2\/users\/3"}],"replies":[{"embeddable":true,"href":"https:\/\/www.diarioimagen.net\/index.php?rest_route=%2Fwp%2Fv2%2Fcomments&post=314138"}],"version-history":[{"count":0,"href":"https:\/\/www.diarioimagen.net\/index.php?rest_route=\/wp\/v2\/posts\/314138\/revisions"}],"wp:featuredmedia":[{"embeddable":true,"href":"https:\/\/www.diarioimagen.net\/index.php?rest_route=\/wp\/v2\/media\/314190"}],"wp:attachment":[{"href":"https:\/\/www.diarioimagen.net\/index.php?rest_route=%2Fwp%2Fv2%2Fmedia&parent=314138"}],"wp:term":[{"taxonomy":"category","embeddable":true,"href":"https:\/\/www.diarioimagen.net\/index.php?rest_route=%2Fwp%2Fv2%2Fcategories&post=314138"},{"taxonomy":"post_tag","embeddable":true,"href":"https:\/\/www.diarioimagen.net\/index.php?rest_route=%2Fwp%2Fv2%2Ftags&post=314138"}],"curies":[{"name":"wp","href":"https:\/\/api.w.org\/{rel}","templated":true}]}}