{"id":314239,"date":"2017-02-28T00:05:58","date_gmt":"2017-02-28T06:05:58","guid":{"rendered":"http:\/\/www.diarioimagen.net\/?p=314239"},"modified":"2017-03-01T00:21:47","modified_gmt":"2017-03-01T06:21:47","slug":"calderon-dona-a-fundacion-su-pension-de-ex-presidente","status":"publish","type":"post","link":"https:\/\/www.diarioimagen.net\/?p=314239","title":{"rendered":"Calder\u00f3n dona a fundaci\u00f3n su pensi\u00f3n de ex presidente"},"content":{"rendered":"<ul>\n<li><em><strong>Reconoce que mucha gente la considera injustificada<\/strong><\/em><\/li>\n<\/ul>\n<p>&nbsp;<\/p>\n<div id=\"attachment_314240\" style=\"width: 470px\" class=\"wp-caption aligncenter\"><a href=\"http:\/\/www.diarioimagen.net\/?attachment_id=314240\" rel=\"attachment wp-att-314240\"><img loading=\"lazy\" decoding=\"async\" aria-describedby=\"caption-attachment-314240\" class=\"size-large wp-image-314240\" src=\"http:\/\/www.diarioimagen.net\/wp-content\/uploads\/2017\/02\/PENSION-portal-460x268.jpg\" alt=\"\" width=\"460\" height=\"268\" srcset=\"https:\/\/www.diarioimagen.net\/wp-content\/uploads\/2017\/02\/PENSION-portal-460x268.jpg 460w, https:\/\/www.diarioimagen.net\/wp-content\/uploads\/2017\/02\/PENSION-portal-240x140.jpg 240w, https:\/\/www.diarioimagen.net\/wp-content\/uploads\/2017\/02\/PENSION-portal.jpg 480w\" sizes=\"auto, (max-width: 460px) 100vw, 460px\" \/><\/a><p id=\"caption-attachment-314240\" class=\"wp-caption-text\">Felipe Calder\u00f3n afirma que la acept\u00f3 hace 5 a\u00f1os porque no ten\u00eda otro ingreso distinto al de servidor p\u00fablico.<\/p><\/div>\n<p>&nbsp;<\/p>\n<p>El ex presidente Felipe Calder\u00f3n Hinojosa donar\u00e1 su pensi\u00f3n, de aproximadamente 200 mil pesos mensuales, a la organizaci\u00f3n \u201cAqu\u00ed Nadie se Rinde,\u201d de lucha contra el c\u00e1ncer de ni\u00f1os, inform\u00f3 el panista a trav\u00e9s de su cuenta de Twitter.<\/p>\n<p>Calder\u00f3n Hinojosa dijo que recibi\u00f3 el estipendio que marca la ley porque \u201cnunca rob\u00e9\u201d y no ten\u00eda otro ingreso distinto al de servidor p\u00fablico, pero ahora ofrece conferencias y realiza otras actividades.<\/p>\n<p>\u00abDecid\u00ed donar la pensi\u00f3n que me corresponde como ex Presidente de M\u00e9xico a la organizaci\u00f3n Aqu\u00ed Nadie se Rinde @ANSeRIAP para ni\u00f1os con c\u00e1ncer\u00bb, anunci\u00f3 en Twitter el ex mandatario.<\/p>\n<p>Expuso en la carta que la pensi\u00f3n de retiro que reciben los ex presidentes les permite \u00abtomar decisiones muy delicadas con toda libertad sin preocuparse por su futuro y, en consecuencia, sin ser vulnerable a los fuertes intereses econ\u00f3micos que existen en nuestro pa\u00eds. Sin embargo, mucha gente la considera injustificada, dada la terrible situaci\u00f3n del pa\u00eds y de millones de familias.<\/p>\n<p>\u00abEn lo personal, la he recibido porque nunca rob\u00e9, ni ten\u00eda otro ingreso distinto al de servidor p\u00fablico y la necesitaba. Afortunadamente, ahora he tenido la posibilidad de dar conferencias y realizar otras actividades que me generan ingreso. Yo espero que mi trabajo como conferencista me permita sostener a mi familia y as\u00ed seguir apoyando a las ni\u00f1as y los ni\u00f1os con c\u00e1ncer, a trav\u00e9s de esta admirable instituci\u00f3n\u00bb.<\/p>\n","protected":false},"excerpt":{"rendered":"<p>El ex presidente Felipe Calder\u00f3n Hinojosa donar\u00e1 su pensi\u00f3n, de aproximadamente 200 mil pesos mensuales, a la organizaci\u00f3n \u201cAqu\u00ed Nadie se Rinde,\u201d de lucha contra el c\u00e1ncer de ni\u00f1os, inform\u00f3 el panista a trav\u00e9s de su cuenta de Twitter.<\/p>\n","protected":false},"author":5,"featured_media":314240,"comment_status":"open","ping_status":"open","sticky":false,"template":"","format":"standard","meta":{"_monsterinsights_skip_tracking":false,"_monsterinsights_sitenote_active":false,"_monsterinsights_sitenote_note":"","_monsterinsights_sitenote_category":0,"footnotes":""},"categories":[3],"tags":[9326,34996,43673],"class_list":["post-314239","post","type-post","status-publish","format-standard","has-post-thumbnail","hentry","category-nacional","tag-ex-presidente","tag-felipe-calderon-hinojosa","tag-nacional"],"_links":{"self":[{"href":"https:\/\/www.diarioimagen.net\/index.php?rest_route=\/wp\/v2\/posts\/314239","targetHints":{"allow":["GET"]}}],"collection":[{"href":"https:\/\/www.diarioimagen.net\/index.php?rest_route=\/wp\/v2\/posts"}],"about":[{"href":"https:\/\/www.diarioimagen.net\/index.php?rest_route=\/wp\/v2\/types\/post"}],"author":[{"embeddable":true,"href":"https:\/\/www.diarioimagen.net\/index.php?rest_route=\/wp\/v2\/users\/5"}],"replies":[{"embeddable":true,"href":"https:\/\/www.diarioimagen.net\/index.php?rest_route=%2Fwp%2Fv2%2Fcomments&post=314239"}],"version-history":[{"count":0,"href":"https:\/\/www.diarioimagen.net\/index.php?rest_route=\/wp\/v2\/posts\/314239\/revisions"}],"wp:featuredmedia":[{"embeddable":true,"href":"https:\/\/www.diarioimagen.net\/index.php?rest_route=\/wp\/v2\/media\/314240"}],"wp:attachment":[{"href":"https:\/\/www.diarioimagen.net\/index.php?rest_route=%2Fwp%2Fv2%2Fmedia&parent=314239"}],"wp:term":[{"taxonomy":"category","embeddable":true,"href":"https:\/\/www.diarioimagen.net\/index.php?rest_route=%2Fwp%2Fv2%2Fcategories&post=314239"},{"taxonomy":"post_tag","embeddable":true,"href":"https:\/\/www.diarioimagen.net\/index.php?rest_route=%2Fwp%2Fv2%2Ftags&post=314239"}],"curies":[{"name":"wp","href":"https:\/\/api.w.org\/{rel}","templated":true}]}}