{"id":314242,"date":"2017-02-28T00:09:42","date_gmt":"2017-02-28T06:09:42","guid":{"rendered":"http:\/\/www.diarioimagen.net\/?p=314242"},"modified":"2017-02-27T23:59:06","modified_gmt":"2017-02-28T05:59:06","slug":"hay-que-apostar-por-la-politica-que-suma-y-construye-osorio","status":"publish","type":"post","link":"https:\/\/www.diarioimagen.net\/?p=314242","title":{"rendered":"Hay que apostar por la pol\u00edtica que suma y construye: Osorio"},"content":{"rendered":"<ul>\n<li><em><strong>Llamado responder a la demanda de inclusi\u00f3n<\/strong><\/em><\/li>\n<\/ul>\n<p>&nbsp;<\/p>\n<div id=\"attachment_314243\" style=\"width: 470px\" class=\"wp-caption aligncenter\"><a href=\"http:\/\/www.diarioimagen.net\/?attachment_id=314243\" rel=\"attachment wp-att-314243\"><img loading=\"lazy\" decoding=\"async\" aria-describedby=\"caption-attachment-314243\" class=\"size-large wp-image-314243\" src=\"http:\/\/www.diarioimagen.net\/wp-content\/uploads\/2017\/02\/OSORIO28-portal-460x268.jpg\" alt=\"\" width=\"460\" height=\"268\" srcset=\"https:\/\/www.diarioimagen.net\/wp-content\/uploads\/2017\/02\/OSORIO28-portal-460x268.jpg 460w, https:\/\/www.diarioimagen.net\/wp-content\/uploads\/2017\/02\/OSORIO28-portal-240x140.jpg 240w, https:\/\/www.diarioimagen.net\/wp-content\/uploads\/2017\/02\/OSORIO28-portal.jpg 480w\" sizes=\"auto, (max-width: 460px) 100vw, 460px\" \/><\/a><p id=\"caption-attachment-314243\" class=\"wp-caption-text\">Miguel \u00c1ngel Osorio Chong, dijo que ante los retos que enfrenta el pa\u00eds se requiere apostar por la pol\u00edtica que suma y construye.<\/p><\/div>\n<p>&nbsp;<\/p>\n<p>Ante los retos que enfrenta el pa\u00eds se requiere apostar por la buena pol\u00edtica, la que crea, suma y construye, \u201cla que apuesta por la uni\u00f3n y no por la divisi\u00f3n\u201d, afirm\u00f3 el secretario de Gobernaci\u00f3n, Miguel \u00c1ngel Osorio Chong.<\/p>\n<p>Tambi\u00e9n por la pol\u00edtica que dialoga, argumenta, propone y acerca a quienes piensan diferente; la que tiende puentes en la pluralidad y permite generar una agenda com\u00fan, expres\u00f3.<\/p>\n<p>Durante su discurso en la presentaci\u00f3n de la Estrategia Nacional de Cultura C\u00edvica del INE (ENCIVICA) 2017-2023, el funcionario federal subray\u00f3 que la democracia se fortalece cuando mejoramos las instituciones, \u201cnunca cuando las debilitamos\u201d.<\/p>\n<p>\u201cLos desaf\u00edos que tenemos como pa\u00eds no se vencen de ning\u00fan manera con personalismos sino a trav\u00e9s de la buena pol\u00edtica para que juntos, gobiernos y sociedad, estar a la altura de los retos de nuestro tiempo y de nuestras propias expectativas como pa\u00eds\u201d, expres\u00f3.<\/p>\n<p>Ante el consejero presidente del Instituto Nacional Electoral (INE), Lorenzo C\u00f3rdova, llam\u00f3 a trabajar juntos para responder a la exigencia de inclusi\u00f3n, de mayor igualdad y mejores oportunidades; \u201cjuntos para lograr el objetivo de un pa\u00eds m\u00e1s justo y m\u00e1s libre\u201d.<\/p>\n","protected":false},"excerpt":{"rendered":"<p>Ante los retos que enfrenta el pa\u00eds se requiere apostar por la buena pol\u00edtica, la que crea, suma y construye, \u201cla que apuesta por la uni\u00f3n y no por la divisi\u00f3n\u201d, afirm\u00f3 el secretario de Gobernaci\u00f3n, Miguel \u00c1ngel Osorio Chong.<\/p>\n","protected":false},"author":5,"featured_media":314243,"comment_status":"open","ping_status":"open","sticky":false,"template":"","format":"standard","meta":{"_monsterinsights_skip_tracking":false,"_monsterinsights_sitenote_active":false,"_monsterinsights_sitenote_note":"","_monsterinsights_sitenote_category":0,"footnotes":""},"categories":[3],"tags":[29347,3676,43673,10825],"class_list":["post-314242","post","type-post","status-publish","format-standard","has-post-thumbnail","hentry","category-nacional","tag-ine","tag-miguel-angel-osorio-chong","tag-nacional","tag-politica"],"_links":{"self":[{"href":"https:\/\/www.diarioimagen.net\/index.php?rest_route=\/wp\/v2\/posts\/314242","targetHints":{"allow":["GET"]}}],"collection":[{"href":"https:\/\/www.diarioimagen.net\/index.php?rest_route=\/wp\/v2\/posts"}],"about":[{"href":"https:\/\/www.diarioimagen.net\/index.php?rest_route=\/wp\/v2\/types\/post"}],"author":[{"embeddable":true,"href":"https:\/\/www.diarioimagen.net\/index.php?rest_route=\/wp\/v2\/users\/5"}],"replies":[{"embeddable":true,"href":"https:\/\/www.diarioimagen.net\/index.php?rest_route=%2Fwp%2Fv2%2Fcomments&post=314242"}],"version-history":[{"count":0,"href":"https:\/\/www.diarioimagen.net\/index.php?rest_route=\/wp\/v2\/posts\/314242\/revisions"}],"wp:featuredmedia":[{"embeddable":true,"href":"https:\/\/www.diarioimagen.net\/index.php?rest_route=\/wp\/v2\/media\/314243"}],"wp:attachment":[{"href":"https:\/\/www.diarioimagen.net\/index.php?rest_route=%2Fwp%2Fv2%2Fmedia&parent=314242"}],"wp:term":[{"taxonomy":"category","embeddable":true,"href":"https:\/\/www.diarioimagen.net\/index.php?rest_route=%2Fwp%2Fv2%2Fcategories&post=314242"},{"taxonomy":"post_tag","embeddable":true,"href":"https:\/\/www.diarioimagen.net\/index.php?rest_route=%2Fwp%2Fv2%2Ftags&post=314242"}],"curies":[{"name":"wp","href":"https:\/\/api.w.org\/{rel}","templated":true}]}}