{"id":314258,"date":"2017-02-28T00:01:42","date_gmt":"2017-02-28T06:01:42","guid":{"rendered":"http:\/\/www.diarioimagen.net\/?p=314258"},"modified":"2017-02-27T23:17:46","modified_gmt":"2017-02-28T05:17:46","slug":"la-aerolinea-sunrise-airways-ofrece-2x1-en-un-airbus-a320-de-180-asientos-para-expandir-sus-servicios-a-cuba-desde-puerto-principe","status":"publish","type":"post","link":"https:\/\/www.diarioimagen.net\/?p=314258","title":{"rendered":"La aerol\u00ednea <i>Sunrise Airways<\/i> ofrece 2&#215;1 en un <i>Airbus A320<\/i> de 180 asientos para expandir sus servicios a Cuba desde Puerto Pr\u00edncipe"},"content":{"rendered":"<h2>De cinco estrellas<\/h2>\n<h5>Victoria Gonz\u00e1lez Prado<\/h5>\n<p>&nbsp;<\/p>\n<ul>\n<li><em><strong>El chef Irad Santacruz, y la cocinera oaxaque\u00f1a, Juana Amaya, impartir\u00e1n una pl\u00e1tica sobre la historia y diversidad del ma\u00edz mexicano<\/strong><\/em><\/li>\n<li><strong>AMResorts<\/strong><em><strong> est\u00e1 en el camino de conseguir su resort n\u00famero 100 en el a\u00f1o 2020, aseguraron los directivos<\/strong><\/em><\/li>\n<li><em><strong>Tres nuevas rutas de <\/strong><\/em><strong>Volaris<\/strong><em><strong> conectar\u00e1n a Le\u00f3n (Baj\u00edo) y Quer\u00e9taro, con las estadounidenses de Ontario y Los \u00c1ngeles, California y Chicago, Illinois<\/strong><\/em><\/li>\n<\/ul>\n<p>&nbsp;<\/p>\n<div id=\"attachment_314259\" style=\"width: 470px\" class=\"wp-caption aligncenter\"><a href=\"http:\/\/www.diarioimagen.net\/?attachment_id=314259\" rel=\"attachment wp-att-314259\"><img loading=\"lazy\" decoding=\"async\" aria-describedby=\"caption-attachment-314259\" class=\"size-large wp-image-314259\" src=\"http:\/\/www.diarioimagen.net\/wp-content\/uploads\/2017\/02\/turismo-3067-460x259.jpg\" alt=\"\" width=\"460\" height=\"259\" srcset=\"https:\/\/www.diarioimagen.net\/wp-content\/uploads\/2017\/02\/turismo-3067-460x259.jpg 460w, https:\/\/www.diarioimagen.net\/wp-content\/uploads\/2017\/02\/turismo-3067-240x135.jpg 240w, https:\/\/www.diarioimagen.net\/wp-content\/uploads\/2017\/02\/turismo-3067-235x132.jpg 235w, https:\/\/www.diarioimagen.net\/wp-content\/uploads\/2017\/02\/turismo-3067-202x114.jpg 202w, https:\/\/www.diarioimagen.net\/wp-content\/uploads\/2017\/02\/turismo-3067-350x196.jpg 350w, https:\/\/www.diarioimagen.net\/wp-content\/uploads\/2017\/02\/turismo-3067-220x123.jpg 220w, https:\/\/www.diarioimagen.net\/wp-content\/uploads\/2017\/02\/turismo-3067-237x132.jpg 237w, https:\/\/www.diarioimagen.net\/wp-content\/uploads\/2017\/02\/turismo-3067.jpg 480w\" sizes=\"auto, (max-width: 460px) 100vw, 460px\" \/><\/a><p id=\"caption-attachment-314259\" class=\"wp-caption-text\"><em>Sunrise Airways<\/em>.<\/p><\/div>\n<p>&nbsp;<\/p>\n<p>La l\u00ednea a\u00e9rea <i>Sunrise Airways<\/i> ofrece un 2&#215;1 en un <i>Airbus A320<\/i> de 180 asientos, con la intenci\u00f3n de expandir sus servicios a Cuba, en vuelos directos y tomando como trampol\u00edn estos primeros vuelos a La Habana que conectar\u00e1n dos de las principales ciudades del Caribe, La Habana y Puerto Pr\u00edncipe.<\/p>\n<p>Estas operaciones iniciaron el pasado 23 de febrero y los interesados pueden viajar: Puerto Pr\u00edncipe, Hait\u00ed-La Habana, Cuba. Domingos y jueves sale de Puerto Pr\u00edncipe a las 8:00 am y llega a las 10:30 am. De regreso sale de La Habana a 11:30 am y llega 1:30 pm.<\/p>\n<p><i>Sunrise Airways<\/i> es originaria de Cap Haitien y Santo Domingo, Rep\u00fablica Dominicana. <b>Philippe Bayard<\/b>, presidente de la compa\u00f1\u00eda se\u00f1ala, \u201cestamos elevando la experiencia de vuelos entre La Habana y Puerto Pr\u00edncipe a nuevas alturas de excelencia. La aerol\u00ednea entra en el mercado de La Habana, comprometida a proporcionar a la ciudad un servicio legendario\u201d.<\/p>\n<p>La aerol\u00ednea inici\u00f3 dos vuelos semanales (lunes y viernes) a Camag\u00fcey en febrero de 2016. Dos vuelos semanales a Santiago de Cuba (jueves, domingo) se lanzaron en octubre de 2015. M\u00e1s informaci\u00f3n, visite www.sunriseairways.net<\/p>\n<p>\u2730\u2730\u2730\u2730\u2730 El chef <b>Irad Santacruz<\/b>, la cocinera de Oaxaca <b>Juana Amaya<\/b> y otras cocineras tradicionales de Tlaxcala impartir\u00e1n una pl\u00e1tica sobre la historia y diversidad del ma\u00edz mexicano el pr\u00f3ximo s\u00e1bado 4 de marzo a partir de las 10:00 horas\u00a0 en el restaurante Chapul\u00edn, Campos El\u00edseos No. 218. Col. Polanco. La ponencia se complementar\u00e1 con una degustaci\u00f3n de canap\u00e9s tradicionales de Oaxaca y Tlaxcala.<\/p>\n<p>El evento est\u00e1 abierto al p\u00fablico interesado con los siguientes costos: Ponencia: 500 pesos. Men\u00fa de cuatro tiempos 450 pesos o bien men\u00fa y ponencia un total de 850 pesos. No te lo pierdas.<\/p>\n<p>\u2730\u2730\u2730\u2730\u2730 La compa\u00f1\u00eda de operaci\u00f3n hotelera de\u00a0<i>Apple Leisure Group, AMResorts <\/i>contin\u00faa con su estrategia de expansi\u00f3n que la ha llevado a triplicar su cartera de hoteles en tan s\u00f3lo cuatro a\u00f1os. La empresa norteamericana apuesta ahora por el turista espa\u00f1ol, un mercado especialmente atractivo, pues adem\u00e1s de buscar experiencias m\u00e1s lujosas y sofisticadas que antes, tambi\u00e9n ha logrado elevar su poder adquisitivo. Este turista permite a <i>AMResorts <\/i>incrementar la captaci\u00f3n del mercado espa\u00f1ol en las \u00e9pocas en que su p\u00fablico principal, el norteamericano, disminuye sus estancias en ciertas temporadas al Caribe.<\/p>\n<p>\u201cLos espa\u00f1oles viajan m\u00e1s en verano, lo que contrarresta los desplazamientos del turista estadounidense y canadiense\u201d, explic\u00f3 <b>Alejandro Zozay<\/b>a, CEO de <i>Apple Leisure Group.<\/i><\/p>\n<p>El presidente de <i>AMResorts,<\/i> <b>Gonzalo del Pe\u00f3n<\/b>, se\u00f1ala que el turista espa\u00f1ol m\u00e1s sofisticado tiende a pensar que el Caribe est\u00e1 masificado. Por ello, se ha mostrado convencido de que los turistas espa\u00f1oles que prueben sus resorts \u201cencontrar\u00e1n las experiencias que buscan en nuestros hoteles\u201d.<\/p>\n<p>En los \u00faltimos a\u00f1os, la marca ha tenido crecimiento espectacular. Entre 2012 y 2016 se ha duplicado el n\u00famero de hoteles con los que cuenta la compa\u00f1\u00eda y la previsi\u00f3n es triplicar en breve el n\u00famero de resorts de 2012. Esta cifra los pondr\u00e1 en el camino de conseguir su resort n\u00famero 100 en el a\u00f1o 2020.<\/p>\n<p>La compa\u00f1\u00eda tambi\u00e9n planea incursionar en nuevos destinos. \u201cNos estamos expandiendo hasta el sur, hasta el Caribe ingl\u00e9s y Sudam\u00e9rica\u201d, indica <b>Javier Coll<\/b>, poniendo como ejemplos algunos nuevos destinos donde tienen previsto entrar, como Cura\u00e7ao y Colombia.<\/p>\n<p>En la conferencia estuvieron<b> Alejandro Zozaya<\/b>, CEO de <i>Apple Leisure Group;<\/i><b> Gonzalo del Pe\u00f3n<\/b>, presidente de <i>AMResorts<\/i>; <b>Javier Coll<\/b>, vicepresidente ejecutivo y director de Estrategia de <i>Apple Leisure Group.\u00a0<\/i><\/p>\n<p>\u2730\u2730\u2730\u2730\u2730 Volaris anuncia tres nuevas rutas que conectar\u00e1n a las ciudades mexicanas de Le\u00f3n (Baj\u00edo) y Quer\u00e9taro con las estadounidenses de Ontario y Los \u00c1ngeles, California y Chicago (Midway), Illinois, a partir del 16 de mayo pr\u00f3ximo.<\/p>\n<p>Quer\u00e9taro se conectar\u00e1 con los aeropuertos internacionales de Los \u00c1ngeles y Chicago (Midway), mientras que Le\u00f3n se conectar\u00e1 con Ontario, California, con lo cual se fortalece la estrategia de conectividad y expansi\u00f3n de Volaris en el mercado estadounidense.<\/p>\n<p><b>Holger Blankenstein<\/b>, director ejecutivo Comercial de la aerol\u00ednea, se\u00f1al\u00f3 que la apertura de estas rutas fortalece la presencia de Volaris como la principal aerol\u00ednea mexicana dentro del mercado estadounidense y representa importantes ventajas para\u00a0 un mayor n\u00famero de clientes en ambos lados de la frontera. \u201cBrindar mayores opciones con rutas como \u00e9stas para mantener unido al centro del pa\u00eds con ciudades estadounidenses con una importante tasa de poblaci\u00f3n de mexicanos es muestra del inter\u00e9s de la aerol\u00ednea por hacer que todo el mundo vuele para visitar amigos y familiares, realizar turismo e impulsar negocios entre ambos pa\u00edses\u201d, coment\u00f3 el directivo.<\/p>\n<p>Los interesados en viajar en estas rutas podr\u00e1n hacerlo a partir de las fechas, horarios y frecuencias: 16 de mayo: Le\u00f3n (Baj\u00edo), Guanajuato-Ontario, California. Martes y s\u00e1bados. Sale de Le\u00f3n a las 20:34 horas y llega a las 22:05 horas. De regreso sale de Ontario a las 23:50 horas y llega a las 05:00 horas.<\/p>\n<p>Quer\u00e9taro, Quer\u00e9taro\u2013Los \u00c1ngeles, California. Martes y domingos. Sale de Los \u00c1ngeles a las 11:55 horas. Llega a Quer\u00e9taro a las 17:22 horas. De Quer\u00e9taro sale a las 18:07 horas y llega a Los \u00c1ngeles a las 20:00 horas.<\/p>\n<p>El 19 de mayo inicia Quer\u00e9taro, Quer\u00e9taro\u2013Chicago, Illinois (Midway). Viernes y domingos. Sale de Chicago a las 12:20 horas y llega a Quer\u00e9taro a las 16:42 horas. De Quer\u00e9taro sale a las 17:27 horas y llega a Chicago a las 21:10 horas.<\/p>\n<p>Para estas rutas los boletos se pueden adquirir con una tarifa desde 99 d\u00f3lares vuelo sencillo y con impuestos incluidos, gracias a la compra anticipada y al innovador esquema \u201cT\u00fa decides\u201d, donde los clientes s\u00f3lo pagan por los servicios que necesitan. www.volaris.com<\/p>\n<p><em><a href=\"mailto:victoriagprado@gmail.com\" target=\"_blank\">victoriagprado@gmail.com<\/a><\/em><br \/>\n<em>Twitter:\u00a0<a href=\"https:\/\/twitter.com\/victoriagprado\" target=\"_blank\">@victoriagprado<\/a><\/em><\/p>\n","protected":false},"excerpt":{"rendered":"<p>La l\u00ednea a\u00e9rea <i>Sunrise Airways<\/i> ofrece un 2&#215;1 en un <i>Airbus A320<\/i> de 180 asientos, con la intenci\u00f3n de expandir sus servicios a Cuba, en vuelos directos y tomando como trampol\u00edn estos primeros vuelos a La Habana que conectar\u00e1n dos de las principales ciudades del Caribe, La Habana y Puerto Pr\u00edncipe.<\/p>\n","protected":false},"author":1,"featured_media":314259,"comment_status":"open","ping_status":"open","sticky":false,"template":"","format":"standard","meta":{"_monsterinsights_skip_tracking":false,"_monsterinsights_sitenote_active":false,"_monsterinsights_sitenote_note":"","_monsterinsights_sitenote_category":0,"footnotes":""},"categories":[11],"tags":[107,43674,43681,106],"class_list":["post-314258","post","type-post","status-publish","format-standard","has-post-thumbnail","hentry","category-turismo","tag-de-cinco-estrellas","tag-opinion","tag-turismo","tag-victoria-gonzalez-prado"],"_links":{"self":[{"href":"https:\/\/www.diarioimagen.net\/index.php?rest_route=\/wp\/v2\/posts\/314258","targetHints":{"allow":["GET"]}}],"collection":[{"href":"https:\/\/www.diarioimagen.net\/index.php?rest_route=\/wp\/v2\/posts"}],"about":[{"href":"https:\/\/www.diarioimagen.net\/index.php?rest_route=\/wp\/v2\/types\/post"}],"author":[{"embeddable":true,"href":"https:\/\/www.diarioimagen.net\/index.php?rest_route=\/wp\/v2\/users\/1"}],"replies":[{"embeddable":true,"href":"https:\/\/www.diarioimagen.net\/index.php?rest_route=%2Fwp%2Fv2%2Fcomments&post=314258"}],"version-history":[{"count":0,"href":"https:\/\/www.diarioimagen.net\/index.php?rest_route=\/wp\/v2\/posts\/314258\/revisions"}],"wp:featuredmedia":[{"embeddable":true,"href":"https:\/\/www.diarioimagen.net\/index.php?rest_route=\/wp\/v2\/media\/314259"}],"wp:attachment":[{"href":"https:\/\/www.diarioimagen.net\/index.php?rest_route=%2Fwp%2Fv2%2Fmedia&parent=314258"}],"wp:term":[{"taxonomy":"category","embeddable":true,"href":"https:\/\/www.diarioimagen.net\/index.php?rest_route=%2Fwp%2Fv2%2Fcategories&post=314258"},{"taxonomy":"post_tag","embeddable":true,"href":"https:\/\/www.diarioimagen.net\/index.php?rest_route=%2Fwp%2Fv2%2Ftags&post=314258"}],"curies":[{"name":"wp","href":"https:\/\/api.w.org\/{rel}","templated":true}]}}