{"id":314342,"date":"2017-02-28T00:06:53","date_gmt":"2017-02-28T06:06:53","guid":{"rendered":"http:\/\/www.diarioimagen.net\/?p=314342"},"modified":"2017-02-28T03:39:44","modified_gmt":"2017-02-28T09:39:44","slug":"trabajadores-del-suteym-pieza-clave-en-gobierno-de-naucalpan","status":"publish","type":"post","link":"https:\/\/www.diarioimagen.net\/?p=314342","title":{"rendered":"Trabajadores del SUTEyM, pieza clave en gobierno de Naucalpan"},"content":{"rendered":"<ul>\n<li><strong><em>Servicios P\u00fablicos agradece su entrega<\/em><\/strong><\/li>\n<\/ul>\n<p>&nbsp;<\/p>\n<div id=\"attachment_314418\" style=\"width: 470px\" class=\"wp-caption aligncenter\"><a href=\"http:\/\/www.diarioimagen.net\/?attachment_id=314418\" rel=\"attachment wp-att-314418\"><img loading=\"lazy\" decoding=\"async\" aria-describedby=\"caption-attachment-314418\" class=\"size-large wp-image-314418\" src=\"http:\/\/www.diarioimagen.net\/wp-content\/uploads\/2017\/02\/NAUCALPAN-3067-460x259.jpg\" alt=\"\" width=\"460\" height=\"259\" srcset=\"https:\/\/www.diarioimagen.net\/wp-content\/uploads\/2017\/02\/NAUCALPAN-3067-460x259.jpg 460w, https:\/\/www.diarioimagen.net\/wp-content\/uploads\/2017\/02\/NAUCALPAN-3067-240x135.jpg 240w, https:\/\/www.diarioimagen.net\/wp-content\/uploads\/2017\/02\/NAUCALPAN-3067-235x132.jpg 235w, https:\/\/www.diarioimagen.net\/wp-content\/uploads\/2017\/02\/NAUCALPAN-3067-202x114.jpg 202w, https:\/\/www.diarioimagen.net\/wp-content\/uploads\/2017\/02\/NAUCALPAN-3067-350x196.jpg 350w, https:\/\/www.diarioimagen.net\/wp-content\/uploads\/2017\/02\/NAUCALPAN-3067-220x123.jpg 220w, https:\/\/www.diarioimagen.net\/wp-content\/uploads\/2017\/02\/NAUCALPAN-3067-237x132.jpg 237w, https:\/\/www.diarioimagen.net\/wp-content\/uploads\/2017\/02\/NAUCALPAN-3067.jpg 480w\" sizes=\"auto, (max-width: 460px) 100vw, 460px\" \/><\/a><p id=\"caption-attachment-314418\" class=\"wp-caption-text\">Tom\u00e1s Palomares Parra\u00a0agradeci\u00f3 el apoyo de Francisco \u00c1lvarez, director de Servicios P\u00fablicos del ayuntamiento, quien ratific\u00f3 su compromiso por apoyar a la clase trabajadora.<\/p><\/div>\n<p>&nbsp;<\/p>\n<p><strong>Naucalpan, Estado de M\u00e9xico<\/strong>.- Los trabajadores agremiados al Sindicato \u00danico de Trabajadores del Estado y sus Municipios (SUTEyM) son una pieza fundamental y la fuerza del actual gobierno, es por ello que quiero agradecer su entrega, siempre mirando por el bienestar de la ciudadan\u00eda y no pod\u00eda dejar de agradecer todo su apoyo a este gran l\u00edder, que es Tom\u00e1s Palomares Parra, asegur\u00f3 Francisco \u00c1lvarez, director de Servicios P\u00fablicos del ayuntamiento, durante la segunda entrega de ropa de trabajo para los suteymistas que se desarroll\u00f3 en Base Victoria.<\/p>\n<p>Ah\u00ed, Tom\u00e1s Palomares Parra\u00a0agradeci\u00f3 el apoyo del funcionario y del alcalde Edgar Olvera, quien ratifica su compromiso por apoyar a la clase trabajadora.<\/p>\n<p>\u201cAntes que todo, dijo a los trabajadores, reciban un saludo de nuestro secretario general en el Estado de M\u00e9xico, Herminio Cahue Calder\u00f3n, y de nuestro presidente del Comit\u00e9 de Vigilancia e Investigaci\u00f3n, Ren\u00e9 Palomares Parra, quienes son parte fundamental de la unidad que existe en el sindicato y no pod\u00eda dejar de reconocer el trabajo y apoyo de nuestro l\u00edder Moral, David Parra S\u00e1nchez, quien cumple a\u00f1os y le mandamos un fuerte abrazo\u201d.<\/p>\n<p>El joven l\u00edder sindical dijo que \u201cel sindicato trabaja y trabajar\u00e1 siempre en beneficio de los habitantes de este municipio sin importar color o expresi\u00f3n pol\u00edtica. Nuestro compromiso es y ser\u00e1 siempre con \u00a0la ciudadan\u00eda\u201d.<\/p>\n<p>Asimismo, Tom\u00e1s Alberto Palomares, exhort\u00f3 a los trabajadores de servicios p\u00fablicos \u00a0a cumplir con sus obligaciones, redoblar el esfuerzo y realizar una labor en equipo; todo lo necesario para culminar los objetivos que traza la administraci\u00f3n municipal.<\/p>\n<p>Manifest\u00f3 que los trabajadores de Servicios P\u00fablicos son gente que trabajan sin descanso, siempre asumiendo su responsabilidad de otorgar lo mejor de s\u00ed para el bienestar de los naucalpenses y ello es digno re reconocer\u201d.<\/p>\n<p>&nbsp;<\/p>\n","protected":false},"excerpt":{"rendered":"<p>Los trabajadores agremiados al Sindicato \u00danico de Trabajadores del Estado y sus Municipios (SUTEyM) son una pieza fundamental y la fuerza del actual gobierno, es por ello que quiero agradecer su entrega, siempre mirando por el bienestar de la ciudadan\u00eda y no pod\u00eda dejar de agradecer todo su apoyo a este gran l\u00edder, que es Tom\u00e1s Palomares Parra, asegur\u00f3 Francisco \u00c1lvarez, director de Servicios P\u00fablicos del ayuntamiento, durante la segunda entrega de ropa de trabajo para los suteymistas que se desarroll\u00f3 en Base Victoria.<\/p>\n","protected":false},"author":3,"featured_media":314418,"comment_status":"open","ping_status":"open","sticky":false,"template":"","format":"standard","meta":{"_monsterinsights_skip_tracking":false,"_monsterinsights_sitenote_active":false,"_monsterinsights_sitenote_note":"","_monsterinsights_sitenote_category":0,"footnotes":""},"categories":[35155],"tags":[43675,970,47930,56429],"class_list":["post-314342","post","type-post","status-publish","format-standard","has-post-thumbnail","hentry","category-estado-de-mexico-estado-de-mexico","tag-estado-de-mexico","tag-naucalpan","tag-sindicato-unico-de-trabajadores-del-estado-y-sus-municipios","tag-tomas-palomares-parra"],"_links":{"self":[{"href":"https:\/\/www.diarioimagen.net\/index.php?rest_route=\/wp\/v2\/posts\/314342","targetHints":{"allow":["GET"]}}],"collection":[{"href":"https:\/\/www.diarioimagen.net\/index.php?rest_route=\/wp\/v2\/posts"}],"about":[{"href":"https:\/\/www.diarioimagen.net\/index.php?rest_route=\/wp\/v2\/types\/post"}],"author":[{"embeddable":true,"href":"https:\/\/www.diarioimagen.net\/index.php?rest_route=\/wp\/v2\/users\/3"}],"replies":[{"embeddable":true,"href":"https:\/\/www.diarioimagen.net\/index.php?rest_route=%2Fwp%2Fv2%2Fcomments&post=314342"}],"version-history":[{"count":0,"href":"https:\/\/www.diarioimagen.net\/index.php?rest_route=\/wp\/v2\/posts\/314342\/revisions"}],"wp:featuredmedia":[{"embeddable":true,"href":"https:\/\/www.diarioimagen.net\/index.php?rest_route=\/wp\/v2\/media\/314418"}],"wp:attachment":[{"href":"https:\/\/www.diarioimagen.net\/index.php?rest_route=%2Fwp%2Fv2%2Fmedia&parent=314342"}],"wp:term":[{"taxonomy":"category","embeddable":true,"href":"https:\/\/www.diarioimagen.net\/index.php?rest_route=%2Fwp%2Fv2%2Fcategories&post=314342"},{"taxonomy":"post_tag","embeddable":true,"href":"https:\/\/www.diarioimagen.net\/index.php?rest_route=%2Fwp%2Fv2%2Ftags&post=314342"}],"curies":[{"name":"wp","href":"https:\/\/api.w.org\/{rel}","templated":true}]}}