{"id":314344,"date":"2017-02-28T00:05:11","date_gmt":"2017-02-28T06:05:11","guid":{"rendered":"http:\/\/www.diarioimagen.net\/?p=314344"},"modified":"2017-02-28T03:40:38","modified_gmt":"2017-02-28T09:40:38","slug":"aprueba-tlalnepantla-presupuesto-2017","status":"publish","type":"post","link":"https:\/\/www.diarioimagen.net\/?p=314344","title":{"rendered":"Aprueba Tlalnepantla presupuesto 2017"},"content":{"rendered":"<p><a href=\"http:\/\/www.diarioimagen.net\/?attachment_id=314420\" rel=\"attachment wp-att-314420\"><img loading=\"lazy\" decoding=\"async\" class=\"aligncenter size-large wp-image-314420\" src=\"http:\/\/www.diarioimagen.net\/wp-content\/uploads\/2017\/02\/TLALNEPANTLA-3067-460x259.jpg\" alt=\"\" width=\"460\" height=\"259\" srcset=\"https:\/\/www.diarioimagen.net\/wp-content\/uploads\/2017\/02\/TLALNEPANTLA-3067-460x259.jpg 460w, https:\/\/www.diarioimagen.net\/wp-content\/uploads\/2017\/02\/TLALNEPANTLA-3067-240x135.jpg 240w, https:\/\/www.diarioimagen.net\/wp-content\/uploads\/2017\/02\/TLALNEPANTLA-3067-235x132.jpg 235w, https:\/\/www.diarioimagen.net\/wp-content\/uploads\/2017\/02\/TLALNEPANTLA-3067-202x114.jpg 202w, https:\/\/www.diarioimagen.net\/wp-content\/uploads\/2017\/02\/TLALNEPANTLA-3067-350x196.jpg 350w, https:\/\/www.diarioimagen.net\/wp-content\/uploads\/2017\/02\/TLALNEPANTLA-3067-220x123.jpg 220w, https:\/\/www.diarioimagen.net\/wp-content\/uploads\/2017\/02\/TLALNEPANTLA-3067-237x132.jpg 237w, https:\/\/www.diarioimagen.net\/wp-content\/uploads\/2017\/02\/TLALNEPANTLA-3067.jpg 480w\" sizes=\"auto, (max-width: 460px) 100vw, 460px\" \/><\/a><\/p>\n<p>&nbsp;<\/p>\n<p><strong>Tlalnepantla, Estado de M\u00e9xico<\/strong>.<strong>&#8211; <\/strong>El Cabildo local aprob\u00f3 las adecuaciones al presupuesto de egresos para el ejercicio fiscal 2017, por un monto de 3 mil 402 millones 152 mil 47.34 pesos, recursos que privilegiar\u00e1n diversas \u00e1reas como seguridad p\u00fablica, servicios urbanos y desarrollo social.<\/p>\n<p>Al respecto, la alcaldesa Denisse Ugalde Alegr\u00eda afirm\u00f3 que dicho presupuesto aprobado por mayor\u00eda en la Vig\u00e9sima Tercera Sesi\u00f3n Extraordinaria de Cabildo, \u201crefleja el conjunto de obligaciones, compromisos y prop\u00f3sitos del actual gobierno municipal, siempre enfocando el gasto en la ciudadan\u00eda y realizando un ejercicio responsable\u201d.<\/p>\n<p>&nbsp;<\/p>\n<p>&nbsp;<\/p>\n<p>&nbsp;<\/p>\n","protected":false},"excerpt":{"rendered":"<p>El Cabildo local aprob\u00f3 las adecuaciones al presupuesto de egresos para el ejercicio fiscal 2017, por un monto de 3 mil 402 millones 152 mil 47.34 pesos, recursos que privilegiar\u00e1n diversas \u00e1reas como seguridad p\u00fablica, servicios urbanos y desarrollo social.<\/p>\n","protected":false},"author":3,"featured_media":314420,"comment_status":"open","ping_status":"open","sticky":false,"template":"","format":"standard","meta":{"_monsterinsights_skip_tracking":false,"_monsterinsights_sitenote_active":false,"_monsterinsights_sitenote_note":"","_monsterinsights_sitenote_category":0,"footnotes":""},"categories":[35155],"tags":[45490,43675,6053,169],"class_list":["post-314344","post","type-post","status-publish","format-standard","has-post-thumbnail","hentry","category-estado-de-mexico-estado-de-mexico","tag-denisse-ugalde-alegria","tag-estado-de-mexico","tag-presupuesto","tag-tlalnepantla"],"_links":{"self":[{"href":"https:\/\/www.diarioimagen.net\/index.php?rest_route=\/wp\/v2\/posts\/314344","targetHints":{"allow":["GET"]}}],"collection":[{"href":"https:\/\/www.diarioimagen.net\/index.php?rest_route=\/wp\/v2\/posts"}],"about":[{"href":"https:\/\/www.diarioimagen.net\/index.php?rest_route=\/wp\/v2\/types\/post"}],"author":[{"embeddable":true,"href":"https:\/\/www.diarioimagen.net\/index.php?rest_route=\/wp\/v2\/users\/3"}],"replies":[{"embeddable":true,"href":"https:\/\/www.diarioimagen.net\/index.php?rest_route=%2Fwp%2Fv2%2Fcomments&post=314344"}],"version-history":[{"count":0,"href":"https:\/\/www.diarioimagen.net\/index.php?rest_route=\/wp\/v2\/posts\/314344\/revisions"}],"wp:featuredmedia":[{"embeddable":true,"href":"https:\/\/www.diarioimagen.net\/index.php?rest_route=\/wp\/v2\/media\/314420"}],"wp:attachment":[{"href":"https:\/\/www.diarioimagen.net\/index.php?rest_route=%2Fwp%2Fv2%2Fmedia&parent=314344"}],"wp:term":[{"taxonomy":"category","embeddable":true,"href":"https:\/\/www.diarioimagen.net\/index.php?rest_route=%2Fwp%2Fv2%2Fcategories&post=314344"},{"taxonomy":"post_tag","embeddable":true,"href":"https:\/\/www.diarioimagen.net\/index.php?rest_route=%2Fwp%2Fv2%2Ftags&post=314344"}],"curies":[{"name":"wp","href":"https:\/\/api.w.org\/{rel}","templated":true}]}}