{"id":314348,"date":"2017-02-28T00:03:58","date_gmt":"2017-02-28T06:03:58","guid":{"rendered":"http:\/\/www.diarioimagen.net\/?p=314348"},"modified":"2017-02-28T03:42:14","modified_gmt":"2017-02-28T09:42:14","slug":"redirigiran-recursos-para-fortalecer-la-seguridad-publica-en-atizapan","status":"publish","type":"post","link":"https:\/\/www.diarioimagen.net\/?p=314348","title":{"rendered":"Redirigir\u00e1n recursos para fortalecer la seguridad p\u00fablica en Atizap\u00e1n"},"content":{"rendered":"<ul>\n<li><strong><em>Recibir\u00e1n 15 mdp del Fortaseg<\/em><\/strong><\/li>\n<\/ul>\n<p>&nbsp;<\/p>\n<div id=\"attachment_314426\" style=\"width: 470px\" class=\"wp-caption aligncenter\"><a href=\"http:\/\/www.diarioimagen.net\/?attachment_id=314426\" rel=\"attachment wp-att-314426\"><img loading=\"lazy\" decoding=\"async\" aria-describedby=\"caption-attachment-314426\" class=\"size-large wp-image-314426\" src=\"http:\/\/www.diarioimagen.net\/wp-content\/uploads\/2017\/02\/ATIZAPAN-3067-460x259.jpg\" alt=\"\" width=\"460\" height=\"259\" srcset=\"https:\/\/www.diarioimagen.net\/wp-content\/uploads\/2017\/02\/ATIZAPAN-3067-460x259.jpg 460w, https:\/\/www.diarioimagen.net\/wp-content\/uploads\/2017\/02\/ATIZAPAN-3067-240x135.jpg 240w, https:\/\/www.diarioimagen.net\/wp-content\/uploads\/2017\/02\/ATIZAPAN-3067-235x132.jpg 235w, https:\/\/www.diarioimagen.net\/wp-content\/uploads\/2017\/02\/ATIZAPAN-3067-202x114.jpg 202w, https:\/\/www.diarioimagen.net\/wp-content\/uploads\/2017\/02\/ATIZAPAN-3067-350x196.jpg 350w, https:\/\/www.diarioimagen.net\/wp-content\/uploads\/2017\/02\/ATIZAPAN-3067-220x123.jpg 220w, https:\/\/www.diarioimagen.net\/wp-content\/uploads\/2017\/02\/ATIZAPAN-3067-237x132.jpg 237w, https:\/\/www.diarioimagen.net\/wp-content\/uploads\/2017\/02\/ATIZAPAN-3067.jpg 480w\" sizes=\"auto, (max-width: 460px) 100vw, 460px\" \/><\/a><p id=\"caption-attachment-314426\" class=\"wp-caption-text\">La alcaldesa Ana Mar\u00eda Balderas Trejo inform\u00f3 que su gobierno recibir\u00e1 este a\u00f1o un subsidio de 15 millones de pesos provenientes del programa Fortaseg.<\/p><\/div>\n<p>&nbsp;<\/p>\n<p><strong>Atizap\u00e1n, Estado de M\u00e9xico<\/strong>.- La presidenta municipal, Ana Mar\u00eda Balderas Trejo, inform\u00f3 que su gobierno recibir\u00e1 este a\u00f1o un subsidio de 15 millones de pesos provenientes del programa federal para el Fortalecimiento a la Seguridad (Fortaseg), mismos que destinar\u00e1 en un 80 por ciento a la capacitaci\u00f3n de los elementos de la Direcci\u00f3n de Seguridad P\u00fablica y Tr\u00e1nsito Municipal.<\/p>\n<p>La alcaldesa reconoci\u00f3 que aunque Atizap\u00e1n no se encuentra en la lista de los cinco municipios mexiquenses se\u00f1alados por el Sistema Nacional de Seguridad P\u00fablica (SNSP) como prioritarios para recibir este recurso debido al incremento en su incidencia delictiva, permanecer\u00e1 alerta y har\u00e1 buen manejo de \u00e9ste.<\/p>\n<p>Asimismo, mencion\u00f3 que si bien estos recursos ya vienen etiquetados para ser utilizados en su mayor\u00eda para capacitaci\u00f3n, subray\u00f3 la necesidad de fragmentarlos desde su origen y utilizar porcentajes para otras partidas en materia de seguridad.<\/p>\n<p>\u201cEl 80 por ciento de este subsidio va para capacitaci\u00f3n, es urgente que el gobierno federal nos tome en cuenta y conozca las necesidades del municipio para redirigirlos y hacer un mejor manejo de ellos, ya que nuestros polic\u00edas adem\u00e1s de la capacitaci\u00f3n necesitan patrullas, equipo y armamento\u201d.<\/p>\n<p>Si bien el municipio de Atizap\u00e1n no forma parte del sistema del Mando \u00danico, hoy es reconocido como uno de los m\u00e1s seguros del Valle de M\u00e9xico, raz\u00f3n por la cual se deben priorizar y optimizar los recursos en la seguridad p\u00fablica para ofrecer mayor tranquilidad a las familias atizapenses, precis\u00f3 la mandataria local.<\/p>\n<p>\u201cTenemos un estado de fuerza de mil 245 elementos municipales, pero necesitamos al menos de otros 180 polic\u00edas para alcanzar la cifra m\u00ednima requerida por el SNSP. En cuanto sea liberado el presupuesto de este subsidio lanzaremos la convocatoria para reclutar personal de nuevo ingreso, porque estoy consciente que la seguridad p\u00fablica no s\u00f3lo es prioridad de nuestro municipio, sino de todo el pa\u00eds, por ello seguir\u00e9 fortaleciendo ese rubro en mi gobierno\u201d, finaliz\u00f3 Balderas Trejo.<\/p>\n<p>&nbsp;<\/p>\n","protected":false},"excerpt":{"rendered":"<p> La presidenta municipal, Ana Mar\u00eda Balderas Trejo, inform\u00f3 que su gobierno recibir\u00e1 este a\u00f1o un subsidio de 15 millones de pesos provenientes del programa federal para el Fortalecimiento a la Seguridad (Fortaseg), mismos que destinar\u00e1 en un 80 por ciento a la capacitaci\u00f3n de los elementos de la Direcci\u00f3n de Seguridad P\u00fablica y Tr\u00e1nsito Municipal.<\/p>\n","protected":false},"author":3,"featured_media":314426,"comment_status":"open","ping_status":"open","sticky":false,"template":"","format":"standard","meta":{"_monsterinsights_skip_tracking":false,"_monsterinsights_sitenote_active":false,"_monsterinsights_sitenote_note":"","_monsterinsights_sitenote_category":0,"footnotes":""},"categories":[35155],"tags":[47219,969,43675,1088],"class_list":["post-314348","post","type-post","status-publish","format-standard","has-post-thumbnail","hentry","category-estado-de-mexico-estado-de-mexico","tag-ana-maria-balderas-trejo","tag-atizapan","tag-estado-de-mexico","tag-seguridad-publica"],"_links":{"self":[{"href":"https:\/\/www.diarioimagen.net\/index.php?rest_route=\/wp\/v2\/posts\/314348","targetHints":{"allow":["GET"]}}],"collection":[{"href":"https:\/\/www.diarioimagen.net\/index.php?rest_route=\/wp\/v2\/posts"}],"about":[{"href":"https:\/\/www.diarioimagen.net\/index.php?rest_route=\/wp\/v2\/types\/post"}],"author":[{"embeddable":true,"href":"https:\/\/www.diarioimagen.net\/index.php?rest_route=\/wp\/v2\/users\/3"}],"replies":[{"embeddable":true,"href":"https:\/\/www.diarioimagen.net\/index.php?rest_route=%2Fwp%2Fv2%2Fcomments&post=314348"}],"version-history":[{"count":0,"href":"https:\/\/www.diarioimagen.net\/index.php?rest_route=\/wp\/v2\/posts\/314348\/revisions"}],"wp:featuredmedia":[{"embeddable":true,"href":"https:\/\/www.diarioimagen.net\/index.php?rest_route=\/wp\/v2\/media\/314426"}],"wp:attachment":[{"href":"https:\/\/www.diarioimagen.net\/index.php?rest_route=%2Fwp%2Fv2%2Fmedia&parent=314348"}],"wp:term":[{"taxonomy":"category","embeddable":true,"href":"https:\/\/www.diarioimagen.net\/index.php?rest_route=%2Fwp%2Fv2%2Fcategories&post=314348"},{"taxonomy":"post_tag","embeddable":true,"href":"https:\/\/www.diarioimagen.net\/index.php?rest_route=%2Fwp%2Fv2%2Ftags&post=314348"}],"curies":[{"name":"wp","href":"https:\/\/api.w.org\/{rel}","templated":true}]}}