{"id":314350,"date":"2017-02-28T00:02:34","date_gmt":"2017-02-28T06:02:34","guid":{"rendered":"http:\/\/www.diarioimagen.net\/?p=314350"},"modified":"2017-02-28T03:44:02","modified_gmt":"2017-02-28T09:44:02","slug":"mostrara-tultepec-lado-magico-de-la-pirotecnia-en-feria-nacional","status":"publish","type":"post","link":"https:\/\/www.diarioimagen.net\/?p=314350","title":{"rendered":"Mostrar\u00e1 Tultepec lado m\u00e1gico de la pirotecnia en feria nacional"},"content":{"rendered":"<ul>\n<li><strong><em>Ser\u00e1 promotor de las tradiciones: Armando Portuguez<\/em><\/strong><\/li>\n<\/ul>\n<p>&nbsp;<\/p>\n<div id=\"attachment_314428\" style=\"width: 470px\" class=\"wp-caption aligncenter\"><a href=\"http:\/\/www.diarioimagen.net\/?attachment_id=314428\" rel=\"attachment wp-att-314428\"><img loading=\"lazy\" decoding=\"async\" aria-describedby=\"caption-attachment-314428\" class=\"size-large wp-image-314428\" src=\"http:\/\/www.diarioimagen.net\/wp-content\/uploads\/2017\/02\/TULTEPEC-3067-460x259.jpg\" alt=\"\" width=\"460\" height=\"259\" srcset=\"https:\/\/www.diarioimagen.net\/wp-content\/uploads\/2017\/02\/TULTEPEC-3067-460x259.jpg 460w, https:\/\/www.diarioimagen.net\/wp-content\/uploads\/2017\/02\/TULTEPEC-3067-240x135.jpg 240w, https:\/\/www.diarioimagen.net\/wp-content\/uploads\/2017\/02\/TULTEPEC-3067-235x132.jpg 235w, https:\/\/www.diarioimagen.net\/wp-content\/uploads\/2017\/02\/TULTEPEC-3067-202x114.jpg 202w, https:\/\/www.diarioimagen.net\/wp-content\/uploads\/2017\/02\/TULTEPEC-3067-350x196.jpg 350w, https:\/\/www.diarioimagen.net\/wp-content\/uploads\/2017\/02\/TULTEPEC-3067-220x123.jpg 220w, https:\/\/www.diarioimagen.net\/wp-content\/uploads\/2017\/02\/TULTEPEC-3067-237x132.jpg 237w, https:\/\/www.diarioimagen.net\/wp-content\/uploads\/2017\/02\/TULTEPEC-3067.jpg 480w\" sizes=\"auto, (max-width: 460px) 100vw, 460px\" \/><\/a><p id=\"caption-attachment-314428\" class=\"wp-caption-text\">La XXIX Feria Nacional de la Pirotecnia iniciar\u00e1 este s\u00e1bado 4 de marzo y culmina el d\u00eda 11.<\/p><\/div>\n<p>&nbsp;<\/p>\n<p><strong>Tultepec, Estado de M\u00e9xico<\/strong>.- El Ayuntamiento de Tultepec siempre ser\u00e1 promotor de las tradiciones que dan identidad y renombre a nuestro municipio, afirm\u00f3 el alcalde Armando Portuguez Fuentes, al dar a conocer el calendario oficial de las actividades que se desarrollar\u00e1n durante la XXIX Feria Nacional de la Pirotecnia, que inicia este s\u00e1bado 4 de marzo y culmina el d\u00eda 11.<\/p>\n<p>El presidente municipal dijo que la celebraci\u00f3n se realizar\u00e1 en un marco de seguridad, con el objetivo de que los miles de visitantes se lleven una buena impresi\u00f3n de Tultepec, y no se relacione a la Capital de la Pirotecnia con hechos de tragedia, sino como un pueblo de tradiciones, capaz de mantener sus festividades sin riesgos para la poblaci\u00f3n asistente.<\/p>\n<p>Juana Antonieta Z\u00fa\u00f1iga Urb\u00e1n, cronista municipal, explic\u00f3 que en la cultura mexicana la quema de artificios pirot\u00e9cnicos representa el momento culminante de las fiestas c\u00edvicas, eventos deportivos, sociales y celebraciones religiosas y populares.<\/p>\n<p>La riqueza de esta expresi\u00f3n se difunde en las ediciones feriales que desde 1989 se realizan en Tultepec bajo el t\u00edtulo de Feria Nacional de la Pirotecnia, que el Ayuntamiento en turno organiza\u00a0 para alentar y difundir la nobleza del trabajo de los artesanos pirot\u00e9cnicos locales, actividad que da identidad a este municipio.<\/p>\n<p>La cronista precis\u00f3 que los castillos de torre, son estructuras de alrededor de 20 a 30 metros de alto, montados en armazones de madera superpuestos para formar el cuerpo del castillo, sostenidos por cuerdas llamados vientos.<\/p>\n<p>Al frente se colocan piezas de movimiento y en la portada que es conocida como medio punto, se coloca el motivo iconogr\u00e1fico de la celebraci\u00f3n que culmina con la composici\u00f3n una corona con sus \u201cvoladoras\u201d o \u201ccanastillas\u201d.<\/p>\n","protected":false},"excerpt":{"rendered":"<p>El Ayuntamiento de Tultepec siempre ser\u00e1 promotor de las tradiciones que dan identidad y renombre a nuestro municipio, afirm\u00f3 el alcalde Armando Portuguez Fuentes, al dar a conocer el calendario oficial de las actividades que se desarrollar\u00e1n durante la XXIX Feria Nacional de la Pirotecnia, que inicia este s\u00e1bado 4 de marzo y culmina el d\u00eda 11.<\/p>\n","protected":false},"author":3,"featured_media":314428,"comment_status":"open","ping_status":"open","sticky":false,"template":"","format":"standard","meta":{"_monsterinsights_skip_tracking":false,"_monsterinsights_sitenote_active":false,"_monsterinsights_sitenote_note":"","_monsterinsights_sitenote_category":0,"footnotes":""},"categories":[35155],"tags":[43675,58241,56690],"class_list":["post-314350","post","type-post","status-publish","format-standard","has-post-thumbnail","hentry","category-estado-de-mexico-estado-de-mexico","tag-estado-de-mexico","tag-feria-nacional-de-la-pirotecnia","tag-pirotecnia"],"_links":{"self":[{"href":"https:\/\/www.diarioimagen.net\/index.php?rest_route=\/wp\/v2\/posts\/314350","targetHints":{"allow":["GET"]}}],"collection":[{"href":"https:\/\/www.diarioimagen.net\/index.php?rest_route=\/wp\/v2\/posts"}],"about":[{"href":"https:\/\/www.diarioimagen.net\/index.php?rest_route=\/wp\/v2\/types\/post"}],"author":[{"embeddable":true,"href":"https:\/\/www.diarioimagen.net\/index.php?rest_route=\/wp\/v2\/users\/3"}],"replies":[{"embeddable":true,"href":"https:\/\/www.diarioimagen.net\/index.php?rest_route=%2Fwp%2Fv2%2Fcomments&post=314350"}],"version-history":[{"count":0,"href":"https:\/\/www.diarioimagen.net\/index.php?rest_route=\/wp\/v2\/posts\/314350\/revisions"}],"wp:featuredmedia":[{"embeddable":true,"href":"https:\/\/www.diarioimagen.net\/index.php?rest_route=\/wp\/v2\/media\/314428"}],"wp:attachment":[{"href":"https:\/\/www.diarioimagen.net\/index.php?rest_route=%2Fwp%2Fv2%2Fmedia&parent=314350"}],"wp:term":[{"taxonomy":"category","embeddable":true,"href":"https:\/\/www.diarioimagen.net\/index.php?rest_route=%2Fwp%2Fv2%2Fcategories&post=314350"},{"taxonomy":"post_tag","embeddable":true,"href":"https:\/\/www.diarioimagen.net\/index.php?rest_route=%2Fwp%2Fv2%2Ftags&post=314350"}],"curies":[{"name":"wp","href":"https:\/\/api.w.org\/{rel}","templated":true}]}}