{"id":314363,"date":"2017-02-28T00:06:01","date_gmt":"2017-02-28T06:06:01","guid":{"rendered":"http:\/\/www.diarioimagen.net\/?p=314363"},"modified":"2017-02-28T00:11:50","modified_gmt":"2017-02-28T06:11:50","slug":"barbosa-en-la-desbandada","status":"publish","type":"post","link":"https:\/\/www.diarioimagen.net\/?p=314363","title":{"rendered":"Barbosa en la desbandada"},"content":{"rendered":"<h2>Detr\u00e1s del Poder<\/h2>\n<h5>Jos\u00e9 Antonio L\u00f3pez Sosa<\/h5>\n<p>&nbsp;<\/p>\n<p>Apenas ayer coment\u00e1bamos en esta columna la problem\u00e1tica a la que se enfrenta Miguel \u00c1ngel Mancera y este lunes, el senador Miguel Barbosa decidi\u00f3 no respaldar una eventual candidatura del actual jefe de gobierno y en su lugar, apoyar la candidatura de Andr\u00e9s Manuel L\u00f3pez Obrador sin renunciar al Partido de la Revoluci\u00f3n Democr\u00e1tica (PRD), adem\u00e1s dijo, se quedar\u00e1 en \u00e9l para convencer al resto de sus compa\u00f1eros de partido de respaldar a L\u00f3pez Obrador.<\/p>\n<p>Sigue la desbandada desde el PRD hacia el proyecto de L\u00f3pez Obrador y Morena, renunciando o sin renunciar a dicho partido pero es un hecho que la crisis interna est\u00e1 llev\u00e1ndolos a tocar fondo.<\/p>\n<p>No es el hecho que la eventual candidatura de L\u00f3pez Obrador sea la soluci\u00f3n para el PRD, sino que su crisis es tal que antes siquiera de elegir precandidatos presidenciales, hay miles que como Barbosa, deciden abandonar el barco (entregando o no la credencial) con mucha anticipaci\u00f3n.<\/p>\n<p>En el estado de M\u00e9xico el PRD no tiene candidato, las divisiones internas los tienen a punto de no participar en la elecci\u00f3n de la entidad m\u00e1s poblada de la Rep\u00fablica, esto prueba la seriedad del problema al interior del partido.<\/p>\n<p>Ahora bien, \u00bfconviene al PRD sumarse al proyecto de L\u00f3pez Obrador?, ese es un tema que requiere una discusi\u00f3n seria. AMLO no es la \u00fanica opci\u00f3n toda vez que se analicen los escenarios con cautela.<\/p>\n<p>Est\u00e1 ahora tambi\u00e9n anunciada la pre candidatura de Emilio \u00c1lvarez Icaza como independiente y seguramente habr\u00e1 m\u00e1s opciones en el futuro pr\u00f3ximo.<\/p>\n<p>Desde dentro del PRD es muy dif\u00edcil encontrar un buen candidato, definitivamente si Mancera insiste en ser el candidato llevar\u00e1 a su partido a poner en riesgo incluso el registro ante el INE.<\/p>\n<p>El PRD est\u00e1 perdido entre la corrupci\u00f3n y la ineficacia, cada vez menos la gente cree en este partido, incluso sus propios militantes. Cada d\u00eda que pasa parecieran tocar fondo, pero no, viene un acontecimiento peor para el partido que lleg\u00f3 a representar a la izquierda unificada mexicana all\u00e1 en la lejana d\u00e9cada de los noventa.<\/p>\n<p><em><a href=\"http:\/\/www.lopezsosa.com\" target=\"_blank\">www.lopezsosa.com<\/a><\/em><br \/>\n<em><a href=\"mailto:joseantonio@lopezsosa.com\" target=\"_blank\">joseantonio@lopezsosa.com<\/a><\/em><br \/>\n<em><a href=\"http:\/\/twitter.com\/joseantonio1977\" target=\"_blank\">@joseantonio1977<\/a><\/em><\/p>\n","protected":false},"excerpt":{"rendered":"<p><span style=\"color: #005497;\"><strong>Jos\u00e9 Antonio L\u00f3pez Sosa<\/strong><\/span><\/p>\n","protected":false},"author":3,"featured_media":0,"comment_status":"open","ping_status":"open","sticky":false,"template":"","format":"standard","meta":{"_monsterinsights_skip_tracking":false,"_monsterinsights_sitenote_active":false,"_monsterinsights_sitenote_note":"","_monsterinsights_sitenote_category":0,"footnotes":""},"categories":[637],"tags":[638,43690,43674],"class_list":["post-314363","post","type-post","status-publish","format-standard","hentry","category-jose-antonio-lopez-sosa","tag-detras-del-poder","tag-jose-antonio-lopez-sosa","tag-opinion"],"_links":{"self":[{"href":"https:\/\/www.diarioimagen.net\/index.php?rest_route=\/wp\/v2\/posts\/314363","targetHints":{"allow":["GET"]}}],"collection":[{"href":"https:\/\/www.diarioimagen.net\/index.php?rest_route=\/wp\/v2\/posts"}],"about":[{"href":"https:\/\/www.diarioimagen.net\/index.php?rest_route=\/wp\/v2\/types\/post"}],"author":[{"embeddable":true,"href":"https:\/\/www.diarioimagen.net\/index.php?rest_route=\/wp\/v2\/users\/3"}],"replies":[{"embeddable":true,"href":"https:\/\/www.diarioimagen.net\/index.php?rest_route=%2Fwp%2Fv2%2Fcomments&post=314363"}],"version-history":[{"count":0,"href":"https:\/\/www.diarioimagen.net\/index.php?rest_route=\/wp\/v2\/posts\/314363\/revisions"}],"wp:attachment":[{"href":"https:\/\/www.diarioimagen.net\/index.php?rest_route=%2Fwp%2Fv2%2Fmedia&parent=314363"}],"wp:term":[{"taxonomy":"category","embeddable":true,"href":"https:\/\/www.diarioimagen.net\/index.php?rest_route=%2Fwp%2Fv2%2Fcategories&post=314363"},{"taxonomy":"post_tag","embeddable":true,"href":"https:\/\/www.diarioimagen.net\/index.php?rest_route=%2Fwp%2Fv2%2Ftags&post=314363"}],"curies":[{"name":"wp","href":"https:\/\/api.w.org\/{rel}","templated":true}]}}