{"id":314454,"date":"2017-03-01T00:01:26","date_gmt":"2017-03-01T06:01:26","guid":{"rendered":"http:\/\/www.diarioimagen.net\/?p=314454"},"modified":"2017-03-01T00:47:53","modified_gmt":"2017-03-01T06:47:53","slug":"a-un-ano-de-iniciar-sus-vuelos-a-los-angeles-interjet-conecta-tres-de-las-mas-importantes-ciudades-mexicanas-con-este-destino-ciudad-de-mexico-cancun-y-guadalajara","status":"publish","type":"post","link":"https:\/\/www.diarioimagen.net\/?p=314454","title":{"rendered":"A un a\u00f1o de iniciar sus vuelos a Los \u00c1ngeles, Interjet conecta tres de las m\u00e1s importantes ciudades mexicanas con este destino: Ciudad de M\u00e9xico, Canc\u00fan y Guadalajara"},"content":{"rendered":"<h2>De cinco estrellas<\/h2>\n<h5>Victoria Gonz\u00e1lez Prado<\/h5>\n<p>&nbsp;<\/p>\n<ul>\n<li><b><\/b> <em><strong>El resort <\/strong><\/em><strong>Barcel\u00f3 Karmina<\/strong><em><strong> recibi\u00f3 por s\u00e9ptima ocasi\u00f3n los 4 Diamantes que otorga la AAA por su alto nivel y calidad en sus servicios<\/strong><\/em><\/li>\n<li><em><strong>Para el pr\u00f3ximo verano, la aerol\u00ednea de bandera holandesa KLM, expandir\u00e1 su red para incluir siete nuevos destinos europeos\u00a0<\/strong><\/em><\/li>\n<li><em><strong>El <\/strong><\/em><strong>EcoFest<\/strong><em><strong> se llevar\u00e1 a cabo los d\u00edas 25 y 26 de marzo de 2017 en el Corredor Cultural \u00c1lvaro Obreg\u00f3n y el Jard\u00edn Pushkin<\/strong><\/em><\/li>\n<\/ul>\n<p>&nbsp;<\/p>\n<div id=\"attachment_314455\" style=\"width: 470px\" class=\"wp-caption aligncenter\"><a href=\"http:\/\/www.diarioimagen.net\/?attachment_id=314455\" rel=\"attachment wp-att-314455\"><img loading=\"lazy\" decoding=\"async\" aria-describedby=\"caption-attachment-314455\" class=\"size-large wp-image-314455\" src=\"http:\/\/www.diarioimagen.net\/wp-content\/uploads\/2017\/02\/turismo-3068-460x311.jpg\" alt=\"\" width=\"460\" height=\"311\" srcset=\"https:\/\/www.diarioimagen.net\/wp-content\/uploads\/2017\/02\/turismo-3068-460x311.jpg 460w, https:\/\/www.diarioimagen.net\/wp-content\/uploads\/2017\/02\/turismo-3068-240x162.jpg 240w, https:\/\/www.diarioimagen.net\/wp-content\/uploads\/2017\/02\/turismo-3068.jpg 650w\" sizes=\"auto, (max-width: 460px) 100vw, 460px\" \/><\/a><p id=\"caption-attachment-314455\" class=\"wp-caption-text\">Jos\u00e9 Luis Garza.<\/p><\/div>\n<p>&nbsp;<\/p>\n<p>En febrero de 2016, Interjet inici\u00f3 las operaciones de su primer vuelo hacia Los \u00c1ngeles, saliendo desde Guadalajara, un a\u00f1o despu\u00e9s, la aerol\u00ednea conecta a tres ciudades mexicanas con este destino, sumando a la Ciudad de M\u00e9xico y Canc\u00fan.<\/p>\n<p><b>Jos\u00e9 Luis Garza<\/b>, director general\u00a0 de la aerol\u00ednea se\u00f1ala: \u201cdurante estos primeros meses de operaci\u00f3n hemos incrementado sensiblemente el flujo de pasajeros, transportando a m\u00e1s de 230 mil personas entre estas rutas\u201d.<\/p>\n<p>El c\u00f3nsul general de M\u00e9xico en Los \u00c1ngeles, embajador <b>Carlos Garc\u00eda de Alba<\/b>, dijo: \u201cel consulado de M\u00e9xico celebra este primer aniversario y felicita a Interjet por su exitoso desempe\u00f1o. Sus logros dan muestra de su calidad en el servicio y de la din\u00e1mica relaci\u00f3n entre M\u00e9xico y Los \u00c1ngeles, hermanados no s\u00f3lo por sus lazos hist\u00f3ricos, sino por su amplia y vibrante relaci\u00f3n en lo pol\u00edtico, econ\u00f3mico, cient\u00edfico, cultural y tur\u00edstico, aspectos que se reflejan en la celebraci\u00f3n, en este 2017, del A\u00f1o de M\u00e9xico en Los \u00c1ngeles. En este espectacular marco, es muy placentero felicitar a l\u00ednea a\u00e9rea por su destacada labor\u201d.<\/p>\n<p>Actualmente, la compa\u00f1\u00eda a\u00e9rea opera 70 vuelos a la semana desde y hacia Los \u00c1ngeles, lo que representa una oferta de 10,500 asientos.\u00a0Las rutas desde M\u00e9xico y Guadalajara ofrecen dos vuelos redondos diarios, mientras que desde Canc\u00fan operar\u00e1 diariamente un vuelo redondo.<\/p>\n<p>\u2730\u2730\u2730\u2730\u2730 El resort de lujo Todo Incluido, Barcel\u00f3 Karmina, en Manzanillo, Colima, recibi\u00f3 nuevamente la distinci\u00f3n de los 4 Diamantes, que otorga la <i>American Automobile Association (AAA),<\/i> quien se encarga de clasificar hoteles del Caribe, M\u00e9xico, Estados Unidos y Canad\u00e1.<\/p>\n<p>Corresponde a la s\u00e9ptima ocasi\u00f3n que el resort se hace acreedor a dicho reconocimiento por su alto nivel y calidad en sus servicios.<\/p>\n<p>Los expertos de la AAA llevaron a cabo una inspecci\u00f3n minuciosa, midiendo est\u00e1ndares de limpieza, presentaci\u00f3n de los servicios, comodidad y hospitalidad, entre otros.<\/p>\n<p>El resort de lujo para toda la familia, tiene dise\u00f1o inspirado en los templos mayas con exuberantes jardines, una playa privada paradisiaca que permite disfrutar de la exquisitez del mar.<\/p>\n<p>Con sus tres restaurantes de especialidad; italiano, japon\u00e9s y mexicano. Adem\u00e1s de un buffet que cada noche presenta diferentes men\u00fas. Cuenta con creaciones culinarias con una variedad de alimentos de m\u00e1s de 2 mil; desde carnes, pescados y especias con alta calidad. Cinco bares distribuidos entre el <i>lobby<\/i> y playa, un centro nocturno y cocteler\u00eda de primer mundo.<\/p>\n<p>El Barcel\u00f2 Karmina cuenta con las instalaciones y suites de mayor dimensi\u00f3n en el destino, con balcones o terrazas con vista parciales o frontales al mar, al jard\u00edn o las piscinas.<\/p>\n<p>Adem\u00e1s, un club para ni\u00f1os de cinco a 12 a\u00f1os, actividades de animaci\u00f3n diurnas, shows nocturnos con orquesta en vivo y deportes acu\u00e1ticos no motorizados, incluidos (<i>snorkel<\/i> y <i>kayak<\/i>). Seis albercas interconectadas con cascadas, alberca y <i>jacuzzi<\/i> para adultos.<\/p>\n<p>\u2730\u2730\u2730\u2730\u2730 Para el pr\u00f3ximo verano, la aerol\u00ednea de bandera holandesa KLM expandir\u00e1 su red para incluir siete nuevos destinos europeos. La red de KLM incluir\u00e1 nuevos vuelos, diarios, a Gdansk (Polonia), Graz (Austria), Porto (Portugal) y M\u00e1laga (Espa\u00f1a). Split (Croacia), Cagliari y Catania (Italia) ser\u00e1n tres nuevos destinos, disponibles por temporada, durante los fines de semana y diariamente en julio y agosto.<\/p>\n<p><b>Pieter Elbers<\/b>, presidente y CEO de KLM, dijo: \u201cqueremos ofrecer a nuestros clientes m\u00e1s vuelos directos de \u00c1msterdam a destinos de su elecci\u00f3n. Junto con el ya anunciado destino Londres, la compa\u00f1\u00eda presentar\u00e1 ocho nuevos destinos en 2017. En total, 82 destinos europeos directos desde \u00c1msterdam\u201d.<\/p>\n<p>\u2730\u2730\u2730\u2730\u2730 Por octava ocasi\u00f3n y de manera gratuita, <i>EcoFest<\/i> ofrece a los habitantes de la Ciudad de M\u00e9xico la oportunidad de mejorar su calidad de vida a trav\u00e9s de las compras verdes. Este a\u00f1o, en colaboraci\u00f3n con la delegaci\u00f3n Cuauht\u00e9moc, el evento se llevar\u00e1 a cabo el 25 y 26 de marzo de 2017 en el Corredor Cultural \u00c1lvaro Obreg\u00f3n y el Jard\u00edn Pushkin, en la colonia Roma, al cual se prev\u00e9 asistan m\u00e1s de 120,000 personas, m\u00e1s de 250 peque\u00f1os y medianos productores, as\u00ed como grandes organizaciones comprometidas con el mejoramiento del medio ambiente.<\/p>\n<p>\u201cA\u00f1o tras a\u00f1o nacen nuevas empresas y consumidores verdes en M\u00e9xico, fomentando as\u00ed la creaci\u00f3n de una econom\u00eda sustentable. Sin embargo, todav\u00eda es grande la necesidad de conectar a ambas partes y as\u00ed crear un estilo de vida verde.\u00a0 Este a\u00f1o el <i>EcoFest <\/i>tiene como objetivo el incidir en los habitantes de la Ciudad de M\u00e9xico para que en cada decisi\u00f3n de compra-venta que se realice, se consideren criterios verdes. Igualmente, a un a\u00f1o del lanzamiento de la nueva revista <i>Tiper,<\/i> se busca mantener esta sinergia durante todo el a\u00f1o\u201d. De esta manera, <b>Bego\u00f1a Ortiz<\/b>, directora de Las P\u00e1ginas Verdes enfatiza la importancia del festival ecol\u00f3gico m\u00e1s grande Latinoam\u00e9rica.<\/p>\n<p>Por su parte, <b>Javier Hidalgo<\/b>, director de Gesti\u00f3n Ambiental de la delegaci\u00f3n Cuauht\u00e9moc, se\u00f1ala que eventos como el <i>EcoFest <\/i>son vitales para luchar en contra del calentamiento global y a favor del medio ambiente. Apunta que los gobiernos locales deben apoyarlos e impulsarlos, adem\u00e1s de fomentar otras acciones, como un menor uso del autom\u00f3vil y el reciclaje.<\/p>\n<p>Entre los productos y servicios que los visitantes podr\u00e1n conocer y\/o adquirir se encuentran: panader\u00eda y reposter\u00eda org\u00e1nica, moda experimental con materiales reciclados, chocolate org\u00e1nico, pa\u00f1ales ecol\u00f3gicos, alternativas femeninas, jugos y bebidas org\u00e1nicas, mobiliario artesanal y art\u00edculos para el hogar, promocionales y muros verdes, por mencionar algunos. Asimismo, podr\u00e1n disfrutar de una amplia oferta cultural y deportiva, que incluye desde clases de yoga y espect\u00e1culos art\u00edsticos. Tambi\u00e9n habr\u00e1 talleres como el de juguetes reciclables para ni\u00f1os, Encuadernaci\u00f3n artesanal con reciclaje, H\u00e1bitos que construyen salud, Comunicando una marca verde y sustentable, \u00a0entre otros.<\/p>\n<p><i>EcoFest <\/i>realizar\u00e1 su programa \u201cCero emisiones, cero desperdicios\u201d, mediante el cual el festival neutralizar\u00e1 todas las emisiones producidas durante el evento y coordinar\u00e1 una brigada de voluntarios que permitir\u00e1 a los visitantes disponer correctamente todos los residuos que se generen.<\/p>\n<p><em><a href=\"mailto:victoriagprado@gmail.com\" target=\"_blank\">victoriagprado@gmail.com<\/a><\/em><br \/>\n<em>Twitter:\u00a0<a href=\"https:\/\/twitter.com\/victoriagprado\" target=\"_blank\">@victoriagprado<\/a><\/em><\/p>\n","protected":false},"excerpt":{"rendered":"<p>En febrero de 2016, Interjet inici\u00f3 las operaciones de su primer vuelo hacia Los \u00c1ngeles, saliendo desde Guadalajara, un a\u00f1o despu\u00e9s, la aerol\u00ednea conecta a tres ciudades mexicanas con este destino, sumando a la Ciudad de M\u00e9xico y Canc\u00fan. <\/p>\n","protected":false},"author":1,"featured_media":314455,"comment_status":"open","ping_status":"open","sticky":false,"template":"","format":"standard","meta":{"_monsterinsights_skip_tracking":false,"_monsterinsights_sitenote_active":false,"_monsterinsights_sitenote_note":"","_monsterinsights_sitenote_category":0,"footnotes":""},"categories":[11],"tags":[107,43681,106],"class_list":["post-314454","post","type-post","status-publish","format-standard","has-post-thumbnail","hentry","category-turismo","tag-de-cinco-estrellas","tag-turismo","tag-victoria-gonzalez-prado"],"_links":{"self":[{"href":"https:\/\/www.diarioimagen.net\/index.php?rest_route=\/wp\/v2\/posts\/314454","targetHints":{"allow":["GET"]}}],"collection":[{"href":"https:\/\/www.diarioimagen.net\/index.php?rest_route=\/wp\/v2\/posts"}],"about":[{"href":"https:\/\/www.diarioimagen.net\/index.php?rest_route=\/wp\/v2\/types\/post"}],"author":[{"embeddable":true,"href":"https:\/\/www.diarioimagen.net\/index.php?rest_route=\/wp\/v2\/users\/1"}],"replies":[{"embeddable":true,"href":"https:\/\/www.diarioimagen.net\/index.php?rest_route=%2Fwp%2Fv2%2Fcomments&post=314454"}],"version-history":[{"count":0,"href":"https:\/\/www.diarioimagen.net\/index.php?rest_route=\/wp\/v2\/posts\/314454\/revisions"}],"wp:featuredmedia":[{"embeddable":true,"href":"https:\/\/www.diarioimagen.net\/index.php?rest_route=\/wp\/v2\/media\/314455"}],"wp:attachment":[{"href":"https:\/\/www.diarioimagen.net\/index.php?rest_route=%2Fwp%2Fv2%2Fmedia&parent=314454"}],"wp:term":[{"taxonomy":"category","embeddable":true,"href":"https:\/\/www.diarioimagen.net\/index.php?rest_route=%2Fwp%2Fv2%2Fcategories&post=314454"},{"taxonomy":"post_tag","embeddable":true,"href":"https:\/\/www.diarioimagen.net\/index.php?rest_route=%2Fwp%2Fv2%2Ftags&post=314454"}],"curies":[{"name":"wp","href":"https:\/\/api.w.org\/{rel}","templated":true}]}}