{"id":314977,"date":"2017-03-03T00:01:12","date_gmt":"2017-03-03T06:01:12","guid":{"rendered":"http:\/\/www.diarioimagen.net\/?p=314977"},"modified":"2017-03-03T01:30:12","modified_gmt":"2017-03-03T07:30:12","slug":"abrio-sus-puertas-hyatt-andares-guadalajara-el-cuarto-hotel-en-mexico-de-la-marca-y-con-el-que-regresa-a-la-perla-tapatia","status":"publish","type":"post","link":"https:\/\/www.diarioimagen.net\/?p=314977","title":{"rendered":"Abri\u00f3 sus puertas Hyatt Andares Guadalajara, el cuarto hotel en M\u00e9xico de la marca y con el que regresa a la Perla Tapat\u00eda"},"content":{"rendered":"<h2>De cinco estrellas<\/h2>\n<h5>Victoria Gonz\u00e1lez Prado<\/h5>\n<p>&nbsp;<\/p>\n<ul>\n<li><strong><em>La <\/em>trattoria<em> italiana Negroni es el nuevo restaurante de Grupo Hunan, que abre sus puertas en el Centro Comercial Arcos Bosques<\/em><\/strong><\/li>\n<li><strong><em>Hilton y Constructora Colpatria firmaron un acuerdo de licencia de franquicia para operar el nuevo Hilton Medell\u00edn<\/em><\/strong><\/li>\n<\/ul>\n<p>&nbsp;<\/p>\n<div id=\"attachment_315030\" style=\"width: 470px\" class=\"wp-caption aligncenter\"><a href=\"http:\/\/www.diarioimagen.net\/?attachment_id=315030\" rel=\"attachment wp-att-315030\"><img loading=\"lazy\" decoding=\"async\" aria-describedby=\"caption-attachment-315030\" class=\"size-large wp-image-315030\" src=\"http:\/\/www.diarioimagen.net\/wp-content\/uploads\/2017\/03\/turismo-3070-460x259.jpg\" alt=\"\" width=\"460\" height=\"259\" srcset=\"https:\/\/www.diarioimagen.net\/wp-content\/uploads\/2017\/03\/turismo-3070-460x259.jpg 460w, https:\/\/www.diarioimagen.net\/wp-content\/uploads\/2017\/03\/turismo-3070-240x135.jpg 240w, https:\/\/www.diarioimagen.net\/wp-content\/uploads\/2017\/03\/turismo-3070-235x132.jpg 235w, https:\/\/www.diarioimagen.net\/wp-content\/uploads\/2017\/03\/turismo-3070-202x114.jpg 202w, https:\/\/www.diarioimagen.net\/wp-content\/uploads\/2017\/03\/turismo-3070-350x196.jpg 350w, https:\/\/www.diarioimagen.net\/wp-content\/uploads\/2017\/03\/turismo-3070-220x123.jpg 220w, https:\/\/www.diarioimagen.net\/wp-content\/uploads\/2017\/03\/turismo-3070-237x132.jpg 237w, https:\/\/www.diarioimagen.net\/wp-content\/uploads\/2017\/03\/turismo-3070.jpg 480w\" sizes=\"auto, (max-width: 460px) 100vw, 460px\" \/><\/a><p id=\"caption-attachment-315030\" class=\"wp-caption-text\">Ya abri\u00f3 el hotel en Guadalajara.<\/p><\/div>\n<p>&nbsp;<\/p>\n<p>Hyatt Andares Guadalajara, el cuarto hotel en M\u00e9xico de la marca y con el que regresa a la Perla Tapat\u00eda abri\u00f3 sus puertas como parte del desarrollo de uso mixto Andares, un exitoso complejo comercial de lujo.<\/p>\n<p><strong>Myles McGourty<\/strong>, vicepresidente senior para Am\u00e9rica Latina y el Caribe, indic\u00f3 \u201cAndares es un complejo comercial de lujo que complementar\u00e1 perfectamente la reconocida marca <em>Hyatt Regency<\/em> con el excelente servicio y las amenidades ofrecidas por el hotel\u201d.<\/p>\n<p>El inmueble ha sido dise\u00f1ado para conectar a los viajeros. Est\u00e1 situado en Zapopan y ofrece acceso directo a reconocidas atracciones locales e internacionales y un sinf\u00edn de opciones de entretenimiento.<\/p>\n<p><strong>Cesar Moreno<\/strong>, gerente general del hotel, dijo: \u201ceste hotel ha sido cuidadosamente dise\u00f1ado para que los hu\u00e9spedes se sientan bienvenidos, c\u00f3modos y relajados, con el fin de que quieran socializar, conectar y celebrar cualquier ocasi\u00f3n con nosotros\u201d.<\/p>\n<p>El hotel cuenta con 237 habitaciones, incluyendo 25 suites, con acceso al sal\u00f3n <em>Regency Club<\/em> y beneficios exclusivos.<\/p>\n<p>La\u00a0 oferta gastron\u00f3mica se centra en ofrecer experiencias personalizadas con la premisa de que cada hu\u00e9sped tiene preferencias \u00fanicas, ofreciendo diferentes platos nacionales e internacionales para el desayuno, almuerzo y cena.<\/p>\n<p>Los restaurantes son: Cassola, con platos tradicionales mexicanos con un toque distintivo contempor\u00e1neo. Su ambiente es \u00edntimo y la cocina elevada por el chef de cocina <strong>Jonathan F\u00e9lix<\/strong>. <em>Andares Lounge<\/em> ofrece aperitivos ligeros y cocteles exclusivos, incluyendo una gran variedad de tequilas y bebidas destiladas.<\/p>\n<p>Adem\u00e1s, piscina cubierta con luz natural y vistas al complejo de Andares, gimnasio <em>StayFit<\/em> 24 horas para que los hu\u00e9spedes puedan mantener su rutina de ejercicios. M\u00e1s de 1,735 m\u00b2 de espacio para eventos, incluyendo un sal\u00f3n de baile de 734 m\u00b2. Cada uno de los 10 espacios para eventos est\u00e1 equipado con tecnolog\u00eda de vanguardia.\u00a0 M\u00e1s informaci\u00f3n: hyattregencyandaresguadalajara.com<\/p>\n<p>\u2730\u2730\u2730\u2730\u2730 La <em>trattoria<\/em> italiana Negroni es el nuevo restaurante de Grupo <em>Hunan <\/em>que abre sus puertas en el Centro Comercial Arcos Bosques.<\/p>\n<p>El nombre de Negroni deriva de su creador, el conde <strong>Camillo Negroni<\/strong> durante los a\u00f1os 20\u2019s en la elegante ciudad de Florencia, Italia. Eran conocidos los gustos del conde, quien ped\u00eda siempre, un americano, <em>Vermuth<\/em> y <em>Campari <\/em>en partes iguales, hasta que busc\u00f3, junto con el <em>barman<\/em> <strong>Fosco Scaselli<\/strong> un ingrediente m\u00e1s, a\u00f1adiendo <em>Dry Gin<\/em>, todo en partes iguales, creando as\u00ed el Negroni, un cl\u00e1sico de la cocteler\u00eda internacional.<\/p>\n<p>Florencia era el lugar de reuni\u00f3n mas conocido de Europa donde se disfrutaba de una bebida elegante en un ambiente divertido, como lo ser\u00e1 ahora este nuevo lugar inspirado en la gastronom\u00eda r\u00fastica, que distingue a los barrios florentinos.<\/p>\n<p>El ambiente es relajado, dando vida a una tradicional <em>trattoria <\/em>del viejo mundo, en un espacio cl\u00e1sico, contempor\u00e1neo y acogedor que transporta a la antigua Italia, disfrutando de platillos hechos con ingredientes frescos en una cocina abierta y energ\u00e9tica, combinado atenci\u00f3n esmerada en cada detalle. Adem\u00e1s, cuenta con una terraza ideal para degustar las recetas cl\u00e1sicas de la cocina italiana en compa\u00f1\u00eda de amigos y familia.<\/p>\n<p>Los platillos emblem\u00e1ticos son la <em>Pasta alla Ruota, <\/em>preparada dentro de una rueda de queso Parmesano junto a la mesa<em>;<\/em> el <em>Papardellone Portofino <\/em>con salsa de jitomate, albahaca, pi\u00f1\u00f3n y queso parmesano; <em>Insalata Di Spinaci, <\/em>espinacas con <em>prosciutto,<\/em> nueces, jitomate <em>cherry,<\/em> manzana caramelizada y queso de cabra con vinagreta de bals\u00e1mico y un toque de trufa; el tradicional<em> Ossobuco<\/em> al vino tinto y jitomate servido con polenta;\u00a0 <em>Vitello a la Milanes<\/em>e, con papa paja, lim\u00f3n y salsa <em>puttanesca;<\/em> <em>Salmone Florentina<\/em> con timbal de papa y perejil; adem\u00e1s de una gran variedad de <em>pizzas <\/em>hechas en horno de le\u00f1a. Todas las pastas son hechas en casa diariamente y el pan artesanal es b\u00e1sico en la cocina.<\/p>\n<p>Cuentan con un gran cava de vinos, principalmente italianos, pero tambi\u00e9n ofrecen etiquetas de vinos chilenos, mexicanos, espa\u00f1oles, argentinos y franceses. Adem\u00e1s de <em>Proseccos, Champagnes<\/em> y Espumosos.<\/p>\n<p>\u2730\u2730\u2730\u2730\u2730 Hilton y Constructora Colpatria firmaron un acuerdo de licencia de franquicia para operar el nuevo Hilton Medell\u00edn y llevar la marca insignia de la compa\u00f1\u00eda a la segunda ciudad m\u00e1s grande de Colombia. El proyecto multimillonario ser\u00e1 una de las mayores inversiones inmobiliarias de este a\u00f1o en el pa\u00eds. El nuevo desarrollo de 25 pisos y 206 habitaciones tiene programada su apertura para el segundo trimestre de 2019.<\/p>\n<p>En 2016 fue inaugurado <em>DoubleTree Bogot\u00e1<\/em>, <em>Hampton by Hilton Bucaramanga,<\/em> y <em>Hampton Inn by Hilton Medell\u00edn<\/em> en Colombia. Actualmente cuenta con una cartera de 14 propiedades en el pa\u00eds y nueve proyectos en desarrollo.<\/p>\n<p><strong>Juan Corvinos<\/strong>, director gerente de Desarrollo de la marca para M\u00e9xico, Am\u00e9rica Central y el Caribe Hispano se\u00f1al\u00f3: \u201ces un excelente momento para llevar la marca a Medell\u00edn, ya que su mercado de alojamiento sigue teniendo un crecimiento saludable y la ciudad se afirma cada vez m\u00e1s como uno de los principales centros de negocios de Colombia\u201d.<\/p>\n<p>El hotel se ubicar\u00e1 en Avenida de las Palmas y ofrecer\u00e1 gran accesibilidad a una de las calles m\u00e1s concurridas e importantes de Medell\u00edn, en el lujoso barrio de El Poblado. <em>Hilton Medell\u00edn<\/em> formar\u00e1 parte de un desarrollo de uso mixto, que incluir\u00e1 comercios minoristas, espacios para oficinas y unidades residenciales en un complejo con estacionamiento cubierto con m\u00e1s de 450 espacios.<\/p>\n<p>La marca tiene una larga historia en Colombia, y su s\u00f3lida reputaci\u00f3n en el pa\u00eds le da seguridad a este desarrollo, coment\u00f3 <strong>Amparo Polania<\/strong>, presidenta de Constructora Colpatria, quien agreg\u00f3 \u201cla ciudad de Medell\u00edn es un centro internacional de negocios de una relevancia cada vez mayor\u201d.<\/p>\n<p>Hilton Medell\u00edn contar\u00e1 con m\u00e1s de 2,000 m\u00b2 de espacios para reuniones, incluido un sal\u00f3n de baile modular de 600 m\u00b2, y cinco salones de reuniones adicionales. Entre otras comodidades se incluir\u00e1n una piscina al aire libre e hidromasaje, sal\u00f3n ejecutivo, gimnasio, restaurante y piano bar, servicio de Spa y sal\u00f3n de belleza.<\/p>\n<p>En su oportunidad, <strong>Shawn McAteer<\/strong>, vicepresidente de Gesti\u00f3n de la Marca se\u00f1al\u00f3: \u201cubicada en un valle rodeado de monta\u00f1as, Medell\u00edn sigue siendo reconocida mundialmente como una de las ciudades m\u00e1s innovadoras del mundo. La firma del acuerdo de <em>Hilton Medell\u00edn<\/em> representa un hito importante en una regi\u00f3n clave y ampl\u00eda nuestra presencia total en este creciente destino de Am\u00e9rica Latina\u201d.<\/p>\n<p><em><a href=\"mailto:victoriagprado@gmail.com\" target=\"_blank\">victoriagprado@gmail.com<\/a><\/em><br \/>\n<em>Twitter:\u00a0<a href=\"https:\/\/twitter.com\/victoriagprado\" target=\"_blank\">@victoriagprado<\/a><\/em><\/p>\n","protected":false},"excerpt":{"rendered":"<p>Hyatt Andares Guadalajara, el cuarto hotel en M\u00e9xico de la marca y con el que regresa a la Perla Tapat\u00eda abri\u00f3 sus puertas como parte del desarrollo de uso mixto Andares, un exitoso complejo comercial de lujo.<\/p>\n","protected":false},"author":3,"featured_media":315030,"comment_status":"open","ping_status":"open","sticky":false,"template":"","format":"standard","meta":{"_monsterinsights_skip_tracking":false,"_monsterinsights_sitenote_active":false,"_monsterinsights_sitenote_note":"","_monsterinsights_sitenote_category":0,"footnotes":""},"categories":[11],"tags":[107,43674,43681,106],"class_list":["post-314977","post","type-post","status-publish","format-standard","has-post-thumbnail","hentry","category-turismo","tag-de-cinco-estrellas","tag-opinion","tag-turismo","tag-victoria-gonzalez-prado"],"_links":{"self":[{"href":"https:\/\/www.diarioimagen.net\/index.php?rest_route=\/wp\/v2\/posts\/314977","targetHints":{"allow":["GET"]}}],"collection":[{"href":"https:\/\/www.diarioimagen.net\/index.php?rest_route=\/wp\/v2\/posts"}],"about":[{"href":"https:\/\/www.diarioimagen.net\/index.php?rest_route=\/wp\/v2\/types\/post"}],"author":[{"embeddable":true,"href":"https:\/\/www.diarioimagen.net\/index.php?rest_route=\/wp\/v2\/users\/3"}],"replies":[{"embeddable":true,"href":"https:\/\/www.diarioimagen.net\/index.php?rest_route=%2Fwp%2Fv2%2Fcomments&post=314977"}],"version-history":[{"count":0,"href":"https:\/\/www.diarioimagen.net\/index.php?rest_route=\/wp\/v2\/posts\/314977\/revisions"}],"wp:featuredmedia":[{"embeddable":true,"href":"https:\/\/www.diarioimagen.net\/index.php?rest_route=\/wp\/v2\/media\/315030"}],"wp:attachment":[{"href":"https:\/\/www.diarioimagen.net\/index.php?rest_route=%2Fwp%2Fv2%2Fmedia&parent=314977"}],"wp:term":[{"taxonomy":"category","embeddable":true,"href":"https:\/\/www.diarioimagen.net\/index.php?rest_route=%2Fwp%2Fv2%2Fcategories&post=314977"},{"taxonomy":"post_tag","embeddable":true,"href":"https:\/\/www.diarioimagen.net\/index.php?rest_route=%2Fwp%2Fv2%2Ftags&post=314977"}],"curies":[{"name":"wp","href":"https:\/\/api.w.org\/{rel}","templated":true}]}}